{"id":6727,"date":"2026-08-15T10:55:15","date_gmt":"2026-08-15T13:55:15","guid":{"rendered":"https:\/\/diadianews.com\/index.php\/2026\/08\/15\/sesi-premia-trabalhos-de-iniciacao-cientifica-e-literatura\/"},"modified":"2026-08-15T10:55:15","modified_gmt":"2026-08-15T13:55:15","slug":"sesi-premia-trabalhos-de-iniciacao-cientifica-e-literatura","status":"publish","type":"post","link":"http:\/\/diadianews.com\/index.php\/2026\/08\/15\/sesi-premia-trabalhos-de-iniciacao-cientifica-e-literatura\/","title":{"rendered":"Sesi premia trabalhos de Inicia\u00e7\u00e3o Cient\u00edfica e Literatura"},"content":{"rendered":"<div>\n<p class=\"wp-block-paragraph\">Entre perguntas e hist\u00f3rias, FICSesi e Flise celebram estudantes que transformam curiosidade em conhecimento<\/p>\n<p><em>Feiras re\u00fanem estudantes em experi\u00eancias que valorizam pesquisa, autoria, pensamento cr\u00edtico e compet\u00eancias essenciais para o futuro<\/em><\/p>\n<p class=\"wp-block-paragraph\">Ideias que come\u00e7am em sala de aula ganharam novos espa\u00e7os, formatos e possibilidades durante o Festival Regional Sesi de Educa\u00e7\u00e3o 2026. <\/p>\n<p class=\"wp-block-paragraph\">A programa\u00e7\u00e3o reuniu estudantes, professores e comunidade escolar em torno de duas iniciativas que colocam o aluno como protagonista da pr\u00f3pria aprendizagem: a <strong>Feira de Inicia\u00e7\u00e3o Cient\u00edfica do Sesi Paran\u00e1 (FICSesi)<\/strong> e a <strong>Feira Liter\u00e1ria do Sesi (Flise)<\/strong>.<\/p>\n<p class=\"wp-block-paragraph\">Ci\u00eancia, investiga\u00e7\u00e3o, criatividade, leitura, express\u00e3o e capacidade de comunicar ideias estiveram entre os elementos que marcaram o encontro. <\/p>\n<p class=\"wp-block-paragraph\">As atividades refletem uma proposta de Educa\u00e7\u00e3o B\u00e1sica que aproxima o conhecimento de situa\u00e7\u00f5es reais e estimula os estudantes a perguntar, pesquisar, criar, argumentar, trabalhar em equipe e encontrar caminhos para diferentes desafios.<\/p>\n<p class=\"wp-block-paragraph\">\u00c9 uma forma\u00e7\u00e3o que come\u00e7a na escola, mas olha para o futuro. Ao desenvolver autonomia, pensamento cr\u00edtico, comunica\u00e7\u00e3o e capacidade de resolu\u00e7\u00e3o de problemas, os estudantes constroem compet\u00eancias importantes tanto para a continuidade da vida acad\u00eamica quanto para o mundo do trabalho.<\/p>\n<p class=\"wp-block-paragraph\">Para Hugo Molina, superintendente do Sesi Paran\u00e1, o Festival torna vis\u00edvel uma concep\u00e7\u00e3o de educa\u00e7\u00e3o que prepara os estudantes para participar ativamente das transforma\u00e7\u00f5es da sociedade.<\/p>\n<p class=\"wp-block-paragraph\">\u201cQuando criamos oportunidades para que os estudantes pesquisem, desenvolvam ideias, experimentem e apresentem suas pr\u00f3prias solu\u00e7\u00f5es, estamos fortalecendo compet\u00eancias que ser\u00e3o fundamentais ao longo de toda a vida. O Festival mostra a pot\u00eancia da Educa\u00e7\u00e3o B\u00e1sica do Sesi em formar jovens preparados para aprender continuamente, trabalhar de forma colaborativa e enfrentar os desafios de um mundo em constante transforma\u00e7\u00e3o\u201d, afirma.<\/p>\n<p class=\"wp-block-paragraph\">FICSesi transforma perguntas em pesquisa e solu\u00e7\u00f5esNa <strong>Feira de Inicia\u00e7\u00e3o Cient\u00edfica do Sesi Paran\u00e1 \u2013 FICSesi 2026<\/strong>, a curiosidade ganhou m\u00e9todo.<\/p>\n<p class=\"wp-block-paragraph\">A edi\u00e7\u00e3o reuniu <strong>170 equipes e 551 participantes, entre estudantes e professores<\/strong>, com trabalhos relacionados a Ci\u00eancias Humanas e Sociais, Ci\u00eancias da Natureza, Engenharias e Empreendedorismo.<\/p>\n<p class=\"wp-block-paragraph\">As pesquisas abordaram quest\u00f5es que v\u00e3o de sustentabilidade e aproveitamento de res\u00edduos \u00e0 sa\u00fade, agricultura, comportamento, tecnologia e desenvolvimento de novos materiais. <\/p>\n<p class=\"wp-block-paragraph\">Temas diferentes, mas conectados por uma mesma l\u00f3gica: identificar problemas, investigar possibilidades e construir respostas com base no conhecimento.<\/p>\n<p class=\"wp-block-paragraph\">Convidado para a abertura do evento, Iber\u00ea Then\u00f3rio, criador do Manual do Mundo, destacou a qualidade e a diversidade dos assuntos investigados pelos estudantes: \u201co que chama aten\u00e7\u00e3o \u00e9 a qualidade dos temas escolhidos e a forma como os estudantes conseguem olhar para quest\u00f5es que fazem parte da vida das pessoas e transform\u00e1-las em pesquisa. S\u00e3o trabalhos sobre sustentabilidade, sa\u00fade, tecnologia, comportamento e tantos outros assuntos relevantes. Ver jovens investigando temas t\u00e3o atuais mostra que a ci\u00eancia pode come\u00e7ar cedo, a partir da curiosidade e da vontade de entender melhor o mundo\u201d.<\/p>\n<p class=\"wp-block-paragraph\">O percurso coloca em pr\u00e1tica compet\u00eancias trabalhadas na Educa\u00e7\u00e3o B\u00e1sica do Sesi. Os estudantes precisam elaborar perguntas, testar hip\u00f3teses, analisar resultados, defender escolhas e comunicar suas descobertas. O processo fortalece autonomia, criatividade, argumenta\u00e7\u00e3o, colabora\u00e7\u00e3o e pensamento cr\u00edtico.<\/p>\n<p class=\"wp-block-paragraph\">Segundo Raquel do Nascimento, Gerente S\u00eanior de Educa\u00e7\u00e3o B\u00e1sica e Cultura do Sesi Paran\u00e1, a experi\u00eancia ajuda a materializar uma metodologia em que o estudante participa ativamente da constru\u00e7\u00e3o do conhecimento.<\/p>\n<p class=\"wp-block-paragraph\">\u201cQueremos que o estudante compreenda que aprender tamb\u00e9m \u00e9 investigar, questionar, testar caminhos, trabalhar em equipe e comunicar aquilo que descobriu. Quando ele ocupa esse papel ativo, o conhecimento ganha significado. A FICSesi e a Flise mostram, na pr\u00e1tica, uma metodologia que estimula autoria, autonomia e capacidade de transformar ideias em solu\u00e7\u00f5es\u201d, diz Raquel.<\/p>\n<p class=\"wp-block-paragraph\">A presen\u00e7a feminina tamb\u00e9m se destacou nesta edi\u00e7\u00e3o: 53% das pesquisas foram desenvolvidas por meninas e 47% por meninos, ampliando a participa\u00e7\u00e3o das estudantes na produ\u00e7\u00e3o cient\u00edfica desde a Educa\u00e7\u00e3o B\u00e1sica.<\/p>\n<p class=\"wp-block-paragraph\">Outra novidade foi a participa\u00e7\u00e3o da Educa\u00e7\u00e3o de Jovens e Adultos (EJA), respons\u00e1vel por 27 trabalhos desenvolvidos em diferentes unidades do Sesi Paran\u00e1. Ao todo, 60 avaliadores acompanharam as apresenta\u00e7\u00f5es.<\/p>\n<p class=\"wp-block-paragraph\">Para Ana, avaliadora da FICSesi 2026, o n\u00edvel dos trabalhos apresentados evidenciou a prepara\u00e7\u00e3o dos estudantes e a contribui\u00e7\u00e3o da metodologia adotada pelo Sesi para sua forma\u00e7\u00e3o: \u201cos trabalhos deste ano superaram as expectativas. <\/p>\n<p class=\"wp-block-paragraph\">Encontramos estudantes muito preparados, capazes de pesquisar, argumentar e propor solu\u00e7\u00f5es para problemas reais. Isso demonstra a for\u00e7a da metodologia do Sesi para desenvolver compet\u00eancias e formar os profissionais do futuro, preparados para lidar com desafios que exigem conhecimento, criatividade e capacidade de inova\u00e7\u00e3o\u201d, afirma.<\/p>\n<p class=\"wp-block-paragraph\">Premiados da FICSesi 2026<\/p>\n<p class=\"wp-block-paragraph\">Educa\u00e7\u00e3o Infantil<strong>1\u00ba lugar<\/strong> <strong>Os Guardi\u00f5es da Natureza<\/strong> \u2013 Col\u00e9gio Sesi da Ind\u00fastria de Marechal C\u00e2ndido Rondon.<br \/>Mentes Criativas<strong>1\u00ba lugar<\/strong> <strong>Sistema de irriga\u00e7\u00e3o sustent\u00e1vel utilizando placa solar<\/strong> \u2013 Trilhas do Futuro.<strong>2\u00ba lugar<\/strong> <strong>Tampinhas do Bem: unindo ci\u00eancia com consci\u00eancia ambiental e social na escola<\/strong> \u2013 Escola Municipal Irm\u00e3 Rosalina.\u00a0<strong>3\u00ba lugar<\/strong> <strong>Biociclo<\/strong> \u2013 Escola Municipal Irm\u00e3 Neli.<\/p>\n<p class=\"wp-block-paragraph\">Ensino Fundamental \u2013 Anos Finais<strong>1\u00ba lugar<\/strong> <strong>Biodiesel a Partir do Uso de \u00d3leo Residual: Uma Possibilidade Sustent\u00e1vel<\/strong> \u2013 Col\u00e9gio Interativa.<strong>2\u00ba lugar<\/strong> <strong>Cyberbullying: Uma Amea\u00e7a Virtual com Consequ\u00eancias Reais<\/strong> \u2013 Col\u00e9gio Interativa.<strong>3\u00ba lugar<\/strong> <strong>Uso de diferentes extratos vegetais no controle do fungo Aspergillus niger causador do mofo preto da cebola \u2013 Fase III<\/strong> \u2013 Col\u00e9gio Estadual Jardim Porto Alegre.<\/p>\n<p class=\"wp-block-paragraph\">Educa\u00e7\u00e3o de Jovens e Adultos (EJA)<strong>1\u00ba lugar<\/strong> <strong>A cidadania na palma da m\u00e3o: inclus\u00e3o digital e desburocratiza\u00e7\u00e3o documental para trabalhadores da EJA com jornadas flex\u00edveis<\/strong> \u2013 Col\u00e9gio Sesi da Ind\u00fastria de Marechal C\u00e2ndido Rondon.<strong>2\u00ba lugar<\/strong> <strong>Panorama do descarte e potencial de reaproveitamento de vidro no munic\u00edpio de Guarapuava-PR<\/strong> \u2013 Col\u00e9gio Sesi da Ind\u00fastria de Guarapuava.<strong>3\u00ba lugar<\/strong> <strong>Horta escolar: compara\u00e7\u00e3o anal\u00edtica no desenvolvimento de alfaces com insumos sint\u00e9ticos e naturais<\/strong> \u2013 Escola Sesi de Refer\u00eancia de Afonso Pena.<\/p>\n<p class=\"wp-block-paragraph\">Ensino M\u00e9dio \u2013 Ci\u00eancias Humanas e Sociais\u00a0<strong>1\u00ba lugar<\/strong> <strong>Depend\u00eancia emocional de crian\u00e7as institucionalizadas: proposi\u00e7\u00e3o de classes de comportamento a serem desempenhadas por assistentes sociais em abrigos<\/strong> \u2013 Col\u00e9gio Interativa.<strong>2\u00ba lugar<\/strong> <strong>G\u00eanias em Jogo: uma proposta l\u00fadica para a valoriza\u00e7\u00e3o de mulheres na Ci\u00eancia<\/strong> -Col\u00e9gio Sesi de Refer\u00eancia de Maring\u00e1.<strong>3\u00ba lugar<\/strong> <strong>O Design como Ferramenta de Sa\u00fade P\u00fablica: Diretrizes Visuais para Embalagens de Ultraprocessados<\/strong> \u2013 Col\u00e9gio Sesi da Ind\u00fastria \u2013 Boqueir\u00e3o.<\/p>\n<p class=\"wp-block-paragraph\">Ensino M\u00e9dio \u2013 Ci\u00eancias da Natureza<strong>1\u00ba lugar<\/strong> <strong>Prospec\u00e7\u00e3o de Bioatividade Geral In Silico: Triagem Virtual e Docking Molecular de Alcaloides Isoquinol\u00ednicos<\/strong> \u2013 Col\u00e9gio Sesi Amazonas.<strong>2\u00ba lugar<\/strong> <strong>POLITINTA: Tinta \u00e0 base de poliestireno expandido residual \u2013 Fase II<\/strong> \u2013 Col\u00e9gio Sesi da Ind\u00fastria de Santo Ant\u00f4nio da Platina.<strong>3\u00ba lugar<\/strong> <strong>Suplemento alimentar para dietas pobres em micro e macronutrientes: GreenNutri<\/strong> \u2013 Col\u00e9gio Sesi Internacional de Curitiba.<\/p>\n<p class=\"wp-block-paragraph\">Ensino M\u00e9dio \u2013 Engenharias<\/p>\n<p class=\"wp-block-paragraph\"><strong>1\u00ba lugar<\/strong> <strong>ECOCERF \u2013 Desenvolvimento de biocomp\u00f3sito h\u00edbrido lignocelul\u00f3sico sustent\u00e1vel a partir de res\u00edduos industriais de serragem e porcelana<\/strong> \u2013 Col\u00e9gio Sesi da Ind\u00fastria de Campo Largo.<\/p>\n<p class=\"wp-block-paragraph\"><strong>2\u00ba lugar<\/strong> <strong>PINH\u00c3ONEIROS: Um Comp\u00f3sito Polim\u00e9rico Lignocelul\u00f3sico a partir dos Res\u00edduos do Pinh\u00e3o \u2013 Fase II<\/strong> \u2013 Col\u00e9gio Sesi da Ind\u00fastria de Francisco Beltr\u00e3o.<\/p>\n<p class=\"wp-block-paragraph\"><strong>3\u00ba lugar<\/strong> <strong>CitroBio: Bioinseticida sustent\u00e1vel a partir de cascas de laranja (limoneno) associado a Beauveria bassiana para controle de pragas agr\u00edcolas<\/strong> \u2013 Col\u00e9gio Sesi da Ind\u00fastria de Santo Ant\u00f4nio da Platina.<\/p>\n<p class=\"wp-block-paragraph\">Ensino M\u00e9dio \u2013 Empreendedorismo<\/p>\n<p class=\"wp-block-paragraph\"><strong>1\u00ba lugar<\/strong> <strong>Mordidas Nutritivas \u2013 Desenvolvimento e an\u00e1lise de um petisco funcional de baixo custo para c\u00e3es com car\u00eancia nutricional utilizando legumes que seriam descartados \u2013 Fase II<\/strong> \u2013 Col\u00e9gio Sesi da Ind\u00fastria de Campo Largo.<\/p>\n<p class=\"wp-block-paragraph\"><strong>2\u00ba lugar<\/strong> <strong>Produ\u00e7\u00e3o de biofertilizante a partir de res\u00edduos de trigo e bovinos como alternativa sustent\u00e1vel de baixo custo para a agricultura familiar<\/strong> \u2013 Col\u00e9gio Sesi da Ind\u00fastria de Campo Mour\u00e3o.<\/p>\n<p class=\"wp-block-paragraph\"><strong>3\u00ba lugar<\/strong> <strong>RETEISO: Reutiliza\u00e7\u00e3o de res\u00edduos t\u00eaxteis para isolamento t\u00e9rmico e ac\u00fastico \u2013 Segunda Fase<\/strong> \u2013 Col\u00e9gio Sesi da Ind\u00fastria \u2013 Boqueir\u00e3o.<\/p>\n<p class=\"wp-block-paragraph\">Classifica\u00e7\u00e3o geral do Ensino M\u00e9dio<\/p>\n<p class=\"wp-block-paragraph\"><strong>1\u00ba lugar \u2013 <em>credencial para a FEBRACE 2027<\/em><\/strong> <strong>ECOCERF \u2013 Desenvolvimento de biocomp\u00f3sito h\u00edbrido lignocelul\u00f3sico sustent\u00e1vel a partir de res\u00edduos industriais de serragem e porcelana<\/strong> \u2014 Col\u00e9gio Sesi da Ind\u00fastria de Campo Largo.<\/p>\n<p class=\"wp-block-paragraph\"><strong>2\u00ba lugar \u2013 <em>vaga na MOSTRATEC 2026<\/em><\/strong> <strong>Prospec\u00e7\u00e3o de Bioatividade Geral In Silico: Triagem Virtual e Docking Molecular de Alcaloides Isoquinol\u00ednicos<\/strong> \u2014 Col\u00e9gio Sesi Amazonas.<\/p>\n<p class=\"wp-block-paragraph\"><strong>3\u00ba lugar<\/strong> <strong>Depend\u00eancia emocional de crian\u00e7as institucionalizadas: proposi\u00e7\u00e3o de classes de comportamento a serem desempenhadas por assistentes sociais em abrigos<\/strong> \u2014 Col\u00e9gio Interativa.<\/p>\n<p class=\"wp-block-paragraph\">Flise valoriza autoria, criatividade e express\u00e3o dos estudantes<\/p>\n<p class=\"wp-block-paragraph\">Se na FICSesi os estudantes transformaram perguntas em pesquisa, na <strong>Flise \u2013 Feira Liter\u00e1ria do Sesi<\/strong>, palavras, mem\u00f3rias e diferentes formas de enxergar o mundo ganharam espa\u00e7o.<\/p>\n<p class=\"wp-block-paragraph\">Integrando a programa\u00e7\u00e3o da feira, o <strong>Pr\u00eamio Sesi de Literatura 2026<\/strong> mobilizou estudantes dos Col\u00e9gios Sesi em torno da leitura e da escrita autoral. <\/p>\n<p class=\"wp-block-paragraph\">Nesta edi\u00e7\u00e3o, foram recebidas <strong>mais de 150 produ\u00e7\u00f5es liter\u00e1rias<\/strong>, nas categorias Conto, Cr\u00f4nica e Poesia, divididas entre os Anos Iniciais e os Anos Finais do Ensino Fundamental.<\/p>\n<p class=\"wp-block-paragraph\">Com o tema <strong>\u201cHist\u00f3rias que Moldam o Mundo: Ancestralidade, Regionalismos e Futuro\u201d<\/strong>, os estudantes foram convidados a revisitar mem\u00f3rias, reconhecer origens, explorar identidades e imaginar novos futuros por meio da literatura.<\/p>\n<p class=\"wp-block-paragraph\">Os textos passaram pela avalia\u00e7\u00e3o de uma banca especializada, que considerou crit\u00e9rios como adequa\u00e7\u00e3o lingu\u00edstica, coer\u00eancia e coes\u00e3o, criatividade, originalidade, abordagem do tema e dom\u00ednio do g\u00eanero liter\u00e1rio. <\/p>\n<p class=\"wp-block-paragraph\">Como reconhecimento \u00e0 produ\u00e7\u00e3o dos jovens autores, os textos finalistas e os dez melhores de cada categoria tamb\u00e9m far\u00e3o parte de uma colet\u00e2nea.<\/p>\n<p class=\"wp-block-paragraph\">Premiados da Flise 2026 \u2013 Pr\u00eamio Sesi de Literatura<\/p>\n<p class=\"wp-block-paragraph\">Ensino Fundamental \u2013 Anos IniciaisConto<\/p>\n<p class=\"wp-block-paragraph\"><strong>1\u00ba lugar \u2013 A Pedra do Poder<\/strong> <strong>Otto Salles Selicani<\/strong> Professor orientador: Rodrigo Soares Martins Unidade Port\u00e3o<\/p>\n<p class=\"wp-block-paragraph\"><strong>2\u00ba lugar \u2013 Segredos de Fam\u00edlia<\/strong> <strong>Luca Toaldo Pinheiro Machado<\/strong> Professora orientadora: Jaqueline Jaskin de Oliveira Unidade Port\u00e3o<\/p>\n<p class=\"wp-block-paragraph\"><strong>3\u00ba lugar \u2013 Da Rua para a Casa<\/strong> <strong>Isabella Alcantara Dalla Vecchia<\/strong> Professora orientadora: Jaqueline Jaskin de Oliveira Unidade Port\u00e3o<\/p>\n<p class=\"wp-block-paragraph\">Cr\u00f4nica<\/p>\n<p class=\"wp-block-paragraph\"><strong>1\u00ba lugar \u2013 In\u00edcio do Bairro Port\u00e3o<\/strong> <strong>Francisco Duarte Ribas<\/strong> Professora orientadora: Jaqueline Jaskin de Oliveira<\/p>\n<p class=\"wp-block-paragraph\"><strong>2\u00ba lugar \u2013 Cem Anos Atr\u00e1s<\/strong> <strong>Enrico Figueiredo Wolski<\/strong> Professora orientadora: Jaqueline Jaskin de Oliveira<\/p>\n<p class=\"wp-block-paragraph\"><strong>3\u00ba lugar \u2013 O \u00d4nibus da Manh\u00e3<\/strong> <strong>Bernardo de Vitor Vieira Nogueira<\/strong> Professora orientadora: Sara Santana<br \/>Poesia<\/p>\n<p class=\"wp-block-paragraph\"><strong>1\u00ba lugar \u2013 Passado, Presente, Futuro<\/strong> <strong>Alexia Gorges do Nascimento<\/strong> Professora orientadora: Ana Carolina Caron Barros<\/p>\n<p class=\"wp-block-paragraph\"><strong>2\u00ba lugar \u2013 O Texto do Futuro<\/strong> <strong>Mateus Benetti<\/strong> Professora orientadora: Rafaela Metzger<\/p>\n<p class=\"wp-block-paragraph\"><strong>3\u00ba lugar \u2013 O Bal\u00e3o<\/strong> <strong>Sophie Oniesko Rodrigues<\/strong> Professora orientadora: Sara Cristina de Almeida Santana<br \/>Men\u00e7\u00e3o Honrosa<\/p>\n<p class=\"wp-block-paragraph\"><strong>Nosso Passado \u00e9 o que nos Forma<\/strong> <strong>Livia Ovsianny Moreira<\/strong> Professora orientadora: Ana Carolina Caron Barros Unidade Port\u00e3o<br \/>A produ\u00e7\u00e3o recebeu a <strong>Men\u00e7\u00e3o Honrosa<\/strong> por se destacar pela sensibilidade, criatividade e relev\u00e2ncia tem\u00e1tica.<\/p>\n<p class=\"wp-block-paragraph\">Ensino Fundamental \u2013 Anos FinaisConto<\/p>\n<p class=\"wp-block-paragraph\"><strong>1\u00ba lugar \u2013 Vozes de Outro Tempo<\/strong> <strong>Tarsila Rodrigues Silva Oliveira<\/strong> Professor orientador: Leonardo Busato<\/p>\n<p class=\"wp-block-paragraph\"><strong>2\u00ba lugar \u2013 O Lar do Sr. Vaso<\/strong> <strong>Nicole Kasprzak Pereira<\/strong> Professor orientador: Leonardo Busato<\/p>\n<p class=\"wp-block-paragraph\"><strong>3\u00ba lugar \u2013 Algo com Mem\u00f3rias<\/strong> <strong>J\u00falia Peiter Wenggen<\/strong> Professora orientadora: Marina Daga<br \/>Cr\u00f4nica<\/p>\n<p class=\"wp-block-paragraph\"><strong>1\u00ba lugar \u2013 As Fotos da Av\u00f3<\/strong> <strong>Giovana Brisola Duarte<\/strong> Professora orientadora: Nat\u00e1lia de Souza Kretzl<\/p>\n<p class=\"wp-block-paragraph\"><strong>2\u00ba lugar \u2013 O Caf\u00e9 em Fam\u00edlia<\/strong> <strong>Clara Gomes Laso<\/strong> Professora orientadora: Nat\u00e1lia de Souza Kretzl<\/p>\n<p class=\"wp-block-paragraph\"><strong>3\u00ba lugar \u2013 O Dia em que o Medo Virou Lembran\u00e7a<\/strong> <strong>Yago Teixeira Polli<\/strong> Professora orientadora: Luana Cristina Gon\u00e7alves<br \/>Poesia<\/p>\n<p class=\"wp-block-paragraph\"><strong>1\u00ba lugar \u2013 Iorub\u00e1<\/strong> <strong>Gabriela Macanhan Lodi<\/strong> Professor orientador: Leonardo Busato<\/p>\n<p class=\"wp-block-paragraph\"><strong>2\u00ba lugar \u2013 Hist\u00f3rias que Moldam o Mundo<\/strong> <strong>Ana Clara Vieira dos Santos<\/strong> Professora orientadora: Carina Samira Furlan<\/p>\n<p class=\"wp-block-paragraph\"><strong>3\u00ba lugar \u2013 Tradi\u00e7\u00e3o com Liberdade e Respeito<\/strong> <strong>Heloisa Voigt Nogueira<\/strong> Professora orientadora: Marina Daga<br \/>Diferentes experi\u00eancias, uma mesma proposta de educa\u00e7\u00e3oFICSesi e Flise mostram caminhos distintos pelos quais os estudantes podem assumir o protagonismo de sua aprendizagem.<\/p>\n<p class=\"wp-block-paragraph\">Em uma feira, uma pergunta pode se transformar em hip\u00f3tese, experimento e descoberta. Na outra, ideias encontram espa\u00e7o para ganhar linguagem, autoria e express\u00e3o.<\/p>\n<p class=\"wp-block-paragraph\">Em ambas, o estudante precisa pesquisar, interpretar, criar, fazer escolhas, argumentar e compartilhar aquilo que construiu.<\/p>\n<p class=\"wp-block-paragraph\">Ao final dos eventos, os trof\u00e9us, certificados e classifica\u00e7\u00f5es ajudam a contar uma parte dessa hist\u00f3ria. Alguns resultados j\u00e1 puderam ser comemorados ali mesmo, com trabalhos reconhecidos, estudantes premiados e oportunidades conquistadas para representar a escola em novos espa\u00e7os. <\/p>\n<p class=\"wp-block-paragraph\">Outros, por\u00e9m, come\u00e7am a aparecer de formas que n\u00e3o cabem em um p\u00f3dio: na confian\u00e7a para apresentar uma ideia, na curiosidade que vira pesquisa, na autonomia para fazer escolhas e na vontade de seguir aprendendo.<\/p>\n<p class=\"wp-block-paragraph\"><strong>\u00c9 essa forma\u00e7\u00e3o que o Sesi busca construir todos os dias. <\/strong><\/p>\n<p class=\"wp-block-paragraph\"><strong>Uma educa\u00e7\u00e3o que prepara para o vestibular, para a universidade e para o mundo do trabalho, mas tamb\u00e9m para a vida, formando estudantes capazes de pensar, criar, argumentar, colaborar e transformar aquilo que aprendem em possibilidades concretas.<\/strong><\/p>\n<p class=\"wp-block-paragraph\">Na FICSesi e na Flise, parte desses frutos j\u00e1 foi colhida. E talvez o mais bonito seja perceber que muitos outros ainda est\u00e3o s\u00f3 come\u00e7ando.<\/p>\n<p class=\"wp-block-paragraph\">Torne seu filho um Sesi Maker<\/p>\n<p class=\"wp-block-paragraph\">As matr\u00edculas para 2027 da Educa\u00e7\u00e3o B\u00e1sica do Sesi j\u00e1 est\u00e3o abertas. <\/p>\n<p class=\"wp-block-paragraph\">Acesse e saiba mais. <\/p>\n<p class=\"wp-block-paragraph\">Para <a href=\"https:\/\/click.knewin360.com\/Click\/click\/eyJhbGciOiJIUzI1NiIsInR5cCI6IkpXVCJ9.eyJjYW1wYWlnbklkIjoiMjFiMzMxYjUtODIxOC00YTA0LTM0ZDYtMDhkZWY0MzNhYmU2IiwicGVyc29uSWQiOiI0Zjg4YTQwMC0wMGNkLTRhNzgtODhiYS05YzhlZjllNDRhNjUiLCJlbWFpbCI6ImpyZGlhZGlhQHRlcnJhLmNvbS5iciIsInVybCI6Imh0dHBzOi8vZWR1LnNlc2lwci5vcmcuYnIvcHQvd2ViL2NvbGVnaW8tc2VzaS9uYWNpb25hbCIsImlzU2VnbWVudGF0aW9uIjoiVHJ1ZSIsIm5iZiI6MTc4Njc5NDg5OSwiZXhwIjoxNzg5Mzg2ODk5LCJpYXQiOjE3ODY3OTQ4OTl9.od3vSiUqPXiV09JAJ2N5CbAJT2HNP1ax8A2QPI76JgY\" target=\"_blank\" rel=\"noreferrer noopener\">Educa\u00e7\u00e3o B\u00e1sica da Ind\u00fastria<\/a>. <\/p>\n<p class=\"wp-block-paragraph\">E para <a href=\"https:\/\/click.knewin360.com\/Click\/click\/eyJhbGciOiJIUzI1NiIsInR5cCI6IkpXVCJ9.eyJjYW1wYWlnbklkIjoiMjFiMzMxYjUtODIxOC00YTA0LTM0ZDYtMDhkZWY0MzNhYmU2IiwicGVyc29uSWQiOiI0Zjg4YTQwMC0wMGNkLTRhNzgtODhiYS05YzhlZjllNDRhNjUiLCJlbWFpbCI6ImpyZGlhZGlhQHRlcnJhLmNvbS5iciIsInVybCI6Imh0dHBzOi8vZWR1LnNlc2lwci5vcmcuYnIvcHQvd2ViL2NvbGVnaW8tc2VzaS9pbnRlcm5hY2lvbmFsIiwiaXNTZWdtZW50YXRpb24iOiJUcnVlIiwibmJmIjoxNzg2Nzk0ODk5LCJleHAiOjE3ODkzODY4OTksImlhdCI6MTc4Njc5NDg5OX0.88VnuZu8fiG9sihsvdMktUlxeUNLOreHWSEC-d1d-k4\" target=\"_blank\" rel=\"noreferrer noopener\">Educa\u00e7\u00e3o B\u00e1sica Internacional<\/a>.<\/p>\n<p class=\"wp-block-paragraph\">Crys K\u00fchl<\/p>\n<p>41 99626-3401 | crystian.kuhl@sistemafiep.com.br<\/p>\n<p><!-- bloco-portais-jbr --><\/p>\n<div class=\"box-portais-jbr\" style=\"border:1px solid #e0e0e0;padding:16px 18px;margin:24px 0;border-radius:8px;background:#f9f9f9;font-size:0.95rem;\">\n<p style=\"margin:0 0 10px 0;font-weight:600;\">\n        Continue sempre bem informado acessando nossos portais:\n    <\/p>\n<ul style=\"margin:0;padding-left:20px;\">\n<li style=\"margin-bottom:8px;\">\n            <strong><a href=\"https:\/\/jornaldiadia.com.br\/\" target=\"_blank\" rel=\"noopener\" style=\"text-decoration:none;\">Jornal Dia Dia<\/a><\/strong> \u2013<br \/>\n            Sua fonte confi\u00e1vel para as melhores not\u00edcias e artigos \u00fateis. Fique por dentro dos acontecimentos mais importantes, dicas pr\u00e1ticas e conte\u00fados de qualidade.\n        <\/li>\n<li style=\"margin-bottom:8px;\">\n            <strong><a href=\"https:\/\/jbr.jor.br\/\" target=\"_blank\" rel=\"noopener\" style=\"text-decoration:none;\">Jornal Brasil Regional (JBR)<\/a><\/strong> \u2013<br \/>\n            O pulso do pa\u00eds em tempo real. Not\u00edcias nacionais, regionais e internacionais com \u00e9tica e credibilidade.\n        <\/li>\n<li style=\"margin-bottom:8px;\">\n            <strong><a href=\"https:\/\/castilho.jor.br\/\" target=\"_blank\" rel=\"noopener\" style=\"text-decoration:none;\">Castilho Not\u00edcias (News)<\/a><\/strong> \u2013<br \/>\n            O seu di\u00e1rio local com cobertura de Castilho e Regi\u00e3o (SP). Jornalismo com credibilidade.\n        <\/li>\n<li style=\"margin-bottom:8px;\">\n            <strong><a href=\"https:\/\/casaejardim.net.br\/\" target=\"_blank\" rel=\"noopener\" style=\"text-decoration:none;\">Casa e Jardim<\/a><\/strong> \u2013<br \/>\n            Dicas exclusivas sobre decora\u00e7\u00e3o, jardinagem, arquitetura, DIY, reformas e muito mais. Tend\u00eancias, solu\u00e7\u00f5es pr\u00e1ticas e ideias criativas para todos os estilos e or\u00e7amentos.\n        <\/li>\n<li style=\"margin-bottom:0;\">\n            <strong><a href=\"https:\/\/b10.net.br\/\" target=\"_blank\" rel=\"noopener\" style=\"text-decoration:none;\">B10 Brasil<\/a><\/strong> \u2013<br \/>\n            As principais not\u00edcias, an\u00e1lises e insights sobre neg\u00f3cios, economia e soberania nacional. Conectando o Brasil ao mundo com intelig\u00eancia e estrat\u00e9gia.\n        <\/li>\n<\/ul>\n<\/div>\n<p><!-- \/bloco-portais-jbr --><\/div>\n","protected":false},"excerpt":{"rendered":"<p>Entre perguntas e hist\u00f3rias, FICSesi e Flise celebram estudantes que transformam curiosidade em conhecimento Feiras re\u00fanem estudantes em experi\u00eancias que valorizam pesquisa, autoria, pensamento cr\u00edtico e compet\u00eancias essenciais para o futuro Ideias que come\u00e7am em sala de aula ganharam novos espa\u00e7os, formatos e possibilidades durante o Festival Regional Sesi de<span class=\"more-link\"><a href=\"http:\/\/diadianews.com\/index.php\/2026\/08\/15\/sesi-premia-trabalhos-de-iniciacao-cientifica-e-literatura\/\">Continue Reading<\/a><\/span><\/p>\n","protected":false},"author":1,"featured_media":6728,"comment_status":"closed","ping_status":"closed","sticky":false,"template":"","format":"standard","meta":{"footnotes":""},"categories":[1],"tags":[],"class_list":["entry","author-valdei","post-6727","post","type-post","status-publish","format-standard","has-post-thumbnail","category-news-do-dia"],"_links":{"self":[{"href":"http:\/\/diadianews.com\/index.php\/wp-json\/wp\/v2\/posts\/6727","targetHints":{"allow":["GET"]}}],"collection":[{"href":"http:\/\/diadianews.com\/index.php\/wp-json\/wp\/v2\/posts"}],"about":[{"href":"http:\/\/diadianews.com\/index.php\/wp-json\/wp\/v2\/types\/post"}],"author":[{"embeddable":true,"href":"http:\/\/diadianews.com\/index.php\/wp-json\/wp\/v2\/users\/1"}],"replies":[{"embeddable":true,"href":"http:\/\/diadianews.com\/index.php\/wp-json\/wp\/v2\/comments?post=6727"}],"version-history":[{"count":0,"href":"http:\/\/diadianews.com\/index.php\/wp-json\/wp\/v2\/posts\/6727\/revisions"}],"wp:featuredmedia":[{"embeddable":true,"href":"http:\/\/diadianews.com\/index.php\/wp-json\/wp\/v2\/media\/6728"}],"wp:attachment":[{"href":"http:\/\/diadianews.com\/index.php\/wp-json\/wp\/v2\/media?parent=6727"}],"wp:term":[{"taxonomy":"category","embeddable":true,"href":"http:\/\/diadianews.com\/index.php\/wp-json\/wp\/v2\/categories?post=6727"},{"taxonomy":"post_tag","embeddable":true,"href":"http:\/\/diadianews.com\/index.php\/wp-json\/wp\/v2\/tags?post=6727"}],"curies":[{"name":"wp","href":"https:\/\/api.w.org\/{rel}","templated":true}]}}