{"id":6737,"date":"2026-08-15T12:58:14","date_gmt":"2026-08-15T15:58:14","guid":{"rendered":"https:\/\/diadianews.com\/index.php\/2026\/08\/15\/para-reinaldo-parque-dos-poderes-e-a-praia-dos-campo-grandenses\/"},"modified":"2026-08-15T12:58:14","modified_gmt":"2026-08-15T15:58:14","slug":"para-reinaldo-parque-dos-poderes-e-a-praia-dos-campo-grandenses","status":"publish","type":"post","link":"http:\/\/diadianews.com\/index.php\/2026\/08\/15\/para-reinaldo-parque-dos-poderes-e-a-praia-dos-campo-grandenses\/","title":{"rendered":"Para Reinaldo, Parque dos Poderes \u00e9 a \u2018praia\u2019 dos campo-grandenses"},"content":{"rendered":"<div>\n<p class=\"wp-block-paragraph\">Homem p\u00fablico preocupado com o bem-estar das pessoas e, principalmente, das fam\u00edlias de Mato Grosso do Sul, o candidato ao Senado Reinaldo Azambuja transformou seus oito anos de governo em um marco de desenvolvimento municipalista. <\/p>\n<p class=\"wp-block-paragraph\">Ao lado de obras e servi\u00e7os levados aos 79 munic\u00edpios do Estado, Reinaldo sempre investiu e apoiou projetos que proporcionaram mais qualidade de vida, lazer e conv\u00edvio para a popula\u00e7\u00e3o. <\/p>\n<p class=\"wp-block-paragraph\">A revitaliza\u00e7\u00e3o do Parque dos Poderes, em Campo Grande, \u00e9 um dos exemplos mais emblem\u00e1ticos dessa vis\u00e3o.<\/p>\n<p class=\"wp-block-paragraph\">Inaugurado em 1982 e nunca antes revitalizado, o parque, que re\u00fane as estruturas dos tr\u00eas Poderes do Estado, recebeu na gest\u00e3o de Reinaldo a primeira grande reforma de sua hist\u00f3ria. <\/p>\n<p class=\"wp-block-paragraph\">Com investimento total de R$ 20 milh\u00f5es, a obra foi autorizada em junho de 2021 e entregue em julho de 2022, cinco meses antes do prazo previsto. <\/p>\n<p class=\"wp-block-paragraph\">O projeto, constru\u00eddo com a escuta de v\u00e1rios setores da sociedade, uniu moderniza\u00e7\u00e3o e preserva\u00e7\u00e3o: foram recuperados 110 mil m\u00b2 de ruas, implantados 4 quil\u00f4metros de pista de caminhada e corrida e 4,2 quil\u00f4metros de ciclovia no canteiro central, al\u00e9m de tr\u00eas academias ao ar livre, oito espa\u00e7os de conv\u00edvio, 70 bancos de descanso, abrigos de \u00f4nibus modernos e iluminados, estacionamentos reformados e um centro de apoio com banheiros adaptados para pessoas com defici\u00eancia.<\/p>\n<p class=\"wp-block-paragraph\">A preocupa\u00e7\u00e3o com o meio ambiente e com a seguran\u00e7a das fam\u00edlias esteve presente em cada detalhe. A vegeta\u00e7\u00e3o nativa e a fauna do parque foram preservadas, com placas de sinaliza\u00e7\u00e3o alertando para a presen\u00e7a dos animais e faixas com \u201cpatinhas\u201d desenhadas no asfalto.<\/p>\n<p class=\"wp-block-paragraph\">N\u00e3o \u00e9 \u00e0 toa que o local se tornou ponto de encontro de centenas de fam\u00edlias e atletas, principalmente nos finais de semana, quando vias do parque s\u00e3o fechadas para o tr\u00e2nsito de ve\u00edculos e as crian\u00e7as podem pedalar e correr com seguran\u00e7a. <\/p>\n<p class=\"wp-block-paragraph\">Para Reinaldo, o Parque dos Poderes \u00e9 \u201ca praia do campo-grandense\u201d: o lugar onde a fam\u00edlia vai para passear, caminhar e sentar-se \u00e0 sombra das frondosas \u00e1rvores, em meio \u00e0 natureza generosa que tamb\u00e9m faz do espa\u00e7o uma extens\u00e3o indispens\u00e1vel para quem visita o Parque das Na\u00e7\u00f5es Ind\u00edgenas.<\/p>\n<p class=\"wp-block-paragraph\">\u201cEsse parque come\u00e7ou a funcionar em 1982 e, de l\u00e1 para c\u00e1, nunca passou por uma revitaliza\u00e7\u00e3o. Constru\u00edmos uma nova estrutura que, al\u00e9m de embelezar, criou uma condi\u00e7\u00e3o melhor para quem usa o espa\u00e7o para lazer, entretenimento, confraterniza\u00e7\u00e3o e pr\u00e1tica esportiva\u201d, destacou o candidato.<\/p>\n<p class=\"wp-block-paragraph\">Em Aquidauana, Reinaldo levou o mesmo esp\u00edrito municipalista, visando o bem estar das fam\u00edlias. O Parque da Lagoa Comprida, um dos cart\u00f5es-postais do munic\u00edpio, com cerca de 40 hectares e a maior lagoa urbana da cidade, come\u00e7ou a receber no final de seu governo uma grande revitaliza\u00e7\u00e3o, fruto de conv\u00eanio entre o Governo do Estado e a Prefeitura, com investimento de aproximadamente R$ 22 milh\u00f5es.<\/p>\n<p class=\"wp-block-paragraph\">A obra, que segue em execu\u00e7\u00e3o no atual governo de Eduardo Riedel dando continuidade \u00e0 vis\u00e3o iniciada por Reinaldo, contempla ciclovia, pista de caminhada de 6 quil\u00f4metros totalmente iluminada, cinco pra\u00e7as com playground, quadras esportivas, pistas de skate, decks de contempla\u00e7\u00e3o, uma ponte ligando os dois lados da lagoa, fonte interativa e pra\u00e7a de alimenta\u00e7\u00e3o.<\/p>\n<p class=\"wp-block-paragraph\">Reinaldo afirma que \u201clevar obras e servi\u00e7os aos munic\u00edpios \u00e9 essencial, mas t\u00e3o importante quanto \u00e9 entregar espa\u00e7os de lazer, conv\u00edvio e bem-estar que fa\u00e7am cada fam\u00edlia se sentir acolhida em sua cidade\u201d.<\/p>\n<p class=\"wp-block-paragraph\">Conhecedor profundo da realidade dos munic\u00edpios sul-mato-grossenses, Reinaldo Azambuja refor\u00e7a que o municipalismo, que consiste em priorizar os recursos onde a vida acontece e n\u00e3o na burocracia de Bras\u00edlia, precisa ser uma prioridade do Governo Federal e dos parlamentares, para garantir desenvolvimento, dignidade e qualidade de vida \u00e0s fam\u00edlias.<\/p>\n<p class=\"wp-block-paragraph\"><strong>Assessoria de Imprensa<\/strong><\/p>\n<p class=\"wp-block-paragraph\"><strong>Wilson Aquino \u2013 (67) 99983-2896<\/strong><\/p>\n<p class=\"wp-block-paragraph\"><strong>Fotos Chico Ribeiro<\/strong><\/p>\n<figure class=\"wp-block-image size-full\"><img loading=\"lazy\" decoding=\"async\" width=\"999\" height=\"667\" src=\"https:\/\/jornaldiadia.com.br\/wp-content\/uploads\/image-9484.webp\" alt=\"\" class=\"wp-image-81412\" srcset=\"https:\/\/jornaldiadia.com.br\/wp-content\/uploads\/image-9484.webp 999w, https:\/\/jornaldiadia.com.br\/wp-content\/uploads\/image-9484-300x200.webp 300w, https:\/\/jornaldiadia.com.br\/wp-content\/uploads\/image-9484-768x513.webp 768w, https:\/\/jornaldiadia.com.br\/wp-content\/uploads\/image-9484-465x310.webp 465w, https:\/\/jornaldiadia.com.br\/wp-content\/uploads\/image-9484-695x464.webp 695w\" sizes=\"auto, (max-width: 999px) 100vw, 999px\"><\/figure>\n<figure class=\"wp-block-image size-large\"><img loading=\"lazy\" decoding=\"async\" width=\"1024\" height=\"682\" src=\"https:\/\/jornaldiadia.com.br\/wp-content\/uploads\/image-9485-1024x682.webp\" alt=\"\" class=\"wp-image-81413\" srcset=\"https:\/\/jornaldiadia.com.br\/wp-content\/uploads\/image-9485-1024x682.webp 1024w, https:\/\/jornaldiadia.com.br\/wp-content\/uploads\/image-9485-300x200.webp 300w, https:\/\/jornaldiadia.com.br\/wp-content\/uploads\/image-9485-768x512.webp 768w, https:\/\/jornaldiadia.com.br\/wp-content\/uploads\/image-9485-1536x1023.webp 1536w, https:\/\/jornaldiadia.com.br\/wp-content\/uploads\/image-9485-465x310.webp 465w, https:\/\/jornaldiadia.com.br\/wp-content\/uploads\/image-9485-695x463.webp 695w, https:\/\/jornaldiadia.com.br\/wp-content\/uploads\/image-9485.webp 1600w\" sizes=\"auto, (max-width: 1024px) 100vw, 1024px\"><\/figure>\n<figure class=\"wp-block-image size-large\"><img loading=\"lazy\" decoding=\"async\" width=\"1024\" height=\"576\" src=\"https:\/\/jornaldiadia.com.br\/wp-content\/uploads\/image-9486-1024x576.webp\" alt=\"\" class=\"wp-image-81414\" srcset=\"https:\/\/jornaldiadia.com.br\/wp-content\/uploads\/image-9486-1024x576.webp 1024w, https:\/\/jornaldiadia.com.br\/wp-content\/uploads\/image-9486-300x169.webp 300w, https:\/\/jornaldiadia.com.br\/wp-content\/uploads\/image-9486-768x432.webp 768w, https:\/\/jornaldiadia.com.br\/wp-content\/uploads\/image-9486-1536x864.webp 1536w, https:\/\/jornaldiadia.com.br\/wp-content\/uploads\/image-9486-465x262.webp 465w, https:\/\/jornaldiadia.com.br\/wp-content\/uploads\/image-9486-695x391.webp 695w, https:\/\/jornaldiadia.com.br\/wp-content\/uploads\/image-9486.webp 1600w\" sizes=\"auto, (max-width: 1024px) 100vw, 1024px\"><\/figure>\n<figure class=\"wp-block-image size-large\"><img loading=\"lazy\" decoding=\"async\" width=\"1024\" height=\"682\" src=\"https:\/\/jornaldiadia.com.br\/wp-content\/uploads\/image-9487-1024x682.webp\" alt=\"\" class=\"wp-image-81415\" srcset=\"https:\/\/jornaldiadia.com.br\/wp-content\/uploads\/image-9487-1024x682.webp 1024w, https:\/\/jornaldiadia.com.br\/wp-content\/uploads\/image-9487-300x200.webp 300w, https:\/\/jornaldiadia.com.br\/wp-content\/uploads\/image-9487-768x512.webp 768w, https:\/\/jornaldiadia.com.br\/wp-content\/uploads\/image-9487-1536x1023.webp 1536w, https:\/\/jornaldiadia.com.br\/wp-content\/uploads\/image-9487-465x310.webp 465w, https:\/\/jornaldiadia.com.br\/wp-content\/uploads\/image-9487-695x463.webp 695w, https:\/\/jornaldiadia.com.br\/wp-content\/uploads\/image-9487.webp 1600w\" sizes=\"auto, (max-width: 1024px) 100vw, 1024px\"><\/figure>\n<figure class=\"wp-block-image size-large\"><img loading=\"lazy\" decoding=\"async\" width=\"1024\" height=\"576\" src=\"https:\/\/jornaldiadia.com.br\/wp-content\/uploads\/image-9488-1024x576.webp\" alt=\"\" class=\"wp-image-81416\" srcset=\"https:\/\/jornaldiadia.com.br\/wp-content\/uploads\/image-9488-1024x576.webp 1024w, https:\/\/jornaldiadia.com.br\/wp-content\/uploads\/image-9488-300x169.webp 300w, https:\/\/jornaldiadia.com.br\/wp-content\/uploads\/image-9488-768x432.webp 768w, https:\/\/jornaldiadia.com.br\/wp-content\/uploads\/image-9488-1536x864.webp 1536w, https:\/\/jornaldiadia.com.br\/wp-content\/uploads\/image-9488-465x262.webp 465w, https:\/\/jornaldiadia.com.br\/wp-content\/uploads\/image-9488-695x391.webp 695w, https:\/\/jornaldiadia.com.br\/wp-content\/uploads\/image-9488.webp 1600w\" sizes=\"auto, (max-width: 1024px) 100vw, 1024px\"><\/figure>\n<p><!-- bloco-portais-jbr --><\/p>\n<div class=\"box-portais-jbr\" style=\"border:1px solid #e0e0e0;padding:16px 18px;margin:24px 0;border-radius:8px;background:#f9f9f9;font-size:0.95rem;\">\n<p style=\"margin:0 0 10px 0;font-weight:600;\">\n        Continue sempre bem informado acessando nossos portais:\n    <\/p>\n<ul style=\"margin:0;padding-left:20px;\">\n<li style=\"margin-bottom:8px;\">\n            <strong><a href=\"https:\/\/jornaldiadia.com.br\/\" target=\"_blank\" rel=\"noopener\" style=\"text-decoration:none;\">Jornal Dia Dia<\/a><\/strong> \u2013<br \/>\n            Sua fonte confi\u00e1vel para as melhores not\u00edcias e artigos \u00fateis. Fique por dentro dos acontecimentos mais importantes, dicas pr\u00e1ticas e conte\u00fados de qualidade.\n        <\/li>\n<li style=\"margin-bottom:8px;\">\n            <strong><a href=\"https:\/\/jbr.jor.br\/\" target=\"_blank\" rel=\"noopener\" style=\"text-decoration:none;\">Jornal Brasil Regional (JBR)<\/a><\/strong> \u2013<br \/>\n            O pulso do pa\u00eds em tempo real. Not\u00edcias nacionais, regionais e internacionais com \u00e9tica e credibilidade.\n        <\/li>\n<li style=\"margin-bottom:8px;\">\n            <strong><a href=\"https:\/\/castilho.jor.br\/\" target=\"_blank\" rel=\"noopener\" style=\"text-decoration:none;\">Castilho Not\u00edcias (News)<\/a><\/strong> \u2013<br \/>\n            O seu di\u00e1rio local com cobertura de Castilho e Regi\u00e3o (SP). Jornalismo com credibilidade.\n        <\/li>\n<li style=\"margin-bottom:8px;\">\n            <strong><a href=\"https:\/\/casaejardim.net.br\/\" target=\"_blank\" rel=\"noopener\" style=\"text-decoration:none;\">Casa e Jardim<\/a><\/strong> \u2013<br \/>\n            Dicas exclusivas sobre decora\u00e7\u00e3o, jardinagem, arquitetura, DIY, reformas e muito mais. Tend\u00eancias, solu\u00e7\u00f5es pr\u00e1ticas e ideias criativas para todos os estilos e or\u00e7amentos.\n        <\/li>\n<li style=\"margin-bottom:0;\">\n            <strong><a href=\"https:\/\/b10.net.br\/\" target=\"_blank\" rel=\"noopener\" style=\"text-decoration:none;\">B10 Brasil<\/a><\/strong> \u2013<br \/>\n            As principais not\u00edcias, an\u00e1lises e insights sobre neg\u00f3cios, economia e soberania nacional. Conectando o Brasil ao mundo com intelig\u00eancia e estrat\u00e9gia.\n        <\/li>\n<\/ul>\n<\/div>\n<p><!-- \/bloco-portais-jbr --><\/div>\n","protected":false},"excerpt":{"rendered":"<p>Homem p\u00fablico preocupado com o bem-estar das pessoas e, principalmente, das fam\u00edlias de Mato Grosso do Sul, o candidato ao Senado Reinaldo Azambuja transformou seus oito anos de governo em um marco de desenvolvimento municipalista. Ao lado de obras e servi\u00e7os levados aos 79 munic\u00edpios do Estado, Reinaldo sempre investiu<span class=\"more-link\"><a href=\"http:\/\/diadianews.com\/index.php\/2026\/08\/15\/para-reinaldo-parque-dos-poderes-e-a-praia-dos-campo-grandenses\/\">Continue Reading<\/a><\/span><\/p>\n","protected":false},"author":1,"featured_media":6738,"comment_status":"closed","ping_status":"closed","sticky":false,"template":"","format":"standard","meta":{"footnotes":""},"categories":[1],"tags":[],"class_list":["entry","author-valdei","post-6737","post","type-post","status-publish","format-standard","has-post-thumbnail","category-news-do-dia"],"_links":{"self":[{"href":"http:\/\/diadianews.com\/index.php\/wp-json\/wp\/v2\/posts\/6737","targetHints":{"allow":["GET"]}}],"collection":[{"href":"http:\/\/diadianews.com\/index.php\/wp-json\/wp\/v2\/posts"}],"about":[{"href":"http:\/\/diadianews.com\/index.php\/wp-json\/wp\/v2\/types\/post"}],"author":[{"embeddable":true,"href":"http:\/\/diadianews.com\/index.php\/wp-json\/wp\/v2\/users\/1"}],"replies":[{"embeddable":true,"href":"http:\/\/diadianews.com\/index.php\/wp-json\/wp\/v2\/comments?post=6737"}],"version-history":[{"count":0,"href":"http:\/\/diadianews.com\/index.php\/wp-json\/wp\/v2\/posts\/6737\/revisions"}],"wp:featuredmedia":[{"embeddable":true,"href":"http:\/\/diadianews.com\/index.php\/wp-json\/wp\/v2\/media\/6738"}],"wp:attachment":[{"href":"http:\/\/diadianews.com\/index.php\/wp-json\/wp\/v2\/media?parent=6737"}],"wp:term":[{"taxonomy":"category","embeddable":true,"href":"http:\/\/diadianews.com\/index.php\/wp-json\/wp\/v2\/categories?post=6737"},{"taxonomy":"post_tag","embeddable":true,"href":"http:\/\/diadianews.com\/index.php\/wp-json\/wp\/v2\/tags?post=6737"}],"curies":[{"name":"wp","href":"https:\/\/api.w.org\/{rel}","templated":true}]}}