{"id":6743,"date":"2026-08-15T17:09:36","date_gmt":"2026-08-15T20:09:36","guid":{"rendered":"https:\/\/diadianews.com\/index.php\/2026\/08\/15\/no-aniversario-de-aquidauana-riedel-reforca-compromisso-com-a-cidade\/"},"modified":"2026-08-15T17:09:36","modified_gmt":"2026-08-15T20:09:36","slug":"no-aniversario-de-aquidauana-riedel-reforca-compromisso-com-a-cidade","status":"publish","type":"post","link":"http:\/\/diadianews.com\/index.php\/2026\/08\/15\/no-aniversario-de-aquidauana-riedel-reforca-compromisso-com-a-cidade\/","title":{"rendered":"No anivers\u00e1rio de Aquidauana, Riedel refor\u00e7a compromisso com a cidade"},"content":{"rendered":"<div>\n<p class=\"wp-block-paragraph\"><em>Nos \u00faltimos 4 anos, uma s\u00e9rie de a\u00e7\u00f5es incrementaram a infraestrutura do munic\u00edpio<\/em><\/p>\n<p class=\"wp-block-paragraph\">Para comemorar os 134 anos de Aquidauana, o governador Eduardo Riedel (Progressista), candidato \u00e0 reelei\u00e7\u00e3o aprovado em conven\u00e7\u00e3o, participou neste s\u00e1bado (15) do desfile c\u00edvico e das festividades na cidade. Durante o evento, reafirmou seu compromisso com o desenvolvimento do munic\u00edpio. \u201cEste empenho foi reconhecido pela popula\u00e7\u00e3o\u201d, pontuou.<\/p>\n<p class=\"wp-block-paragraph\">Nos \u00faltimos quatro anos, a gest\u00e3o Riedel investiu mais de R$ 193 milh\u00f5es na \u201cPrincesinha do Pantanal\u201d. Foram a\u00e7\u00f5es importantes em sa\u00fade, educa\u00e7\u00e3o e infraestrutura urbana, com destaque para a chegada do asfalto em diversos bairros, melhorando a qualidade de vida dos moradores.<\/p>\n<p class=\"wp-block-paragraph\">\u201cQuero parabenizar Aquidauana pelos 134 anos. Muita alegria poder participar da celebra\u00e7\u00e3o neste munic\u00edpio t\u00e3o importante para a hist\u00f3ria do nosso Estado. Reafirmo o compromisso em continuar contribuindo para o desenvolvimento da cidade, com obras e a\u00e7\u00f5es que transformam a vida das pessoas\u201d, afirmou o governador.<\/p>\n<p class=\"wp-block-paragraph\">Riedel lembrou ainda que uma s\u00e9rie de obras de infraestrutura est\u00e1 agendada para ter in\u00edcio em setembro.<\/p>\n<p class=\"wp-block-paragraph\">\u201cA\u00e7\u00f5es que foram elencadas pelos vereadores e pelo prefeito como prioridades da cidade. Pavimenta\u00e7\u00e3o nos bairros Guanandi, Santa Terezinha, S\u00e3o Pedro. A liga\u00e7\u00e3o da MS-419. Em fase de projeto temos ainda a ciclovia de Palmeiras at\u00e9 a unidade da Uems (MS-430), com 33 km, que ser\u00e1 um equipamento importante de seguran\u00e7a, fomento ao turismo e esporte. Muita coisa que est\u00e1 por vir\u201d, completou.<\/p>\n<p class=\"wp-block-paragraph\">Este empenho n\u00e3o passou despercebido pela popula\u00e7\u00e3o, que notou a presen\u00e7a efetiva do Estado no munic\u00edpio.<\/p>\n<p class=\"wp-block-paragraph\">\u201cA gente v\u00ea as obras do Estado, a popula\u00e7\u00e3o est\u00e1 muito feliz. Moro aqui desde os 12 anos, a cidade melhorou demais nos \u00faltimos anos\u201d, afirmou Laete Maria de Souza, moradora da cidade.<\/p>\n<p class=\"wp-block-paragraph\">As comunidades ind\u00edgenas do munic\u00edpio tamb\u00e9m se mostraram satisfeitas com o apoio e contribui\u00e7\u00e3o da gest\u00e3o estadual.<\/p>\n<p class=\"wp-block-paragraph\">\u201cNeste momento festivo em Aquidauana temos que reconhecer que o governador tem auxiliado demais a cidade e as comunidades ind\u00edgenas daqui. Temos que agradecer as pol\u00edticas p\u00fablicas que chegam nas comunidades. \u00c9 um governo presente\u201d, afirmou C\u00e9lio Francelino Fialho, cacique da Aldeia Bananal.<\/p>\n<p class=\"wp-block-paragraph\">O prefeito de Aquidauana, Mauro Luiz Batista, tamb\u00e9m agradeceu a Riedel pela parceria que transformou a cidade e levou benef\u00edcios aos moradores.<\/p>\n<p class=\"wp-block-paragraph\">\u201cDa nossa parte temos apenas que agradecer pela parceria e por fazer uma gest\u00e3o municipalista, que leva obras e investimentos para cidade\u201d.<\/p>\n<p class=\"wp-block-paragraph\"><strong>Pacote de obras<\/strong><\/p>\n<p class=\"wp-block-paragraph\">Para levar dignidade e melhorar a vida dos moradores, a gest\u00e3o de Eduardo Riedel investiu pesado no munic\u00edpio. S\u00e3o obras de pavimenta\u00e7\u00e3o, drenagem e qualifica\u00e7\u00e3o de estradas vicinais, facilitando o acesso para regi\u00e3o.<\/p>\n<p class=\"wp-block-paragraph\">Na sa\u00fade se destaca a amplia\u00e7\u00e3o e reforma do Hospital Regional Est\u00e1cio Muniz, obra que inclui novo centro cir\u00fargico, maternidade, setor de hemodi\u00e1lise, laborat\u00f3rios e outras estruturas. Tamb\u00e9m avan\u00e7a a reforma do Centro de Especialidades M\u00e9dicas, al\u00e9m da reforma do Hemosul, que est\u00e1 prevista no munic\u00edpio.<\/p>\n<p class=\"wp-block-paragraph\">A educa\u00e7\u00e3o tamb\u00e9m foi contemplada. A gest\u00e3o Riedel promoveu reforma nas escolas estaduais, com amplia\u00e7\u00e3o de salas de aula, constru\u00e7\u00e3o de quadra esportiva em escola ind\u00edgena e instala\u00e7\u00e3o de sistema fotovoltaico.<\/p>\n<p class=\"wp-block-paragraph\">Fotos: Bruno Rezende<\/p>\n<p class=\"wp-block-paragraph\">Eduardo Penedo<br \/>Assessoria de Comunica\u00e7\u00e3o do Partido Progressista de Mato Grosso do Sul<br \/>67 992296576<br \/>e-mails : <a href=\"mailto:progressitasms.comunicacao@gmail.com\" target=\"_blank\" rel=\"noreferrer noopener\">progressitasms.comunicacao@gmail.com<\/a><br \/><a href=\"mailto:comunicacao.ms@pp.org.br\" target=\"_blank\" rel=\"noreferrer noopener\">comunicacao.ms@pp.org.br<\/a><br \/>67 992296576<\/p>\n<p><!-- bloco-portais-jbr --><\/p>\n<div class=\"box-portais-jbr\" style=\"border:1px solid #e0e0e0;padding:16px 18px;margin:24px 0;border-radius:8px;background:#f9f9f9;font-size:0.95rem;\">\n<p style=\"margin:0 0 10px 0;font-weight:600;\">\n        Continue sempre bem informado acessando nossos portais:\n    <\/p>\n<ul style=\"margin:0;padding-left:20px;\">\n<li style=\"margin-bottom:8px;\">\n            <strong><a href=\"https:\/\/jornaldiadia.com.br\/\" target=\"_blank\" rel=\"noopener\" style=\"text-decoration:none;\">Jornal Dia Dia<\/a><\/strong> \u2013<br \/>\n            Sua fonte confi\u00e1vel para as melhores not\u00edcias e artigos \u00fateis. Fique por dentro dos acontecimentos mais importantes, dicas pr\u00e1ticas e conte\u00fados de qualidade.\n        <\/li>\n<li style=\"margin-bottom:8px;\">\n            <strong><a href=\"https:\/\/jbr.jor.br\/\" target=\"_blank\" rel=\"noopener\" style=\"text-decoration:none;\">Jornal Brasil Regional (JBR)<\/a><\/strong> \u2013<br \/>\n            O pulso do pa\u00eds em tempo real. Not\u00edcias nacionais, regionais e internacionais com \u00e9tica e credibilidade.\n        <\/li>\n<li style=\"margin-bottom:8px;\">\n            <strong><a href=\"https:\/\/castilho.jor.br\/\" target=\"_blank\" rel=\"noopener\" style=\"text-decoration:none;\">Castilho Not\u00edcias (News)<\/a><\/strong> \u2013<br \/>\n            O seu di\u00e1rio local com cobertura de Castilho e Regi\u00e3o (SP). Jornalismo com credibilidade.\n        <\/li>\n<li style=\"margin-bottom:8px;\">\n            <strong><a href=\"https:\/\/casaejardim.net.br\/\" target=\"_blank\" rel=\"noopener\" style=\"text-decoration:none;\">Casa e Jardim<\/a><\/strong> \u2013<br \/>\n            Dicas exclusivas sobre decora\u00e7\u00e3o, jardinagem, arquitetura, DIY, reformas e muito mais. Tend\u00eancias, solu\u00e7\u00f5es pr\u00e1ticas e ideias criativas para todos os estilos e or\u00e7amentos.\n        <\/li>\n<li style=\"margin-bottom:0;\">\n            <strong><a href=\"https:\/\/b10.net.br\/\" target=\"_blank\" rel=\"noopener\" style=\"text-decoration:none;\">B10 Brasil<\/a><\/strong> \u2013<br \/>\n            As principais not\u00edcias, an\u00e1lises e insights sobre neg\u00f3cios, economia e soberania nacional. Conectando o Brasil ao mundo com intelig\u00eancia e estrat\u00e9gia.\n        <\/li>\n<\/ul>\n<\/div>\n<p><!-- \/bloco-portais-jbr --><\/div>\n","protected":false},"excerpt":{"rendered":"<p>Nos \u00faltimos 4 anos, uma s\u00e9rie de a\u00e7\u00f5es incrementaram a infraestrutura do munic\u00edpio Para comemorar os 134 anos de Aquidauana, o governador Eduardo Riedel (Progressista), candidato \u00e0 reelei\u00e7\u00e3o aprovado em conven\u00e7\u00e3o, participou neste s\u00e1bado (15) do desfile c\u00edvico e das festividades na cidade. Durante o evento, reafirmou seu compromisso com<span class=\"more-link\"><a href=\"http:\/\/diadianews.com\/index.php\/2026\/08\/15\/no-aniversario-de-aquidauana-riedel-reforca-compromisso-com-a-cidade\/\">Continue Reading<\/a><\/span><\/p>\n","protected":false},"author":1,"featured_media":6744,"comment_status":"closed","ping_status":"closed","sticky":false,"template":"","format":"standard","meta":{"footnotes":""},"categories":[1],"tags":[],"class_list":["entry","author-valdei","post-6743","post","type-post","status-publish","format-standard","has-post-thumbnail","category-news-do-dia"],"_links":{"self":[{"href":"http:\/\/diadianews.com\/index.php\/wp-json\/wp\/v2\/posts\/6743","targetHints":{"allow":["GET"]}}],"collection":[{"href":"http:\/\/diadianews.com\/index.php\/wp-json\/wp\/v2\/posts"}],"about":[{"href":"http:\/\/diadianews.com\/index.php\/wp-json\/wp\/v2\/types\/post"}],"author":[{"embeddable":true,"href":"http:\/\/diadianews.com\/index.php\/wp-json\/wp\/v2\/users\/1"}],"replies":[{"embeddable":true,"href":"http:\/\/diadianews.com\/index.php\/wp-json\/wp\/v2\/comments?post=6743"}],"version-history":[{"count":0,"href":"http:\/\/diadianews.com\/index.php\/wp-json\/wp\/v2\/posts\/6743\/revisions"}],"wp:featuredmedia":[{"embeddable":true,"href":"http:\/\/diadianews.com\/index.php\/wp-json\/wp\/v2\/media\/6744"}],"wp:attachment":[{"href":"http:\/\/diadianews.com\/index.php\/wp-json\/wp\/v2\/media?parent=6743"}],"wp:term":[{"taxonomy":"category","embeddable":true,"href":"http:\/\/diadianews.com\/index.php\/wp-json\/wp\/v2\/categories?post=6743"},{"taxonomy":"post_tag","embeddable":true,"href":"http:\/\/diadianews.com\/index.php\/wp-json\/wp\/v2\/tags?post=6743"}],"curies":[{"name":"wp","href":"https:\/\/api.w.org\/{rel}","templated":true}]}}