{"id":6749,"date":"2026-08-15T17:48:02","date_gmt":"2026-08-15T20:48:02","guid":{"rendered":"http:\/\/diadianews.com\/index.php\/2026\/08\/15\/encontro-de-carros-antigos-lota-praca-do-papa-de-reliquias-ate-domingo\/"},"modified":"2026-08-15T17:48:02","modified_gmt":"2026-08-15T20:48:02","slug":"encontro-de-carros-antigos-lota-praca-do-papa-de-reliquias-ate-domingo","status":"publish","type":"post","link":"http:\/\/diadianews.com\/index.php\/2026\/08\/15\/encontro-de-carros-antigos-lota-praca-do-papa-de-reliquias-ate-domingo\/","title":{"rendered":"Encontro de carros antigos lota Pra\u00e7a do Papa de \u2018rel\u00edquias\u2019 at\u00e9 domingo"},"content":{"rendered":"<div>\n<p class=\"wp-block-paragraph\">A terceira edi\u00e7\u00e3o do Retrocar MS re\u00fane apaixonados pela cultura dos autom\u00f3veis hist\u00f3ricos<\/p>\n<p class=\"wp-block-paragraph\">Murilo Medeiros \u2013 15\/08\/2026 \u2013 12:56<\/p>\n<p class=\"wp-block-paragraph\">Encontro de carros antigos na Pra\u00e7a do Papa (Pietra Dorneles, Jornal Midiamax)<\/p>\n<p class=\"wp-block-paragraph\">A Pra\u00e7a do Papa, em <a href=\"https:\/\/midiamax.com.br\/municipios\/campo-grande\/\">Campo Grande<\/a>, est\u00e1 lotada de <a href=\"https:\/\/midiamax.com.br\/midiamais\/2026\/reliquias-shows-retrocar-ms-acontece-fim-semana-praca-papa\/\"><strong>carros antigos<\/strong><\/a> desde a manh\u00e3 deste s\u00e1bado (15) at\u00e9 domingo (16). A terceira edi\u00e7\u00e3o do Retrocar MS re\u00fane apaixonados pela cultura dos autom\u00f3veis hist\u00f3ricos, chamados de rel\u00edquias pelos colecionadores e expositores.<\/p>\n<p class=\"wp-block-paragraph\">Organizador do evento, Luiz Paulo, de 38 anos, comemora a terceira edi\u00e7\u00e3o do Retrocar MS. Ele diz que o encontro reuniu 600 carros e arrecadou uma tonelada e meia de alimentos no ano passado. A meta agora \u00e9 dobrar estes n\u00fameros. Para animar, sobem ao palco os artistas Patty Ara\u00fajo, Uskaradakombi e a banda Fernando Morreu.<\/p>\n<p class=\"wp-block-paragraph\">Al\u00e9m dos ve\u00edculos, esse tipo de encontro uma oportunidade de confraterniza\u00e7\u00e3o entre os amantes dos carros antigos. \u201cA gente re\u00fane a fam\u00edlia e os amigos aqui, fica junto com o pessoal e reencontra amigos de outras cidades. Assim, \u00e9 super importante essa troca de energias e de conhecimento com a galera\u201d, explica Luiz Paulo.<\/p>\n<h2 class=\"wp-block-heading\">Rel\u00edquias<\/h2>\n<p class=\"wp-block-paragraph\">Dona de um Fusca verde ano 1970, apelidado de Cebolinha, Ers\u00edlia Carvalho Moreira, moradora de <a href=\"https:\/\/midiamax.com.br\/municipios\/nova-andradina\/\">Nova Andradina<\/a>, participa de encontros de carros antigos h\u00e1 11 anos. Ela j\u00e1 passou por cidades de Mato Grosso do Sul e Goi\u00e1s, rodando at\u00e9 1,4 mil quil\u00f4metros, para chegar aos 14 eventos dos quais j\u00e1 fez parte.<\/p>\n<p class=\"wp-block-paragraph\">\u201cEle n\u00e3o d\u00e1 problema, o motorzinho \u00e9 original, que \u00e9 o cora\u00e7\u00e3o do carro, n\u00e9?\u201d, diz Ers\u00edlia, comemorando o funcionamento do Fusca. A crian\u00e7ada tamb\u00e9m se encanta pelo carro antigo, que \u00e9 decorado com bonecas. \u201cFaz a alegria das crian\u00e7as. Pedem para comprar, s\u00f3 que eu ganho essas bonecas\u201d, conclui.<\/p>\n<p class=\"wp-block-paragraph\">Osmar Duarte veio a Campo Grande de Pedro Juan Caballero, no Paraguai. Ele tamb\u00e9m \u00e9 dono de um Fusca e acredita que o carro tem valor simb\u00f3lico. \u201cEu j\u00e1 tenho h\u00e1 mais de sete anos. Foi um presente do meu pai. \u00c9 da fam\u00edlia. N\u00e3o tem pre\u00e7o\u201d. Osmar participa de um ou dois encontros por m\u00eas.<\/p>\n<p class=\"wp-block-paragraph\">H\u00e1 cinco anos, Ana Luiza e o marido t\u00eam um caminh\u00e3o internacional, ano 1999. Eles moram em Nova Andradina e compraram o ve\u00edculo h\u00e1 cinco anos, sem funcionamento. \u201cMeu marido reformou ele inteiro, mas sempre procuramos deixar ele bem original. Ele colocou pra funcionar, arrancou a fia\u00e7\u00e3o, fez de novo e deixou novinho\u201d.<\/p>\n<h2 class=\"wp-block-heading\">Confira imagens<\/h2>\n<figure class=\"wp-block-image\"><img decoding=\"async\" src=\"https:\/\/cdn.midiamax.com.br\/wp-content\/uploads\/2026\/08\/Encontro-de-carros-antigos-na-Praca-do-Papa-Pietra-Dorneles-Jornal-Midiamax-1.jpeg\" alt=\"\" class=\"wp-image-3358806\"><figcaption class=\"wp-element-caption\">Ers\u00edlia Carvalho Moreira<\/figcaption><\/figure>\n<p class=\"wp-block-paragraph\">\n<figure class=\"wp-block-image\"><img decoding=\"async\" src=\"https:\/\/cdn.midiamax.com.br\/wp-content\/uploads\/2026\/08\/Encontro-de-carros-antigos-na-Praca-do-Papa-Pietra-Dorneles-Jornal-Midiamax-3.jpeg\" alt=\"\" class=\"wp-image-3358808\"><\/figure>\n<figure class=\"wp-block-image\"><img decoding=\"async\" src=\"https:\/\/cdn.midiamax.com.br\/wp-content\/uploads\/2026\/08\/Encontro-de-carros-antigos-na-Praca-do-Papa-Pietra-Dorneles-Jornal-Midiamax-4.jpeg\" alt=\"\" class=\"wp-image-3358809\"><\/figure>\n<figure class=\"wp-block-image\"><img decoding=\"async\" src=\"https:\/\/cdn.midiamax.com.br\/wp-content\/uploads\/2026\/08\/Encontro-de-carros-antigos-na-Praca-do-Papa-Pietra-Dorneles-Jornal-Midiamax-5.jpeg\" alt=\"\" class=\"wp-image-3358810\"><\/figure>\n<figure class=\"wp-block-image\"><img decoding=\"async\" src=\"https:\/\/cdn.midiamax.com.br\/wp-content\/uploads\/2026\/08\/Encontro-de-carros-antigos-na-Praca-do-Papa-Pietra-Dorneles-Jornal-Midiamax-6.jpeg\" alt=\"\" class=\"wp-image-3358811\"><\/figure>\n<figure class=\"wp-block-image\"><img decoding=\"async\" src=\"https:\/\/cdn.midiamax.com.br\/wp-content\/uploads\/2026\/08\/Encontro-de-carros-antigos-na-Praca-do-Papa-Pietra-Dorneles-Jornal-Midiamax-7.jpeg\" alt=\"\" class=\"wp-image-3358812\"><\/figure>\n<figure class=\"wp-block-image\"><img decoding=\"async\" src=\"https:\/\/cdn.midiamax.com.br\/wp-content\/uploads\/2026\/08\/Encontro-de-carros-antigos-na-Praca-do-Papa-Pietra-Dorneles-Jornal-Midiamax-11.jpeg\" alt=\"\" class=\"wp-image-3358816\"><\/figure>\n<figure class=\"wp-block-image\"><img decoding=\"async\" src=\"https:\/\/cdn.midiamax.com.br\/wp-content\/uploads\/2026\/08\/Encontro-de-carros-antigos-na-Praca-do-Papa-Pietra-Dorneles-Jornal-Midiamax-12.jpeg\" alt=\"\" class=\"wp-image-3358817\"><\/figure>\n<figure class=\"wp-block-image\"><img decoding=\"async\" src=\"https:\/\/cdn.midiamax.com.br\/wp-content\/uploads\/2026\/08\/Encontro-de-carros-antigos-na-Praca-do-Papa-Pietra-Dorneles-Jornal-Midiamax-13.jpeg\" alt=\"\" class=\"wp-image-3358818\"><\/figure>\n<figure class=\"wp-block-image\"><img decoding=\"async\" src=\"https:\/\/cdn.midiamax.com.br\/wp-content\/uploads\/2026\/08\/Encontro-de-carros-antigos-na-Praca-do-Papa-Pietra-Dorneles-Jornal-Midiamax-14.jpeg\" alt=\"\" class=\"wp-image-3358819\"><\/figure>\n<figure class=\"wp-block-image\"><img decoding=\"async\" src=\"https:\/\/cdn.midiamax.com.br\/wp-content\/uploads\/2026\/08\/Encontro-de-carros-antigos-na-Praca-do-Papa-Pietra-Dorneles-Jornal-Midiamax-15.jpeg\" alt=\"\" class=\"wp-image-3358820\"><\/figure>\n<figure class=\"wp-block-image\"><img decoding=\"async\" src=\"https:\/\/cdn.midiamax.com.br\/wp-content\/uploads\/2026\/08\/Encontro-de-carros-antigos-na-Praca-do-Papa-Pietra-Dorneles-Jornal-Midiamax-16.jpeg\" alt=\"\" class=\"wp-image-3358821\"><\/figure>\n<figure class=\"wp-block-image\"><img decoding=\"async\" src=\"https:\/\/cdn.midiamax.com.br\/wp-content\/uploads\/2026\/08\/Encontro-de-carros-antigos-na-Praca-do-Papa-Pietra-Dorneles-Jornal-Midiamax-17.jpeg\" alt=\"\" class=\"wp-image-3358822\"><\/figure>\n<figure class=\"wp-block-image\"><img decoding=\"async\" src=\"https:\/\/cdn.midiamax.com.br\/wp-content\/uploads\/2026\/08\/Encontro-de-carros-antigos-na-Praca-do-Papa-Pietra-Dorneles-Jornal-Midiamax-18.jpeg\" alt=\"\" class=\"wp-image-3358823\"><\/figure>\n<figure class=\"wp-block-image\"><img decoding=\"async\" src=\"https:\/\/cdn.midiamax.com.br\/wp-content\/uploads\/2026\/08\/Encontro-de-carros-antigos-na-Praca-do-Papa-Pietra-Dorneles-Jornal-Midiamax-19.jpeg\" alt=\"\" class=\"wp-image-3358824\"><\/figure>\n<figure class=\"wp-block-image\"><img decoding=\"async\" src=\"https:\/\/cdn.midiamax.com.br\/wp-content\/uploads\/2026\/08\/Encontro-de-carros-antigos-na-Praca-do-Papa-Pietra-Dorneles-Jornal-Midiamax-20.jpeg\" alt=\"\" class=\"wp-image-3358825\"><\/figure>\n<figure class=\"wp-block-image\"><img decoding=\"async\" src=\"https:\/\/cdn.midiamax.com.br\/wp-content\/uploads\/2026\/08\/Encontro-de-carros-antigos-na-Praca-do-Papa-Pietra-Dorneles-Jornal-Midiamax-24.jpeg\" alt=\"\" class=\"wp-image-3358827\"><\/figure>\n<figure class=\"wp-block-image\"><img decoding=\"async\" src=\"https:\/\/cdn.midiamax.com.br\/wp-content\/uploads\/2026\/08\/Encontro-de-carros-antigos-na-Praca-do-Papa-Pietra-Dorneles-Jornal-Midiamax-28.jpeg\" alt=\"\" class=\"wp-image-3358831\"><\/figure>\n<figure class=\"wp-block-image\"><img decoding=\"async\" src=\"https:\/\/cdn.midiamax.com.br\/wp-content\/uploads\/2026\/08\/Encontro-de-carros-antigos-na-Praca-do-Papa-Pietra-Dorneles-Jornal-Midiamax-23.jpeg\" alt=\"\" class=\"wp-image-3358837\"><\/figure>\n<p class=\"wp-block-paragraph\">Encontro de carros antigos na Pra\u00e7a do Papa (Pietra Dorneles, Jornal Midiamax)<\/p>\n<h2 class=\"wp-block-heading\"><img decoding=\"async\" src=\"https:\/\/s.w.org\/images\/core\/emoji\/17.0.2\/72x72\/1f4ac.png\" alt=\"\ud83d\udcac\" class=\"wp-smiley\" style=\"height: 1em; max-height: 1em;\"> Fale com os jornalistas do Midiamax<\/h2>\n<p class=\"wp-block-paragraph\">Tem alguma <strong>den\u00fancia<\/strong>, <strong>flagrante<\/strong>, <strong>reclama\u00e7\u00e3o <\/strong>ou <strong>sugest\u00e3o <\/strong>de pauta para o <strong>Jornal Midiamax<\/strong>?<\/p>\n<p><img decoding=\"async\" src=\"https:\/\/s.w.org\/images\/core\/emoji\/17.0.2\/72x72\/1f5e3.png\" alt=\"\ud83d\udde3\" class=\"wp-smiley\" style=\"height: 1em; max-height: 1em;\"> Envie direto para nossos jornalistas pelo <a href=\"https:\/\/api.whatsapp.com\/send?phone=5567992074330&amp;text=Digite%20aqui%20sua%20den%C3%BAncia.%20Se%20tiver%20fotos%20e%20v%C3%ADdeo%2C%20envie%20tamb%C3%A9m.\">WhatsApp (67) 99207-4330<\/a>. O sigilo est\u00e1 garantido na lei.<\/p>\n<p><!-- bloco-portais-jbr --><\/p>\n<div class=\"box-portais-jbr\" style=\"border:1px solid #e0e0e0;padding:16px 18px;margin:24px 0;border-radius:8px;background:#f9f9f9;font-size:0.95rem;\">\n<p style=\"margin:0 0 10px 0;font-weight:600;\">\n        Continue sempre bem informado acessando nossos portais:\n    <\/p>\n<ul style=\"margin:0;padding-left:20px;\">\n<li style=\"margin-bottom:8px;\">\n            <strong><a href=\"https:\/\/jornaldiadia.com.br\/\" target=\"_blank\" rel=\"noopener\" style=\"text-decoration:none;\">Jornal Dia Dia<\/a><\/strong> \u2013<br \/>\n            Sua fonte confi\u00e1vel para as melhores not\u00edcias e artigos \u00fateis. Fique por dentro dos acontecimentos mais importantes, dicas pr\u00e1ticas e conte\u00fados de qualidade.\n        <\/li>\n<li style=\"margin-bottom:8px;\">\n            <strong><a href=\"https:\/\/jbr.jor.br\/\" target=\"_blank\" rel=\"noopener\" style=\"text-decoration:none;\">Jornal Brasil Regional (JBR)<\/a><\/strong> \u2013<br \/>\n            O pulso do pa\u00eds em tempo real. Not\u00edcias nacionais, regionais e internacionais com \u00e9tica e credibilidade.\n        <\/li>\n<li style=\"margin-bottom:8px;\">\n            <strong><a href=\"https:\/\/castilho.jor.br\/\" target=\"_blank\" rel=\"noopener\" style=\"text-decoration:none;\">Castilho Not\u00edcias (News)<\/a><\/strong> \u2013<br \/>\n            O seu di\u00e1rio local com cobertura de Castilho e Regi\u00e3o (SP). Jornalismo com credibilidade.\n        <\/li>\n<li style=\"margin-bottom:8px;\">\n            <strong><a href=\"https:\/\/casaejardim.net.br\/\" target=\"_blank\" rel=\"noopener\" style=\"text-decoration:none;\">Casa e Jardim<\/a><\/strong> \u2013<br \/>\n            Dicas exclusivas sobre decora\u00e7\u00e3o, jardinagem, arquitetura, DIY, reformas e muito mais. Tend\u00eancias, solu\u00e7\u00f5es pr\u00e1ticas e ideias criativas para todos os estilos e or\u00e7amentos.\n        <\/li>\n<li style=\"margin-bottom:0;\">\n            <strong><a href=\"https:\/\/b10.net.br\/\" target=\"_blank\" rel=\"noopener\" style=\"text-decoration:none;\">B10 Brasil<\/a><\/strong> \u2013<br \/>\n            As principais not\u00edcias, an\u00e1lises e insights sobre neg\u00f3cios, economia e soberania nacional. Conectando o Brasil ao mundo com intelig\u00eancia e estrat\u00e9gia.\n        <\/li>\n<\/ul>\n<\/div>\n<p><!-- \/bloco-portais-jbr --><\/div>\n","protected":false},"excerpt":{"rendered":"<p>A terceira edi\u00e7\u00e3o do Retrocar MS re\u00fane apaixonados pela cultura dos autom\u00f3veis hist\u00f3ricos Murilo Medeiros \u2013 15\/08\/2026 \u2013 12:56 Encontro de carros antigos na Pra\u00e7a do Papa (Pietra Dorneles, Jornal Midiamax) A Pra\u00e7a do Papa, em Campo Grande, est\u00e1 lotada de carros antigos desde a manh\u00e3 deste s\u00e1bado (15) at\u00e9<span class=\"more-link\"><a href=\"http:\/\/diadianews.com\/index.php\/2026\/08\/15\/encontro-de-carros-antigos-lota-praca-do-papa-de-reliquias-ate-domingo\/\">Continue Reading<\/a><\/span><\/p>\n","protected":false},"author":1,"featured_media":6750,"comment_status":"closed","ping_status":"closed","sticky":false,"template":"","format":"standard","meta":{"footnotes":""},"categories":[1],"tags":[],"class_list":["entry","author-valdei","post-6749","post","type-post","status-publish","format-standard","has-post-thumbnail","category-news-do-dia"],"_links":{"self":[{"href":"http:\/\/diadianews.com\/index.php\/wp-json\/wp\/v2\/posts\/6749","targetHints":{"allow":["GET"]}}],"collection":[{"href":"http:\/\/diadianews.com\/index.php\/wp-json\/wp\/v2\/posts"}],"about":[{"href":"http:\/\/diadianews.com\/index.php\/wp-json\/wp\/v2\/types\/post"}],"author":[{"embeddable":true,"href":"http:\/\/diadianews.com\/index.php\/wp-json\/wp\/v2\/users\/1"}],"replies":[{"embeddable":true,"href":"http:\/\/diadianews.com\/index.php\/wp-json\/wp\/v2\/comments?post=6749"}],"version-history":[{"count":0,"href":"http:\/\/diadianews.com\/index.php\/wp-json\/wp\/v2\/posts\/6749\/revisions"}],"wp:featuredmedia":[{"embeddable":true,"href":"http:\/\/diadianews.com\/index.php\/wp-json\/wp\/v2\/media\/6750"}],"wp:attachment":[{"href":"http:\/\/diadianews.com\/index.php\/wp-json\/wp\/v2\/media?parent=6749"}],"wp:term":[{"taxonomy":"category","embeddable":true,"href":"http:\/\/diadianews.com\/index.php\/wp-json\/wp\/v2\/categories?post=6749"},{"taxonomy":"post_tag","embeddable":true,"href":"http:\/\/diadianews.com\/index.php\/wp-json\/wp\/v2\/tags?post=6749"}],"curies":[{"name":"wp","href":"https:\/\/api.w.org\/{rel}","templated":true}]}}