{"id":6759,"date":"2026-08-15T18:25:26","date_gmt":"2026-08-15T21:25:26","guid":{"rendered":"https:\/\/diadianews.com\/index.php\/2026\/08\/15\/brasil-conquista-bronze-no-mundial-e-garante-vaga-olimpica-na-ginastica-ritmica\/"},"modified":"2026-08-15T18:25:26","modified_gmt":"2026-08-15T21:25:26","slug":"brasil-conquista-bronze-no-mundial-e-garante-vaga-olimpica-na-ginastica-ritmica","status":"publish","type":"post","link":"http:\/\/diadianews.com\/index.php\/2026\/08\/15\/brasil-conquista-bronze-no-mundial-e-garante-vaga-olimpica-na-ginastica-ritmica\/","title":{"rendered":"Brasil conquista bronze no Mundial e garante vaga ol\u00edmpica na gin\u00e1stica r\u00edtmica"},"content":{"rendered":"<div>\n<p class=\"wp-block-paragraph\">Melhor campanha brasileira obteu nota 28,700, na s\u00e9rie mista de tr\u00eas arcos e duas ma\u00e7as<\/p>\n<p class=\"wp-block-paragraph\">Ag\u00eancia Estado \u2013 15\/08\/2026 \u2013 13:41 \u2013 Conjunto do Brasil celebra ap\u00f3s apresenta\u00e7\u00e3o no Mundial de Gin\u00e1stica R\u00edtmica \u2013 (Imagem: Ivan Carvalho\/CBG)<\/p>\n<p class=\"wp-block-paragraph\">O Brasil est\u00e1 classificado para os Jogos Ol\u00edmpicos de Los Angeles-2028 na gin\u00e1stica r\u00edtmica. A vaga foi conquistada neste s\u00e1bado, com a medalha de bronze do conjunto geral no Mundial de Frankfurt, na Alemanha.<\/p>\n<p class=\"wp-block-paragraph\">A sele\u00e7\u00e3o brasileira somou 55,500 pontos nas duas apresenta\u00e7\u00f5es. O melhor desempenho ocorreu na s\u00e9rie mista, com tr\u00eas arcos e duas ma\u00e7as, que recebeu a nota 28,700 ao som de \u201cAbracadabra\u201d, de Lady Gaga.<\/p>\n<p class=\"wp-block-paragraph\">Na s\u00e9rie de cinco bolas, o conjunto cometeu uma falha, mas alcan\u00e7ou 26,800 pontos. Depois de concluir sua participa\u00e7\u00e3o, o Brasil precisou aguardar a apresenta\u00e7\u00e3o das demais sele\u00e7\u00f5es para confirmar um lugar no p\u00f3dio.<\/p>\n<p class=\"wp-block-paragraph\">A Espanha conquistou o t\u00edtulo mundial com 57,450 pontos, enquanto o Jap\u00e3o ficou com a prata ao atingir 56,700. Como as tr\u00eas primeiras colocadas garantiam classifica\u00e7\u00e3o direta, o bronze assegurou antecipadamente a presen\u00e7a brasileira em Los Angeles.<\/p>\n<p class=\"wp-block-paragraph\">O resultado representa a segunda medalha consecutiva do Brasil no conjunto geral de um Mundial. Em 2025, diante da torcida no <a href=\"https:\/\/midiamax.com.br\/municipios\/rio-de-janeiro\/\">Rio de Janeiro<\/a>, a equipe havia conquistado uma prata in\u00e9dita.<\/p>\n<p class=\"wp-block-paragraph\">Comandado por Camila Ferezin, o conjunto brasileiro conta com Maria Eduarda Arakaki, Nicole P\u00edrcio, Sofia Madeira, Maria Paula Caminha, Mariana Vit\u00f3ria Pinto e Julia Kurunczi.<\/p>\n<p class=\"wp-block-paragraph\">O Brasil ainda disputar\u00e1 neste domingo as finais por aparelhos das cinco bolas e da s\u00e9rie mista. A defini\u00e7\u00e3o das atletas que representar\u00e3o o pa\u00eds na Olimp\u00edada acontecer\u00e1 mais perto dos Jogos.<\/p>\n<h2 class=\"wp-block-heading\"><img decoding=\"async\" src=\"https:\/\/s.w.org\/images\/core\/emoji\/17.0.2\/72x72\/1f4ac.png\" alt=\"\ud83d\udcac\" class=\"wp-smiley\" style=\"height: 1em; max-height: 1em;\"> Fale com os jornalistas do Midiamax<\/h2>\n<p class=\"wp-block-paragraph\">Tem alguma <strong>den\u00fancia<\/strong>, <strong>flagrante<\/strong>, <strong>reclama\u00e7\u00e3o <\/strong>ou <strong>sugest\u00e3o <\/strong>de pauta para o <strong>Jornal Midiamax<\/strong>?<\/p>\n<p><img decoding=\"async\" src=\"https:\/\/s.w.org\/images\/core\/emoji\/17.0.2\/72x72\/1f5e3.png\" alt=\"\ud83d\udde3\" class=\"wp-smiley\" style=\"height: 1em; max-height: 1em;\"> Envie direto para nossos jornalistas pelo <a href=\"https:\/\/api.whatsapp.com\/send?phone=5567992074330&amp;text=Digite%20aqui%20sua%20den%C3%BAncia.%20Se%20tiver%20fotos%20e%20v%C3%ADdeo%2C%20envie%20tamb%C3%A9m.\">WhatsApp (67) 99207-4330<\/a>. O sigilo est\u00e1 garantido na lei.<\/p>\n<p><!-- bloco-portais-jbr --><\/p>\n<div class=\"box-portais-jbr\" style=\"border:1px solid #e0e0e0;padding:16px 18px;margin:24px 0;border-radius:8px;background:#f9f9f9;font-size:0.95rem;\">\n<p style=\"margin:0 0 10px 0;font-weight:600;\">\n        Continue sempre bem informado acessando nossos portais:\n    <\/p>\n<ul style=\"margin:0;padding-left:20px;\">\n<li style=\"margin-bottom:8px;\">\n            <strong><a href=\"https:\/\/jornaldiadia.com.br\/\" target=\"_blank\" rel=\"noopener\" style=\"text-decoration:none;\">Jornal Dia Dia<\/a><\/strong> \u2013<br \/>\n            Sua fonte confi\u00e1vel para as melhores not\u00edcias e artigos \u00fateis. Fique por dentro dos acontecimentos mais importantes, dicas pr\u00e1ticas e conte\u00fados de qualidade.\n        <\/li>\n<li style=\"margin-bottom:8px;\">\n            <strong><a href=\"https:\/\/jbr.jor.br\/\" target=\"_blank\" rel=\"noopener\" style=\"text-decoration:none;\">Jornal Brasil Regional (JBR)<\/a><\/strong> \u2013<br \/>\n            O pulso do pa\u00eds em tempo real. Not\u00edcias nacionais, regionais e internacionais com \u00e9tica e credibilidade.\n        <\/li>\n<li style=\"margin-bottom:8px;\">\n            <strong><a href=\"https:\/\/castilho.jor.br\/\" target=\"_blank\" rel=\"noopener\" style=\"text-decoration:none;\">Castilho Not\u00edcias (News)<\/a><\/strong> \u2013<br \/>\n            O seu di\u00e1rio local com cobertura de Castilho e Regi\u00e3o (SP). Jornalismo com credibilidade.\n        <\/li>\n<li style=\"margin-bottom:8px;\">\n            <strong><a href=\"https:\/\/casaejardim.net.br\/\" target=\"_blank\" rel=\"noopener\" style=\"text-decoration:none;\">Casa e Jardim<\/a><\/strong> \u2013<br \/>\n            Dicas exclusivas sobre decora\u00e7\u00e3o, jardinagem, arquitetura, DIY, reformas e muito mais. Tend\u00eancias, solu\u00e7\u00f5es pr\u00e1ticas e ideias criativas para todos os estilos e or\u00e7amentos.\n        <\/li>\n<li style=\"margin-bottom:0;\">\n            <strong><a href=\"https:\/\/b10.net.br\/\" target=\"_blank\" rel=\"noopener\" style=\"text-decoration:none;\">B10 Brasil<\/a><\/strong> \u2013<br \/>\n            As principais not\u00edcias, an\u00e1lises e insights sobre neg\u00f3cios, economia e soberania nacional. Conectando o Brasil ao mundo com intelig\u00eancia e estrat\u00e9gia.\n        <\/li>\n<\/ul>\n<\/div>\n<p><!-- \/bloco-portais-jbr --><\/div>\n","protected":false},"excerpt":{"rendered":"<p>Melhor campanha brasileira obteu nota 28,700, na s\u00e9rie mista de tr\u00eas arcos e duas ma\u00e7as Ag\u00eancia Estado \u2013 15\/08\/2026 \u2013 13:41 \u2013 Conjunto do Brasil celebra ap\u00f3s apresenta\u00e7\u00e3o no Mundial de Gin\u00e1stica R\u00edtmica \u2013 (Imagem: Ivan Carvalho\/CBG) O Brasil est\u00e1 classificado para os Jogos Ol\u00edmpicos de Los Angeles-2028 na gin\u00e1stica<span class=\"more-link\"><a href=\"http:\/\/diadianews.com\/index.php\/2026\/08\/15\/brasil-conquista-bronze-no-mundial-e-garante-vaga-olimpica-na-ginastica-ritmica\/\">Continue Reading<\/a><\/span><\/p>\n","protected":false},"author":1,"featured_media":6760,"comment_status":"closed","ping_status":"closed","sticky":false,"template":"","format":"standard","meta":{"footnotes":""},"categories":[1],"tags":[],"class_list":["entry","author-valdei","post-6759","post","type-post","status-publish","format-standard","has-post-thumbnail","category-news-do-dia"],"_links":{"self":[{"href":"http:\/\/diadianews.com\/index.php\/wp-json\/wp\/v2\/posts\/6759","targetHints":{"allow":["GET"]}}],"collection":[{"href":"http:\/\/diadianews.com\/index.php\/wp-json\/wp\/v2\/posts"}],"about":[{"href":"http:\/\/diadianews.com\/index.php\/wp-json\/wp\/v2\/types\/post"}],"author":[{"embeddable":true,"href":"http:\/\/diadianews.com\/index.php\/wp-json\/wp\/v2\/users\/1"}],"replies":[{"embeddable":true,"href":"http:\/\/diadianews.com\/index.php\/wp-json\/wp\/v2\/comments?post=6759"}],"version-history":[{"count":0,"href":"http:\/\/diadianews.com\/index.php\/wp-json\/wp\/v2\/posts\/6759\/revisions"}],"wp:featuredmedia":[{"embeddable":true,"href":"http:\/\/diadianews.com\/index.php\/wp-json\/wp\/v2\/media\/6760"}],"wp:attachment":[{"href":"http:\/\/diadianews.com\/index.php\/wp-json\/wp\/v2\/media?parent=6759"}],"wp:term":[{"taxonomy":"category","embeddable":true,"href":"http:\/\/diadianews.com\/index.php\/wp-json\/wp\/v2\/categories?post=6759"},{"taxonomy":"post_tag","embeddable":true,"href":"http:\/\/diadianews.com\/index.php\/wp-json\/wp\/v2\/tags?post=6759"}],"curies":[{"name":"wp","href":"https:\/\/api.w.org\/{rel}","templated":true}]}}