{"id":6761,"date":"2026-08-15T18:49:43","date_gmt":"2026-08-15T21:49:43","guid":{"rendered":"https:\/\/diadianews.com\/index.php\/2026\/08\/15\/movimento-do-nfl-ocupa-fazenda-em-lavinia-sp\/"},"modified":"2026-08-15T18:49:43","modified_gmt":"2026-08-15T21:49:43","slug":"movimento-do-nfl-ocupa-fazenda-em-lavinia-sp","status":"publish","type":"post","link":"http:\/\/diadianews.com\/index.php\/2026\/08\/15\/movimento-do-nfl-ocupa-fazenda-em-lavinia-sp\/","title":{"rendered":"Movimento do NFL ocupa fazenda em Lav\u00ednia-SP"},"content":{"rendered":"<div>\n<p class=\"wp-block-paragraph\">Segundo uma fonte 48 fam\u00edlias lideradas pelo Movimento Social NFL ocuparam uma \u00e1rea pertencente a uma fazenda no munic\u00edpio em Lav\u00ednia-SP localizado na regi\u00e3o Noroeste do Estado  de S\u00e3o Paulo.<\/p>\n<p class=\"wp-block-paragraph\">Segundo essa mesma fonte, o L\u00edder dos Sem Terra, mais conhecido por Jos\u00e9 Rainha estaria \u00e0 frente do movimento. Essa mesma fonte diz estar esperan\u00e7osa j\u00e1 que cada fam\u00edlia ter\u00e1 direito a lotes de cinco alqueires.<\/p>\n<p class=\"wp-block-paragraph\">Segundo a fonte a \u00e1rea j\u00e1 teria sido designada pelo Incra para abrigar trabalhadores ligadas ao movimento MST e NFL. \u201cPrecisamos aproveitar a vez enquanto temos o presidente Lula no comando\u201d disse ele sorridente.<\/p>\n<p class=\"wp-block-paragraph\">Reda\u00e7\u00e3o DiaDia<\/p>\n<p class=\"wp-block-paragraph\">\n<p><!-- bloco-portais-jbr --><\/p>\n<div class=\"box-portais-jbr\" style=\"border:1px solid #e0e0e0;padding:16px 18px;margin:24px 0;border-radius:8px;background:#f9f9f9;font-size:0.95rem;\">\n<p style=\"margin:0 0 10px 0;font-weight:600;\">\n        Continue sempre bem informado acessando nossos portais:\n    <\/p>\n<ul style=\"margin:0;padding-left:20px;\">\n<li style=\"margin-bottom:8px;\">\n            <strong><a href=\"https:\/\/jornaldiadia.com.br\/\" target=\"_blank\" rel=\"noopener\" style=\"text-decoration:none;\">Jornal Dia Dia<\/a><\/strong> \u2013<br \/>\n            Sua fonte confi\u00e1vel para as melhores not\u00edcias e artigos \u00fateis. Fique por dentro dos acontecimentos mais importantes, dicas pr\u00e1ticas e conte\u00fados de qualidade.\n        <\/li>\n<li style=\"margin-bottom:8px;\">\n            <strong><a href=\"https:\/\/jbr.jor.br\/\" target=\"_blank\" rel=\"noopener\" style=\"text-decoration:none;\">Jornal Brasil Regional (JBR)<\/a><\/strong> \u2013<br \/>\n            O pulso do pa\u00eds em tempo real. Not\u00edcias nacionais, regionais e internacionais com \u00e9tica e credibilidade.\n        <\/li>\n<li style=\"margin-bottom:8px;\">\n            <strong><a href=\"https:\/\/castilho.jor.br\/\" target=\"_blank\" rel=\"noopener\" style=\"text-decoration:none;\">Castilho Not\u00edcias (News)<\/a><\/strong> \u2013<br \/>\n            O seu di\u00e1rio local com cobertura de Castilho e Regi\u00e3o (SP). Jornalismo com credibilidade.\n        <\/li>\n<li style=\"margin-bottom:8px;\">\n            <strong><a href=\"https:\/\/casaejardim.net.br\/\" target=\"_blank\" rel=\"noopener\" style=\"text-decoration:none;\">Casa e Jardim<\/a><\/strong> \u2013<br \/>\n            Dicas exclusivas sobre decora\u00e7\u00e3o, jardinagem, arquitetura, DIY, reformas e muito mais. Tend\u00eancias, solu\u00e7\u00f5es pr\u00e1ticas e ideias criativas para todos os estilos e or\u00e7amentos.\n        <\/li>\n<li style=\"margin-bottom:0;\">\n            <strong><a href=\"https:\/\/b10.net.br\/\" target=\"_blank\" rel=\"noopener\" style=\"text-decoration:none;\">B10 Brasil<\/a><\/strong> \u2013<br \/>\n            As principais not\u00edcias, an\u00e1lises e insights sobre neg\u00f3cios, economia e soberania nacional. Conectando o Brasil ao mundo com intelig\u00eancia e estrat\u00e9gia.\n        <\/li>\n<\/ul>\n<\/div>\n<p><!-- \/bloco-portais-jbr --><\/div>\n","protected":false},"excerpt":{"rendered":"<p>Segundo uma fonte 48 fam\u00edlias lideradas pelo Movimento Social NFL ocuparam uma \u00e1rea pertencente a uma fazenda no munic\u00edpio em Lav\u00ednia-SP localizado na regi\u00e3o Noroeste do Estado de S\u00e3o Paulo. Segundo essa mesma fonte, o L\u00edder dos Sem Terra, mais conhecido por Jos\u00e9 Rainha estaria \u00e0 frente do movimento. Essa<span class=\"more-link\"><a href=\"http:\/\/diadianews.com\/index.php\/2026\/08\/15\/movimento-do-nfl-ocupa-fazenda-em-lavinia-sp\/\">Continue Reading<\/a><\/span><\/p>\n","protected":false},"author":1,"featured_media":6762,"comment_status":"closed","ping_status":"closed","sticky":false,"template":"","format":"standard","meta":{"footnotes":""},"categories":[1],"tags":[],"class_list":["entry","author-valdei","post-6761","post","type-post","status-publish","format-standard","has-post-thumbnail","category-news-do-dia"],"_links":{"self":[{"href":"http:\/\/diadianews.com\/index.php\/wp-json\/wp\/v2\/posts\/6761","targetHints":{"allow":["GET"]}}],"collection":[{"href":"http:\/\/diadianews.com\/index.php\/wp-json\/wp\/v2\/posts"}],"about":[{"href":"http:\/\/diadianews.com\/index.php\/wp-json\/wp\/v2\/types\/post"}],"author":[{"embeddable":true,"href":"http:\/\/diadianews.com\/index.php\/wp-json\/wp\/v2\/users\/1"}],"replies":[{"embeddable":true,"href":"http:\/\/diadianews.com\/index.php\/wp-json\/wp\/v2\/comments?post=6761"}],"version-history":[{"count":0,"href":"http:\/\/diadianews.com\/index.php\/wp-json\/wp\/v2\/posts\/6761\/revisions"}],"wp:featuredmedia":[{"embeddable":true,"href":"http:\/\/diadianews.com\/index.php\/wp-json\/wp\/v2\/media\/6762"}],"wp:attachment":[{"href":"http:\/\/diadianews.com\/index.php\/wp-json\/wp\/v2\/media?parent=6761"}],"wp:term":[{"taxonomy":"category","embeddable":true,"href":"http:\/\/diadianews.com\/index.php\/wp-json\/wp\/v2\/categories?post=6761"},{"taxonomy":"post_tag","embeddable":true,"href":"http:\/\/diadianews.com\/index.php\/wp-json\/wp\/v2\/tags?post=6761"}],"curies":[{"name":"wp","href":"https:\/\/api.w.org\/{rel}","templated":true}]}}