{"id":6774,"date":"2026-08-16T08:22:59","date_gmt":"2026-08-16T11:22:59","guid":{"rendered":"http:\/\/diadianews.com\/index.php\/2026\/08\/16\/com-forte-discurso-em-defesa-das-mulheres-psicologa-e-eleita-rainha-do-itaqua-rodeio-fest-2026\/"},"modified":"2026-08-16T08:22:59","modified_gmt":"2026-08-16T11:22:59","slug":"com-forte-discurso-em-defesa-das-mulheres-psicologa-e-eleita-rainha-do-itaqua-rodeio-fest-2026","status":"publish","type":"post","link":"http:\/\/diadianews.com\/index.php\/2026\/08\/16\/com-forte-discurso-em-defesa-das-mulheres-psicologa-e-eleita-rainha-do-itaqua-rodeio-fest-2026\/","title":{"rendered":"Com forte discurso em defesa das mulheres, psic\u00f3loga \u00e9 eleita Rainha do Itaqu\u00e1 Rodeio Fest 2026"},"content":{"rendered":"<div>\n<p class=\"wp-block-paragraph\"><em>Julia Liporace de Ara\u00fajo levou a melhor no concurso, que teve final na noite dessa sexta-feira (14\/8); a cirurgi\u00e3-dentista Alice Bastos foi coroada 1\u00aa Princesa e a videomaker Kimberly Silva, 2\u00aa Princesa<\/em><\/p>\n<p class=\"wp-block-paragraph\">O Itaqu\u00e1 Rodeio Fest elegeu a Corte para a edi\u00e7\u00e3o de 2026, na noite dessa sexta-feira (14\/8), com direito \u00e0s torcidas mais animadas da hist\u00f3ria do concurso, entre faixas, cartazes e manifesta\u00e7\u00f5es de apoio. <\/p>\n<p class=\"wp-block-paragraph\">A psic\u00f3loga Julia Liporace de Ara\u00fajo, de 23 anos, moradora da Vila Miranda, recebeu a coroa de Rainha e ser\u00e1 a representante m\u00e1xima da quinta edi\u00e7\u00e3o do festival, que integra as comemora\u00e7\u00f5es dos 466 anos de Itaquaquecetuba-SP. <\/p>\n<p class=\"wp-block-paragraph\">O evento, que acontece nos dias 5, 6, 11 e 12 de setembro, ter\u00e1 shows de artistas nacionais e, pela primeira vez, ser\u00e1 palco de etapa nacional da Professional Bull Riders (PBR), circuito de montaria em touros.<\/p>\n<p class=\"wp-block-paragraph\">A cirurgi\u00e3-dentista Alice Bastos, de 27 anos, moradora da Vila Maria Augusta, foi escolhida 1\u00aa Princesa. A videomaker Kimberly Silva, de 24 anos, do Jardim Pinheirinho, ficou com o t\u00edtulo de 2\u00aa Princesa e completou o p\u00f3dio do concurso que elegeu a Corte do 5\u00ba Itaqu\u00e1 Rodeio Fest.<\/p>\n<p class=\"wp-block-paragraph\">Abrigada no Centro de Conviv\u00eancia da Melhor Idade (CEMI), a final encerrou uma disputa que teve 70 inscritas \u2013 n\u00famero superior as 51 candidatas que concorreram ao t\u00edtulo na edi\u00e7\u00e3o de 2025.<\/p>\n<p class=\"wp-block-paragraph\">Ap\u00f3s seletiva realizada no \u00faltimo dia 31, dez avan\u00e7aram para a \u00faltima etapa, ocasi\u00e3o em que a Comiss\u00e3o Julgadora avaliou crit\u00e9rios como Postura, Comunica\u00e7\u00e3o, Desenvoltura, Eleg\u00e2ncia e Beleza Pl\u00e1stica. A exemplo dos anos anteriores, o concurso teve organiza\u00e7\u00e3o da Associa\u00e7\u00e3o Comercial e Industrial de Itaquaquecetuba (Acidi) e apoio da Secretaria Municipal de Cultura.<\/p>\n<p class=\"wp-block-paragraph\">Psic\u00f3loga por forma\u00e7\u00e3o, a Rainha do Itaqu\u00e1 Rodeio Fest 2026 afirmou que pretende utilizar a visibilidade do t\u00edtulo para apoiar causas voltadas ao p\u00fablico feminino:<\/p>\n<p class=\"wp-block-paragraph\">\u201cEsta vit\u00f3ria n\u00e3o \u00e9 s\u00f3 minha. Dedico a todas as mulheres que sempre estiveram ao meu lado e me ensinaram sobre for\u00e7a, independ\u00eancia e a import\u00e2ncia de ocuparmos nossos espa\u00e7os. Quero aproveitar essa oportunidade e a representatividade que a coroa me traz para dar voz e apoiar causas que fa\u00e7am diferen\u00e7a na vida da popula\u00e7\u00e3o feminina de Itaqu\u00e1\u201d.<\/p>\n<p class=\"wp-block-paragraph\">A 1\u00aa Princesa, Alice Bastos, que \u00e9 formada em Odontologia, surpreendeu o p\u00fablico ao se comunicar em Libras e encerrou sua fala com uma homenagem \u00e0 Sara Ara\u00fajo, portadora de defici\u00eancia f\u00edsica e Embaixadora da Inclus\u00e3o do Itaqu\u00e1 Rodeio Fest 2026.<\/p>\n<p class=\"wp-block-paragraph\">Antes do an\u00fancio das vencedoras, a madrinha de honra do rodeio, Rosa Pastre, desfilou diante das candidatas e do p\u00fablico presente, formado por mais de 200 pessoas. Na sequ\u00eancia, Nat\u00e1lia Dutra, Rainha do Itaqu\u00e1 Rodeio Fest 2025, fez seu desfile de despedida. A final do concurso ainda contou com apresenta\u00e7\u00e3o do cantor Sil Cardoso e cerimonial conduzido pela secret\u00e1ria municipal de Cultura, Nena Mar.<\/p>\n<p class=\"wp-block-paragraph\">Al\u00e9m das faixas e de trof\u00e9us, as tr\u00eas vencedoras foram premiadas em dinheiro. Julia recebeu R$ 6 mil; Alice, R$ 4 mil; e Kimberly, R$ 3 mil, totalizando R$ 13 mil em pr\u00eamios. A entrega foi feita pelo prefeito de Itaquaquecetuba, Delegado Eduardo Boigues (PL), e por sua esposa, Mila Boigues, primeira-dama e presidente do Fundo Social de Solidariedade do munic\u00edpio.<\/p>\n<p class=\"wp-block-paragraph\"><strong>Falta pouco<\/strong><\/p>\n<p class=\"wp-block-paragraph\">O 5\u00ba Itaqu\u00e1 Rodeio Fest ser\u00e1 realizado nos dias 5, 6, 11 e 12 de setembro, como parte das comemora\u00e7\u00f5es dos 466 anos de Itaquaquecetuba, celebrados oficialmente em 8 de setembro.<\/p>\n<p class=\"wp-block-paragraph\">A programa\u00e7\u00e3o musical contar\u00e1 com 13 atra\u00e7\u00f5es nacionais. A edi\u00e7\u00e3o de 2026 ter\u00e1, pela primeira vez, provas da etapa brasileira da Professional Bull Riders (PBR), campeonato de montaria em touros.<\/p>\n<p class=\"wp-block-paragraph\">No encerramento do maior rodeio de portas abertas do Brasil ainda ser\u00e1 realizada a tradicional cavalgada. A expectativa da organiza\u00e7\u00e3o \u00e9 receber 240 mil pessoas ao longo dos quatro dias de evento.<\/p>\n<p class=\"wp-block-paragraph\"><em><u>SERVI\u00c7O:<\/u><\/em><\/p>\n<p class=\"wp-block-paragraph\"><strong>Itaqu\u00e1 Rodeio Fest 2026<\/strong><\/p>\n<p class=\"wp-block-paragraph\">Quando: 5, 6, 11 e 12 de setembro<\/p>\n<p class=\"wp-block-paragraph\">Onde: Estrada Governador M\u00e1rio Covas J\u00fanior \u2013 Jardim Adriane (ao lado do Itaqu\u00e1 Park Shopping)<\/p>\n<p class=\"wp-block-paragraph\"><strong>Programa\u00e7\u00e3o musical:<\/strong><\/p>\n<p class=\"wp-block-paragraph\">5\/9 \u2013 S\u00e1bado<\/p>\n<p class=\"wp-block-paragraph\">Gusttavo Lima \/ Sorriso Maroto \/ Matu\u00ea<\/p>\n<p class=\"wp-block-paragraph\">6\/9 \u2013 Domingo<\/p>\n<p class=\"wp-block-paragraph\">Simone Mendes \/ Panda \/ Gustavo Mioto \/ Filho do Piseiro<\/p>\n<p class=\"wp-block-paragraph\">11\/9 \u2013 Sexta-feira<\/p>\n<p class=\"wp-block-paragraph\">Henrique &amp; Juliano \/ Grelo \/ Bia Frazzo<\/p>\n<p class=\"wp-block-paragraph\">12\/9 \u2013 S\u00e1bado<\/p>\n<p class=\"wp-block-paragraph\">Natanzinho Lima \/ Belo \/ Calcinha Preta<\/p>\n<p class=\"wp-block-paragraph\"><strong>Ingressos:<\/strong><\/p>\n<p class=\"wp-block-paragraph\">Troca solid\u00e1ria para pista<\/p>\n<p class=\"wp-block-paragraph\">At\u00e9 30\/8 (domingo)<\/p>\n<p class=\"wp-block-paragraph\"><em>LIMITADO A 6 INGRESSOS POR CPF<\/em><\/p>\n<p class=\"wp-block-paragraph\">Rela\u00e7\u00e3o de alimentos e materiais:<\/p>\n<p class=\"wp-block-paragraph\">5\/9: Gusttavo Lima \/ Sorriso Maroto \/ Matu\u00ea<\/p>\n<p class=\"wp-block-paragraph\">1 kg de arroz + 1 kg de feij\u00e3o + 1 embalagem pl\u00e1stica<\/p>\n<p class=\"wp-block-paragraph\">ou<\/p>\n<p class=\"wp-block-paragraph\">1 kg de garrafa PET<\/p>\n<p class=\"wp-block-paragraph\">6\/9: Simone Mendes \/ Panda \/ Gustavo Mioto \/ Filho do Piseiro<\/p>\n<p class=\"wp-block-paragraph\">\u00d3leo 900ml + macarr\u00e3o 500g + 1 molho de tomate + 1 embalagem pl\u00e1stica<\/p>\n<p class=\"wp-block-paragraph\">ou<\/p>\n<p class=\"wp-block-paragraph\">1 kg de garrafa PET<\/p>\n<p class=\"wp-block-paragraph\">11\/9: Henrique &amp; Juliano \/ Grelo \/ Bia Frazzo<\/p>\n<p class=\"wp-block-paragraph\">Caf\u00e9 500g + 1 embalagem pl\u00e1stica<\/p>\n<p class=\"wp-block-paragraph\">ou<\/p>\n<p class=\"wp-block-paragraph\">1 kg de garrafa PET<\/p>\n<p class=\"wp-block-paragraph\">12\/9: Natanzinho Lima \/ Belo \/ Calcinha Preta<\/p>\n<p class=\"wp-block-paragraph\">Leite 1L+ sal 1 kg + a\u00e7\u00facar 1kg + 1 embalagem pl\u00e1stica<\/p>\n<p class=\"wp-block-paragraph\">ou<\/p>\n<p class=\"wp-block-paragraph\">1 kg de garrafa PET<\/p>\n<p class=\"wp-block-paragraph\">Onde fazer a troca | Pontos fixos:<\/p>\n<p class=\"wp-block-paragraph\">Fundo Social de Solidariedade:<\/p>\n<p class=\"wp-block-paragraph\">Rua Vereador Jos\u00e9 Barbosa de Ara\u00fajo, 195 \u2013 Vila Virg\u00ednia<\/p>\n<p class=\"wp-block-paragraph\">Das 9h \u00e0s 16h<\/p>\n<p class=\"wp-block-paragraph\">Itaqu\u00e1 Park Shopping:<\/p>\n<p class=\"wp-block-paragraph\">Estrada Municipal do Mandi, 1.205 \u2013 Jardim Adriane<\/p>\n<p class=\"wp-block-paragraph\">Das 10h \u00e0s 20h<\/p>\n<p class=\"wp-block-paragraph\">Par\u00f3quia Nossa Senhora D\u2019Ajuda:<\/p>\n<p class=\"wp-block-paragraph\">Pra\u00e7a Padre Jo\u00e3o \u00c1lvares, 66 \u2013 Centro<\/p>\n<p class=\"wp-block-paragraph\">Das 9h \u00e0s 16h<\/p>\n<p class=\"wp-block-paragraph\">Supermercado D\u2019av\u00f3:<\/p>\n<p class=\"wp-block-paragraph\">Avenida \u00cdtalo Adami, 1.809 \u2013 Morro Branco<\/p>\n<p class=\"wp-block-paragraph\">Das 10h \u00e0s 20h<\/p>\n<p class=\"wp-block-paragraph\">Mega Xereta:<\/p>\n<p class=\"wp-block-paragraph\">Avenida \u00cdtalo Adami, 65 \u2013 Vila Zeferina<\/p>\n<p class=\"wp-block-paragraph\">Das 10h \u00e0s 18h30<\/p>\n<p class=\"wp-block-paragraph\">Base Guarda Civil Municipal (GCM) Caiuby:<\/p>\n<p class=\"wp-block-paragraph\">Estrada dos \u00cdndios, 1.121 \u2013 Jardim Caiubi<\/p>\n<p class=\"wp-block-paragraph\">Das 9h \u00e0s 16h<\/p>\n<p class=\"wp-block-paragraph\">Troca por fraldas:<\/p>\n<p class=\"wp-block-paragraph\">Hospital Previna<\/p>\n<p class=\"wp-block-paragraph\">Pra\u00e7a Padre Jo\u00e3o \u00c1lvares, 27 \u2013 Centro<\/p>\n<p class=\"wp-block-paragraph\"><em>IMPORTANTE: A troca de ingressos por 1kg de garrafa PET \u00e9 feita <\/em><strong><em>exclusivamente no Fundo Social<\/em><\/strong><\/p>\n<p class=\"wp-block-paragraph\">Troca por absorventes \u2013 exclusiva para Pessoa com Defici\u00eancia (PcD):<\/p>\n<p class=\"wp-block-paragraph\">Secretaria Municipal da Mulher, Direitos Humanos e Cidadania<\/p>\n<p class=\"wp-block-paragraph\">Rua Nem\u00e9sio C\u00e2ndido Gomes, 30 \u2013 Vila Zeferina<\/p>\n<p class=\"wp-block-paragraph\">Das 9h \u00e0s 16h<\/p>\n<p class=\"wp-block-paragraph\">Van itinerante do Fundo Social | Das 9h \u00e0s 16h:<\/p>\n<p class=\"wp-block-paragraph\">17\/8 \u2013 2\u00aa feira<\/p>\n<p class=\"wp-block-paragraph\">Escola Estadual (E.E) \u201cKakunosuke Hasegawa\u201d<\/p>\n<p class=\"wp-block-paragraph\">Rua Serra dos Parecis, 200 \u2013 Jardim Paineira<\/p>\n<p class=\"wp-block-paragraph\">18\/8 \u2013 3\u00aa feira<\/p>\n<p class=\"wp-block-paragraph\">Campo de futebol do Recanto M\u00f4nica<\/p>\n<p class=\"wp-block-paragraph\">Rua Ouro Verde, s\/n\u00ba<\/p>\n<p class=\"wp-block-paragraph\">19\/8 \u2013 4\u00aa feira<\/p>\n<p class=\"wp-block-paragraph\">Jardim Itaqu\u00e1<\/p>\n<p class=\"wp-block-paragraph\">Rua dos Comerciantes, 26<\/p>\n<p class=\"wp-block-paragraph\">20\/8 \u2013 5\u00aa feira<\/p>\n<p class=\"wp-block-paragraph\">Jardim Luciana<\/p>\n<p class=\"wp-block-paragraph\">Rua Assis Chateaubriand (em frente \u00e0 caixa d\u2019\u00e1gua)<\/p>\n<p class=\"wp-block-paragraph\">21\/8 \u2013 6\u00aa feira<\/p>\n<p class=\"wp-block-paragraph\">Jardim Josely<\/p>\n<p class=\"wp-block-paragraph\">Estrada do S\u00e3o Bento, 8.181<\/p>\n<p class=\"wp-block-paragraph\">22\/8 \u2013 S\u00e1bado<\/p>\n<p class=\"wp-block-paragraph\">Jardim S\u00e3o Roberto<\/p>\n<p class=\"wp-block-paragraph\">Rua Santa Catarina \u2013 em frente ao Centro de Atendimento Integral da Crian\u00e7a (CAIC)<\/p>\n<p class=\"wp-block-paragraph\">23\/8 \u2013 Domingo<\/p>\n<p class=\"wp-block-paragraph\">Manoel Feio<\/p>\n<p class=\"wp-block-paragraph\">Esta\u00e7\u00e3o de trem \u201cEngenheiro Manoel Feio\u201d<\/p>\n<p class=\"wp-block-paragraph\"><strong>Venda de ingressos\/camarotes<\/strong><\/p>\n<p class=\"wp-block-paragraph\">www.guicheweb.com.br\/itaqua-rodeio-fest_54018<\/p>\n<p class=\"wp-block-paragraph\">Para 5\/9, exclusivamente: baladapp.com.br\/pt-BR\/eventos\/itaqua-rodeio-fest-2026\/9230<\/p>\n<p class=\"wp-block-paragraph\">Valores:<\/p>\n<p class=\"wp-block-paragraph\">\u2013 Backstage experience: Setor mais exclusivo do evento, com localiza\u00e7\u00e3o privilegiada (ao lado do palco) e acesso ao camarote presidente open bar e ao frontstage. A partir de R$ 349, por pessoa;<\/p>\n<p class=\"wp-block-paragraph\">\u2013 Camarote presidente: Open bar durante toda a noite, al\u00e9m de estrutura premium. Exclusivo para maiores de 18 anos. A partir de R$ 309, por pessoa; e de R$ 509, dupla (2 ingressos);<\/p>\n<p class=\"wp-block-paragraph\">\u2013 Camarote Viva+: Oferece a mesma proposta de conforto e estrutura premium do camarote presidente, mas sem open bar. A partir de R$ 279, por pessoa, e de R$ 469 dupla (2 ingressos);<\/p>\n<p class=\"wp-block-paragraph\">\u2013 Frontstage:<\/p>\n<p class=\"wp-block-paragraph\">Em frente ao palco. A partir de R$ 139, por pessoa, e por R$ 319 dupla (2 ingressos);<\/p>\n<p class=\"wp-block-paragraph\">\u2013 Pista prime (atr\u00e1s do frontstage):<\/p>\n<p class=\"wp-block-paragraph\">A partir de R$ 20;<\/p>\n<p class=\"wp-block-paragraph\">\u2013 Passaporte permanente:<\/p>\n<p class=\"wp-block-paragraph\">Com acesso livre para as quatro noites de shows. Entre R$ 130 (pista prime) e R$ 999 (camarote presidente open bar).<\/p>\n<p class=\"wp-block-paragraph\">\u2026<\/p>\n<p class=\"wp-block-paragraph\"><strong>Assessoria de Imprensa<\/strong><\/p>\n<p class=\"wp-block-paragraph\"><em>Fiamini \u2013 Solu\u00e7\u00f5es Integradas em Comunica\u00e7\u00e3o \u2013 A servi\u00e7o do Itaqu\u00e1 Rodeio Fest<\/em><\/p>\n<p class=\"wp-block-paragraph\"><strong>Atendimento:<\/strong><\/p>\n<p class=\"wp-block-paragraph\">Ana Garcia: (11) 99962-7505<\/p>\n<p class=\"wp-block-paragraph\">Rodrigo Dias: (11) 96794-5777<\/p>\n<p class=\"wp-block-paragraph\">Simone Leone: (11) 99679-0666<\/p>\n<p class=\"wp-block-paragraph\">Carla Fiamini: (11) 94749-6747<\/p>\n<figure class=\"wp-block-image size-large\"><img loading=\"lazy\" decoding=\"async\" width=\"1024\" height=\"682\" src=\"https:\/\/jornaldiadia.com.br\/wp-content\/uploads\/image-9496-1024x682.webp\" alt=\"\" class=\"wp-image-81482\" srcset=\"https:\/\/jornaldiadia.com.br\/wp-content\/uploads\/image-9496-1024x682.webp 1024w, https:\/\/jornaldiadia.com.br\/wp-content\/uploads\/image-9496-300x200.webp 300w, https:\/\/jornaldiadia.com.br\/wp-content\/uploads\/image-9496-768x512.webp 768w, https:\/\/jornaldiadia.com.br\/wp-content\/uploads\/image-9496-1536x1023.webp 1536w, https:\/\/jornaldiadia.com.br\/wp-content\/uploads\/image-9496-465x310.webp 465w, https:\/\/jornaldiadia.com.br\/wp-content\/uploads\/image-9496-695x463.webp 695w, https:\/\/jornaldiadia.com.br\/wp-content\/uploads\/image-9496.webp 1600w\" sizes=\"auto, (max-width: 1024px) 100vw, 1024px\"><\/figure>\n<figure class=\"wp-block-image size-large\"><img loading=\"lazy\" decoding=\"async\" width=\"683\" height=\"1024\" src=\"https:\/\/jornaldiadia.com.br\/wp-content\/uploads\/image-9497-683x1024.webp\" alt=\"\" class=\"wp-image-81483\" srcset=\"https:\/\/jornaldiadia.com.br\/wp-content\/uploads\/image-9497-683x1024.webp 683w, https:\/\/jornaldiadia.com.br\/wp-content\/uploads\/image-9497-200x300.webp 200w, https:\/\/jornaldiadia.com.br\/wp-content\/uploads\/image-9497-367x550.webp 367w, https:\/\/jornaldiadia.com.br\/wp-content\/uploads\/image-9497-333x500.webp 333w, https:\/\/jornaldiadia.com.br\/wp-content\/uploads\/image-9497.webp 720w\" sizes=\"auto, (max-width: 683px) 100vw, 683px\"><\/figure>\n<figure class=\"wp-block-image size-large\"><img loading=\"lazy\" decoding=\"async\" width=\"1024\" height=\"682\" src=\"https:\/\/jornaldiadia.com.br\/wp-content\/uploads\/image-9498-1024x682.webp\" alt=\"\" class=\"wp-image-81484\" srcset=\"https:\/\/jornaldiadia.com.br\/wp-content\/uploads\/image-9498-1024x682.webp 1024w, https:\/\/jornaldiadia.com.br\/wp-content\/uploads\/image-9498-300x200.webp 300w, https:\/\/jornaldiadia.com.br\/wp-content\/uploads\/image-9498-768x512.webp 768w, https:\/\/jornaldiadia.com.br\/wp-content\/uploads\/image-9498-1536x1023.webp 1536w, https:\/\/jornaldiadia.com.br\/wp-content\/uploads\/image-9498-465x310.webp 465w, https:\/\/jornaldiadia.com.br\/wp-content\/uploads\/image-9498-695x463.webp 695w, https:\/\/jornaldiadia.com.br\/wp-content\/uploads\/image-9498.webp 1600w\" sizes=\"auto, (max-width: 1024px) 100vw, 1024px\"><\/figure>\n<figure class=\"wp-block-image size-large\"><img loading=\"lazy\" decoding=\"async\" width=\"683\" height=\"1024\" src=\"https:\/\/jornaldiadia.com.br\/wp-content\/uploads\/image-9499-683x1024.webp\" alt=\"\" class=\"wp-image-81485\" srcset=\"https:\/\/jornaldiadia.com.br\/wp-content\/uploads\/image-9499-683x1024.webp 683w, https:\/\/jornaldiadia.com.br\/wp-content\/uploads\/image-9499-200x300.webp 200w, https:\/\/jornaldiadia.com.br\/wp-content\/uploads\/image-9499-367x550.webp 367w, https:\/\/jornaldiadia.com.br\/wp-content\/uploads\/image-9499-333x500.webp 333w, https:\/\/jornaldiadia.com.br\/wp-content\/uploads\/image-9499.webp 720w\" sizes=\"auto, (max-width: 683px) 100vw, 683px\"><\/figure>\n<figure class=\"wp-block-image size-large\"><img loading=\"lazy\" decoding=\"async\" width=\"683\" height=\"1024\" src=\"https:\/\/jornaldiadia.com.br\/wp-content\/uploads\/image-9500-683x1024.webp\" alt=\"\" class=\"wp-image-81486\" srcset=\"https:\/\/jornaldiadia.com.br\/wp-content\/uploads\/image-9500-683x1024.webp 683w, https:\/\/jornaldiadia.com.br\/wp-content\/uploads\/image-9500-200x300.webp 200w, https:\/\/jornaldiadia.com.br\/wp-content\/uploads\/image-9500-367x550.webp 367w, https:\/\/jornaldiadia.com.br\/wp-content\/uploads\/image-9500-333x500.webp 333w, https:\/\/jornaldiadia.com.br\/wp-content\/uploads\/image-9500.webp 720w\" sizes=\"auto, (max-width: 683px) 100vw, 683px\"><\/figure>\n<figure class=\"wp-block-image size-large\"><img loading=\"lazy\" decoding=\"async\" width=\"1024\" height=\"682\" src=\"https:\/\/jornaldiadia.com.br\/wp-content\/uploads\/image-9501-1024x682.webp\" alt=\"\" class=\"wp-image-81487\" srcset=\"https:\/\/jornaldiadia.com.br\/wp-content\/uploads\/image-9501-1024x682.webp 1024w, https:\/\/jornaldiadia.com.br\/wp-content\/uploads\/image-9501-300x200.webp 300w, https:\/\/jornaldiadia.com.br\/wp-content\/uploads\/image-9501-768x512.webp 768w, https:\/\/jornaldiadia.com.br\/wp-content\/uploads\/image-9501-1536x1023.webp 1536w, https:\/\/jornaldiadia.com.br\/wp-content\/uploads\/image-9501-465x310.webp 465w, https:\/\/jornaldiadia.com.br\/wp-content\/uploads\/image-9501-695x463.webp 695w, https:\/\/jornaldiadia.com.br\/wp-content\/uploads\/image-9501.webp 1600w\" sizes=\"auto, (max-width: 1024px) 100vw, 1024px\"><\/figure>\n<figure class=\"wp-block-image size-large\"><img loading=\"lazy\" decoding=\"async\" width=\"683\" height=\"1024\" src=\"https:\/\/jornaldiadia.com.br\/wp-content\/uploads\/image-9502-683x1024.webp\" alt=\"\" class=\"wp-image-81488\" srcset=\"https:\/\/jornaldiadia.com.br\/wp-content\/uploads\/image-9502-683x1024.webp 683w, https:\/\/jornaldiadia.com.br\/wp-content\/uploads\/image-9502-200x300.webp 200w, https:\/\/jornaldiadia.com.br\/wp-content\/uploads\/image-9502-367x550.webp 367w, https:\/\/jornaldiadia.com.br\/wp-content\/uploads\/image-9502-333x500.webp 333w, https:\/\/jornaldiadia.com.br\/wp-content\/uploads\/image-9502.webp 720w\" sizes=\"auto, (max-width: 683px) 100vw, 683px\"><\/figure>\n<p><!-- bloco-portais-jbr --><\/p>\n<div class=\"box-portais-jbr\" style=\"border:1px solid #e0e0e0;padding:16px 18px;margin:24px 0;border-radius:8px;background:#f9f9f9;font-size:0.95rem;\">\n<p style=\"margin:0 0 10px 0;font-weight:600;\">\n        Continue sempre bem informado acessando nossos portais:\n    <\/p>\n<ul style=\"margin:0;padding-left:20px;\">\n<li style=\"margin-bottom:8px;\">\n            <strong><a href=\"https:\/\/jornaldiadia.com.br\/\" target=\"_blank\" rel=\"noopener\" style=\"text-decoration:none;\">Jornal Dia Dia<\/a><\/strong> \u2013<br \/>\n            Sua fonte confi\u00e1vel para as melhores not\u00edcias e artigos \u00fateis. Fique por dentro dos acontecimentos mais importantes, dicas pr\u00e1ticas e conte\u00fados de qualidade.\n        <\/li>\n<li style=\"margin-bottom:8px;\">\n            <strong><a href=\"https:\/\/jbr.jor.br\/\" target=\"_blank\" rel=\"noopener\" style=\"text-decoration:none;\">Jornal Brasil Regional (JBR)<\/a><\/strong> \u2013<br \/>\n            O pulso do pa\u00eds em tempo real. Not\u00edcias nacionais, regionais e internacionais com \u00e9tica e credibilidade.\n        <\/li>\n<li style=\"margin-bottom:8px;\">\n            <strong><a href=\"https:\/\/castilho.jor.br\/\" target=\"_blank\" rel=\"noopener\" style=\"text-decoration:none;\">Castilho Not\u00edcias (News)<\/a><\/strong> \u2013<br \/>\n            O seu di\u00e1rio local com cobertura de Castilho e Regi\u00e3o (SP). Jornalismo com credibilidade.\n        <\/li>\n<li style=\"margin-bottom:8px;\">\n            <strong><a href=\"https:\/\/casaejardim.net.br\/\" target=\"_blank\" rel=\"noopener\" style=\"text-decoration:none;\">Casa e Jardim<\/a><\/strong> \u2013<br \/>\n            Dicas exclusivas sobre decora\u00e7\u00e3o, jardinagem, arquitetura, DIY, reformas e muito mais. Tend\u00eancias, solu\u00e7\u00f5es pr\u00e1ticas e ideias criativas para todos os estilos e or\u00e7amentos.\n        <\/li>\n<li style=\"margin-bottom:0;\">\n            <strong><a href=\"https:\/\/b10.net.br\/\" target=\"_blank\" rel=\"noopener\" style=\"text-decoration:none;\">B10 Brasil<\/a><\/strong> \u2013<br \/>\n            As principais not\u00edcias, an\u00e1lises e insights sobre neg\u00f3cios, economia e soberania nacional. Conectando o Brasil ao mundo com intelig\u00eancia e estrat\u00e9gia.\n        <\/li>\n<\/ul>\n<\/div>\n<p><!-- \/bloco-portais-jbr --><\/div>\n","protected":false},"excerpt":{"rendered":"<p>Julia Liporace de Ara\u00fajo levou a melhor no concurso, que teve final na noite dessa sexta-feira (14\/8); a cirurgi\u00e3-dentista Alice Bastos foi coroada 1\u00aa Princesa e a videomaker Kimberly Silva, 2\u00aa Princesa O Itaqu\u00e1 Rodeio Fest elegeu a Corte para a edi\u00e7\u00e3o de 2026, na noite dessa sexta-feira (14\/8), com<span class=\"more-link\"><a href=\"http:\/\/diadianews.com\/index.php\/2026\/08\/16\/com-forte-discurso-em-defesa-das-mulheres-psicologa-e-eleita-rainha-do-itaqua-rodeio-fest-2026\/\">Continue Reading<\/a><\/span><\/p>\n","protected":false},"author":1,"featured_media":6775,"comment_status":"closed","ping_status":"closed","sticky":false,"template":"","format":"standard","meta":{"footnotes":""},"categories":[1],"tags":[],"class_list":["entry","author-valdei","post-6774","post","type-post","status-publish","format-standard","has-post-thumbnail","category-news-do-dia"],"_links":{"self":[{"href":"http:\/\/diadianews.com\/index.php\/wp-json\/wp\/v2\/posts\/6774","targetHints":{"allow":["GET"]}}],"collection":[{"href":"http:\/\/diadianews.com\/index.php\/wp-json\/wp\/v2\/posts"}],"about":[{"href":"http:\/\/diadianews.com\/index.php\/wp-json\/wp\/v2\/types\/post"}],"author":[{"embeddable":true,"href":"http:\/\/diadianews.com\/index.php\/wp-json\/wp\/v2\/users\/1"}],"replies":[{"embeddable":true,"href":"http:\/\/diadianews.com\/index.php\/wp-json\/wp\/v2\/comments?post=6774"}],"version-history":[{"count":0,"href":"http:\/\/diadianews.com\/index.php\/wp-json\/wp\/v2\/posts\/6774\/revisions"}],"wp:featuredmedia":[{"embeddable":true,"href":"http:\/\/diadianews.com\/index.php\/wp-json\/wp\/v2\/media\/6775"}],"wp:attachment":[{"href":"http:\/\/diadianews.com\/index.php\/wp-json\/wp\/v2\/media?parent=6774"}],"wp:term":[{"taxonomy":"category","embeddable":true,"href":"http:\/\/diadianews.com\/index.php\/wp-json\/wp\/v2\/categories?post=6774"},{"taxonomy":"post_tag","embeddable":true,"href":"http:\/\/diadianews.com\/index.php\/wp-json\/wp\/v2\/tags?post=6774"}],"curies":[{"name":"wp","href":"https:\/\/api.w.org\/{rel}","templated":true}]}}