{"id":6778,"date":"2026-08-16T08:33:02","date_gmt":"2026-08-16T11:33:02","guid":{"rendered":"http:\/\/diadianews.com\/index.php\/2026\/08\/16\/com-riedel-flavio-bolsonaro-e-aliados-reinaldo-inicia-campanha\/"},"modified":"2026-08-16T08:33:02","modified_gmt":"2026-08-16T11:33:02","slug":"com-riedel-flavio-bolsonaro-e-aliados-reinaldo-inicia-campanha","status":"publish","type":"post","link":"http:\/\/diadianews.com\/index.php\/2026\/08\/16\/com-riedel-flavio-bolsonaro-e-aliados-reinaldo-inicia-campanha\/","title":{"rendered":"Com Riedel, Fl\u00e1vio Bolsonaro e Aliados, Reinaldo inicia campanha"},"content":{"rendered":"<div>\n<figure class=\"wp-block-image size-large\"><img loading=\"lazy\" decoding=\"async\" width=\"1024\" height=\"1024\" src=\"https:\/\/jornaldiadia.com.br\/wp-content\/uploads\/image-9505-1024x1024.webp\" alt=\"\" class=\"wp-image-81497\" srcset=\"https:\/\/jornaldiadia.com.br\/wp-content\/uploads\/image-9505-1024x1024.webp 1024w, https:\/\/jornaldiadia.com.br\/wp-content\/uploads\/image-9505-300x300.webp 300w, https:\/\/jornaldiadia.com.br\/wp-content\/uploads\/image-9505-150x150.webp 150w, https:\/\/jornaldiadia.com.br\/wp-content\/uploads\/image-9505-768x768.webp 768w, https:\/\/jornaldiadia.com.br\/wp-content\/uploads\/image-9505-465x465.webp 465w, https:\/\/jornaldiadia.com.br\/wp-content\/uploads\/image-9505-500x500.webp 500w, https:\/\/jornaldiadia.com.br\/wp-content\/uploads\/image-9505.webp 1080w\" sizes=\"auto, (max-width: 1024px) 100vw, 1024px\"><\/figure>\n<figure class=\"wp-block-image size-large\"><img loading=\"lazy\" decoding=\"async\" width=\"1024\" height=\"682\" src=\"https:\/\/jornaldiadia.com.br\/wp-content\/uploads\/image-9506-1024x682.webp\" alt=\"\" class=\"wp-image-81498\" srcset=\"https:\/\/jornaldiadia.com.br\/wp-content\/uploads\/image-9506-1024x682.webp 1024w, https:\/\/jornaldiadia.com.br\/wp-content\/uploads\/image-9506-300x200.webp 300w, https:\/\/jornaldiadia.com.br\/wp-content\/uploads\/image-9506-768x512.webp 768w, https:\/\/jornaldiadia.com.br\/wp-content\/uploads\/image-9506-1536x1023.webp 1536w, https:\/\/jornaldiadia.com.br\/wp-content\/uploads\/image-9506-465x310.webp 465w, https:\/\/jornaldiadia.com.br\/wp-content\/uploads\/image-9506-695x463.webp 695w, https:\/\/jornaldiadia.com.br\/wp-content\/uploads\/image-9506.webp 1600w\" sizes=\"auto, (max-width: 1024px) 100vw, 1024px\"><\/figure>\n<p class=\"wp-block-paragraph\">Fotos: Divulga\u00e7\u00e3o<\/p>\n<p class=\"wp-block-paragraph\">A campanha pol\u00edtica que pode mudar o Brasil come\u00e7a neste domingo (16). O ex-governador Reinaldo Azambuja d\u00e1 a largada oficial da sua candidatura ao Senado Federal, ao lado do governador Eduardo Riedel, candidato \u00e0 reelei\u00e7\u00e3o em Mato Grosso do Sul, aliados, e do senador Fl\u00e1vio Bolsonaro, que disputa a Presid\u00eancia da Rep\u00fablica em busca de um novo rumo para o pa\u00eds.<\/p>\n<p class=\"wp-block-paragraph\">Em sua primeira manifesta\u00e7\u00e3o p\u00fablica de campanha, Azambuja reafirma uma agenda focada no municipalismo e nas reformas estruturantes, com o cidad\u00e3o no centro das decis\u00f5es. O candidato defende o fortalecimento do Fundo de Participa\u00e7\u00e3o dos Munic\u00edpios (FPM) e a bandeira de \u201cmais Brasil e menos Bras\u00edlia\u201d.<\/p>\n<p class=\"wp-block-paragraph\">\u201cO dinheiro precisa estar na ponta, onde a vida acontece, e n\u00e3o concentrado na burocracia de Bras\u00edlia. O municipalismo \u00e9 a pol\u00edtica p\u00fablica mais eficiente que existe: \u00e9 ela que conserta a rua, mant\u00e9m o posto de sa\u00fade aberto e garante a escola das nossas crian\u00e7as. Enquanto a Uni\u00e3o concentra a maior parte dos recursos, s\u00e3o as prefeituras que enfrentam filas na sa\u00fade e estradas esburacadas. Precisamos inverter essa l\u00f3gica e dar condi\u00e7\u00f5es reais para que os prefeitos governem\u201d, afirmou.<\/p>\n<p class=\"wp-block-paragraph\">Na \u00e1rea da sa\u00fade, Reinaldo reafirma o compromisso com mais investimento no setor, apontando a necessidade de corrigir distor\u00e7\u00f5es hist\u00f3ricas que sobrecarregam os munic\u00edpios. \u201cA sa\u00fade \u00e9 a prioridade das prioridades. \u00c9 inaceit\u00e1vel que o investimento federal na \u00e1rea tenha ca\u00eddo drasticamente nas \u00faltimas d\u00e9cadas, empurrando para as prefeituras um peso que n\u00e3o \u00e9 delas. Vou lutar para que os recursos voltem a chegar com for\u00e7a aos hospitais e postos de sa\u00fade do nosso estado\u201d, destacou.<\/p>\n<p class=\"wp-block-paragraph\">No campo econ\u00f4mico, o candidato ao Senado defende medidas para atrair investimentos e devolver ao Brasil o ambiente de confian\u00e7a que afugentou investidores. \u201cO atual governo desencadeou sobre o setor produtivo uma das cargas tribut\u00e1rias mais pesadas da nossa hist\u00f3ria, e o resultado foi o encolhimento do emprego e da renda. Quero ajudar a construir um pa\u00eds competitivo, que produza, invista e gere oportunidades para as fam\u00edlias brasileiras, com mais qualidade de vida\u201d, disse.<\/p>\n<p class=\"wp-block-paragraph\">Para Reinaldo, a largada deste domingo representa o momento de pedir diretamente o apoio da popula\u00e7\u00e3o para transformar o projeto em realidade. \u201cAgora, com a campanha oficialmente iniciada, posso pedir o voto e o apoio de cada sul-mato-grossense para um Brasil melhor. \u00c9 hora de eleger quem conhece a realidade do interior, sabe o que \u00e9 administrar e vai lutar por mais emprego, mais renda e mais dignidade para as fam\u00edlias\u201d, concluiu.<\/p>\n<p class=\"wp-block-paragraph\">Conhecedor profundo da realidade dos 79 munic\u00edpios sul-mato-grossenses, Reinaldo Azambuja refor\u00e7a que o municipalismo \u2014 que consiste em priorizar os recursos onde a vida acontece e n\u00e3o na burocracia de Bras\u00edlia \u2014 deve ser a pauta central no Senado para garantir desenvolvimento e dignidade \u00e0s fam\u00edlias.<\/p>\n<p class=\"wp-block-paragraph\"><strong>\u00a0Assessoria de Imprensa<\/strong><\/p>\n<p class=\"wp-block-paragraph\"><strong>Wilson Aquino \u2013 (67) 99983-2896<\/strong><\/p>\n<p class=\"wp-block-paragraph\"><strong>Fotos: Chico Ribeiro\u00a0<\/strong><\/p>\n<p><!-- bloco-portais-jbr --><\/p>\n<div class=\"box-portais-jbr\" style=\"border:1px solid #e0e0e0;padding:16px 18px;margin:24px 0;border-radius:8px;background:#f9f9f9;font-size:0.95rem;\">\n<p style=\"margin:0 0 10px 0;font-weight:600;\">\n        Continue sempre bem informado acessando nossos portais:\n    <\/p>\n<ul style=\"margin:0;padding-left:20px;\">\n<li style=\"margin-bottom:8px;\">\n            <strong><a href=\"https:\/\/jornaldiadia.com.br\/\" target=\"_blank\" rel=\"noopener\" style=\"text-decoration:none;\">Jornal Dia Dia<\/a><\/strong> \u2013<br \/>\n            Sua fonte confi\u00e1vel para as melhores not\u00edcias e artigos \u00fateis. Fique por dentro dos acontecimentos mais importantes, dicas pr\u00e1ticas e conte\u00fados de qualidade.\n        <\/li>\n<li style=\"margin-bottom:8px;\">\n            <strong><a href=\"https:\/\/jbr.jor.br\/\" target=\"_blank\" rel=\"noopener\" style=\"text-decoration:none;\">Jornal Brasil Regional (JBR)<\/a><\/strong> \u2013<br \/>\n            O pulso do pa\u00eds em tempo real. Not\u00edcias nacionais, regionais e internacionais com \u00e9tica e credibilidade.\n        <\/li>\n<li style=\"margin-bottom:8px;\">\n            <strong><a href=\"https:\/\/castilho.jor.br\/\" target=\"_blank\" rel=\"noopener\" style=\"text-decoration:none;\">Castilho Not\u00edcias (News)<\/a><\/strong> \u2013<br \/>\n            O seu di\u00e1rio local com cobertura de Castilho e Regi\u00e3o (SP). Jornalismo com credibilidade.\n        <\/li>\n<li style=\"margin-bottom:8px;\">\n            <strong><a href=\"https:\/\/casaejardim.net.br\/\" target=\"_blank\" rel=\"noopener\" style=\"text-decoration:none;\">Casa e Jardim<\/a><\/strong> \u2013<br \/>\n            Dicas exclusivas sobre decora\u00e7\u00e3o, jardinagem, arquitetura, DIY, reformas e muito mais. Tend\u00eancias, solu\u00e7\u00f5es pr\u00e1ticas e ideias criativas para todos os estilos e or\u00e7amentos.\n        <\/li>\n<li style=\"margin-bottom:0;\">\n            <strong><a href=\"https:\/\/b10.net.br\/\" target=\"_blank\" rel=\"noopener\" style=\"text-decoration:none;\">B10 Brasil<\/a><\/strong> \u2013<br \/>\n            As principais not\u00edcias, an\u00e1lises e insights sobre neg\u00f3cios, economia e soberania nacional. Conectando o Brasil ao mundo com intelig\u00eancia e estrat\u00e9gia.\n        <\/li>\n<\/ul>\n<\/div>\n<p><!-- \/bloco-portais-jbr --><\/div>\n","protected":false},"excerpt":{"rendered":"<p>Fotos: Divulga\u00e7\u00e3o A campanha pol\u00edtica que pode mudar o Brasil come\u00e7a neste domingo (16). O ex-governador Reinaldo Azambuja d\u00e1 a largada oficial da sua candidatura ao Senado Federal, ao lado do governador Eduardo Riedel, candidato \u00e0 reelei\u00e7\u00e3o em Mato Grosso do Sul, aliados, e do senador Fl\u00e1vio Bolsonaro, que disputa<span class=\"more-link\"><a href=\"http:\/\/diadianews.com\/index.php\/2026\/08\/16\/com-riedel-flavio-bolsonaro-e-aliados-reinaldo-inicia-campanha\/\">Continue Reading<\/a><\/span><\/p>\n","protected":false},"author":1,"featured_media":6779,"comment_status":"closed","ping_status":"closed","sticky":false,"template":"","format":"standard","meta":{"footnotes":""},"categories":[1],"tags":[],"class_list":["entry","author-valdei","post-6778","post","type-post","status-publish","format-standard","has-post-thumbnail","category-news-do-dia"],"_links":{"self":[{"href":"http:\/\/diadianews.com\/index.php\/wp-json\/wp\/v2\/posts\/6778","targetHints":{"allow":["GET"]}}],"collection":[{"href":"http:\/\/diadianews.com\/index.php\/wp-json\/wp\/v2\/posts"}],"about":[{"href":"http:\/\/diadianews.com\/index.php\/wp-json\/wp\/v2\/types\/post"}],"author":[{"embeddable":true,"href":"http:\/\/diadianews.com\/index.php\/wp-json\/wp\/v2\/users\/1"}],"replies":[{"embeddable":true,"href":"http:\/\/diadianews.com\/index.php\/wp-json\/wp\/v2\/comments?post=6778"}],"version-history":[{"count":0,"href":"http:\/\/diadianews.com\/index.php\/wp-json\/wp\/v2\/posts\/6778\/revisions"}],"wp:featuredmedia":[{"embeddable":true,"href":"http:\/\/diadianews.com\/index.php\/wp-json\/wp\/v2\/media\/6779"}],"wp:attachment":[{"href":"http:\/\/diadianews.com\/index.php\/wp-json\/wp\/v2\/media?parent=6778"}],"wp:term":[{"taxonomy":"category","embeddable":true,"href":"http:\/\/diadianews.com\/index.php\/wp-json\/wp\/v2\/categories?post=6778"},{"taxonomy":"post_tag","embeddable":true,"href":"http:\/\/diadianews.com\/index.php\/wp-json\/wp\/v2\/tags?post=6778"}],"curies":[{"name":"wp","href":"https:\/\/api.w.org\/{rel}","templated":true}]}}