{"id":6780,"date":"2026-08-16T08:37:58","date_gmt":"2026-08-16T11:37:58","guid":{"rendered":"http:\/\/diadianews.com\/index.php\/2026\/08\/16\/pablo-marcal-registra-candidatura-a-presidencia-e-declara-patrimonio-de-r-74-bilhoes\/"},"modified":"2026-08-16T08:37:58","modified_gmt":"2026-08-16T11:37:58","slug":"pablo-marcal-registra-candidatura-a-presidencia-e-declara-patrimonio-de-r-74-bilhoes","status":"publish","type":"post","link":"http:\/\/diadianews.com\/index.php\/2026\/08\/16\/pablo-marcal-registra-candidatura-a-presidencia-e-declara-patrimonio-de-r-74-bilhoes\/","title":{"rendered":"Pablo Mar\u00e7al registra candidatura \u00e0 Presid\u00eancia e declara patrim\u00f4nio de R$ 7,4 bilh\u00f5es"},"content":{"rendered":"<div>\n<p class=\"wp-block-paragraph\">PRTB alterou a chapa ap\u00f3s decis\u00e3o liminar sobre filia\u00e7\u00e3o; empres\u00e1rio segue ineleg\u00edvel por decis\u00f5es do TRE-SP e situa\u00e7\u00e3o ainda depende da Justi\u00e7a Eleitoral <\/p>\n<p class=\"wp-block-paragraph\">15\/08\/2026 Materialde refer\u00eancia geogr\u00e1fica <img decoding=\"async\" src=\"https:\/\/jornaldoestadoms.com.br\/images\/Relogio.svg\"> 18:00 DA REDA\u00c7\u00c3O \u2013 Foto: \u00a9REPRODU\u00c7\u00c3O Campanha elei\u00e7\u00f5es<\/p>\n<p class=\"wp-block-paragraph\">O empres\u00e1rio <strong>Pablo Mar\u00e7al (PRTB)<\/strong> registrou neste <strong>s\u00e1bado (15)<\/strong> sua candidatura \u00e0 <strong>Presid\u00eancia da Rep\u00fablica<\/strong> nas elei\u00e7\u00f5es de 2026, ap\u00f3s uma mudan\u00e7a de \u00faltima hora na chapa do partido. Al\u00e9m da movimenta\u00e7\u00e3o <a href=\"https:\/\/jornaldoestadoms.com.br\/noticia\/51698-pablo-marcal-registra-candidatura-a-presidencia-e-declara-patrimonio-de-r-7-4-bilhoes#\"><\/a><\/p>\n<p class=\"wp-block-paragraph\"><a href=\"https:\/\/jornaldoestadoms.com.br\/noticia\/51698-pablo-marcal-registra-candidatura-a-presidencia-e-declara-patrimonio-de-r-7-4-bilhoes#\">\u00a0pol\u00edtica<\/a>, chamou aten\u00e7\u00e3o a declara\u00e7\u00e3o patrimonial apresentada \u00e0 Justi\u00e7a Eleitoral: <strong>R$ 7,418 bilh\u00f5es<\/strong>.<\/p>\n<p class=\"wp-block-paragraph\">O registro ocorreu depois de uma decis\u00e3o liminar da Justi\u00e7a Eleitoral autorizar provisoriamente a filia\u00e7\u00e3o de <strong>Mar\u00e7al ao PRTB<\/strong>, com efeito retroativo. A medida permite o avan\u00e7o do processo de registro, mas n\u00e3o resolve a situa\u00e7\u00e3o de inelegibilidade decorrente de decis\u00f5es relacionadas \u00e0 campanha municipal de <strong>2024<\/strong>.<\/p>\n<p class=\"wp-block-paragraph\">A mudan\u00e7a na chapa foi aprovada durante reuni\u00e3o da dire\u00e7\u00e3o nacional do <strong>PRTB<\/strong>, realizada em <strong>Bras\u00edlia (DF)<\/strong> poucas horas antes do encerramento do prazo para registro das candidaturas.<\/p>\n<h3 class=\"wp-block-heading\">PRTB muda chapa na reta final<\/h3>\n<p class=\"wp-block-paragraph\">O presidente nacional do partido, <strong>Leonardo Avalanche<\/strong>, apresentou durante a reuni\u00e3o a ren\u00fancia da chapa anteriormente formada por ele como candidato \u00e0 Presid\u00eancia e <strong>Dalma Regina<\/strong> como vice.<\/p>\n<p class=\"wp-block-paragraph\">Pol\u00edtica<\/p>\n<p class=\"wp-block-paragraph\">Na sequ\u00eancia, <strong>Pablo Mar\u00e7al<\/strong> foi indicado para ocupar a cabe\u00e7a da chapa, enquanto <strong>Avalanche<\/strong> colocou seu nome \u00e0 disposi\u00e7\u00e3o para a candidatura a vice-presidente.<\/p>\n<p class=\"wp-block-paragraph\">A substitui\u00e7\u00e3o foi aprovada por unanimidade pelos integrantes da Executiva Nacional presentes \u00e0 reuni\u00e3o.<\/p>\n<h3 class=\"wp-block-heading\">Patrim\u00f4nio declarado salta para R$ 7,418 bilh\u00f5es<\/h3>\n<p class=\"wp-block-paragraph\">Outro dado que acompanha o registro eleitoral \u00e9 a evolu\u00e7\u00e3o dos bens declarados por <strong>Mar\u00e7al<\/strong>.<\/p>\n<p class=\"wp-block-paragraph\">Em <strong>2024<\/strong>, quando disputou a Prefeitura de S\u00e3o Paulo, o empres\u00e1rio informou patrim\u00f4nio de aproximadamente <strong>R$ 169,5 milh\u00f5es<\/strong>. Agora, a declara\u00e7\u00e3o apresentada para a elei\u00e7\u00e3o presidencial soma <strong>R$ 7,418 bilh\u00f5es<\/strong>.<\/p>\n<p class=\"wp-block-paragraph\">A diferen\u00e7a \u00e9 de aproximadamente <strong>R$ 7,249 bilh\u00f5es<\/strong>, equivalente a um crescimento de cerca de <strong>4.276%<\/strong> em rela\u00e7\u00e3o ao patrim\u00f4nio informado dois anos antes.<\/p>\n<p class=\"wp-block-paragraph\">A maior parcela est\u00e1 concentrada em uma aplica\u00e7\u00e3o de renda fixa no <strong>Banco Ita\u00fa<\/strong>, declarada em <strong>R$ 6,791 bilh\u00f5es<\/strong>. Sozinha, a aplica\u00e7\u00e3o representa cerca de <strong>91,6%<\/strong> do patrim\u00f4nio informado.<\/p>\n<p class=\"wp-block-paragraph\">Tamb\u00e9m aparece na declara\u00e7\u00e3o um terreno urbano em <strong>Santana de Parna\u00edba (SP)<\/strong> avaliado em <strong>R$ 490 milh\u00f5es<\/strong>, al\u00e9m de <strong>R$ 80 milh\u00f5es<\/strong> referentes \u00e0 participa\u00e7\u00e3o de 80% na <strong>Aviation Participa\u00e7\u00f5es Ltda.<\/strong><\/p>\n<p class=\"wp-block-paragraph\">Mar\u00e7al informou ainda <strong>R$ 19,87 milh\u00f5es<\/strong> correspondentes a 50% da <strong>Mar\u00e7al Holding Ltda.<\/strong>, outra participa\u00e7\u00e3o societ\u00e1ria de <strong>R$ 9,23 milh\u00f5es<\/strong> e 90% da <strong>Mar\u00e7al Participa\u00e7\u00f5es Ltda.<\/strong>, avaliados em <strong>R$ 2,55 milh\u00f5es<\/strong>.<\/p>\n<p class=\"wp-block-paragraph\">Fundos de investimentos, aplica\u00e7\u00f5es financeiras, contas banc\u00e1rias e outros ativos completam a rela\u00e7\u00e3o de bens apresentada \u00e0 Justi\u00e7a Eleitoral.<\/p>\n<h3 class=\"wp-block-heading\">Inelegibilidade ainda \u00e9 obst\u00e1culo<\/h3>\n<p class=\"wp-block-paragraph\">Apesar do registro da candidatura, <strong>Mar\u00e7al permanece ineleg\u00edvel at\u00e9 2032<\/strong> em raz\u00e3o de decis\u00f5es da Justi\u00e7a Eleitoral relacionadas \u00e0 elei\u00e7\u00e3o para a Prefeitura de S\u00e3o Paulo em <strong>2024<\/strong>.<\/p>\n<p class=\"wp-block-paragraph\">Uma das condena\u00e7\u00f5es envolve o uso considerado irregular das redes sociais durante aquela campanha. Segundo a Justi\u00e7a Eleitoral, foram promovidas a\u00e7\u00f5es para estimular a produ\u00e7\u00e3o e divulga\u00e7\u00e3o de cortes de v\u00eddeos da candidatura.<\/p>\n<p class=\"wp-block-paragraph\">Campanhase elei\u00e7\u00f5es<\/p>\n<p class=\"wp-block-paragraph\">O <strong>Tribunal Regional Eleitoral de S\u00e3o Paulo (TRE-SP)<\/strong> manteve decis\u00e3o de inelegibilidade por oito anos. Tamb\u00e9m foi mantida multa de <strong>R$ 420 mil<\/strong> relacionada ao descumprimento de ordem judicial.<\/p>\n<p class=\"wp-block-paragraph\">As decis\u00f5es, contudo, ainda podem ser submetidas ao <strong>Tribunal Superior Eleitoral (TSE)<\/strong>, o que mant\u00e9m aberta a disputa jur\u00eddica em torno da candidatura presidencial.<\/p>\n<h3 class=\"wp-block-heading\">Liminar trata da filia\u00e7\u00e3o partid\u00e1ria<\/h3>\n<p class=\"wp-block-paragraph\">A decis\u00e3o liminar obtida neste <strong>s\u00e1bado (15)<\/strong> envolve especificamente outra quest\u00e3o: a filia\u00e7\u00e3o de <strong>Mar\u00e7al ao PRTB<\/strong>.<\/p>\n<p class=\"wp-block-paragraph\">A legisla\u00e7\u00e3o exige filia\u00e7\u00e3o partid\u00e1ria dentro do prazo estabelecido para que uma pessoa possa concorrer. Para as elei\u00e7\u00f5es deste ano, a data-limite indicada no processo foi <strong>4 de abril<\/strong>.<\/p>\n<p class=\"wp-block-paragraph\">A defesa sustenta que a dire\u00e7\u00e3o nacional do PRTB aprovou a filia\u00e7\u00e3o justamente naquela data, mas que o v\u00ednculo n\u00e3o foi inserido no sistema da Justi\u00e7a Eleitoral em raz\u00e3o de problemas decorrentes de disputas internas da legenda.<\/p>\n<p class=\"wp-block-paragraph\">Com a liminar, a filia\u00e7\u00e3o pode ser considerada provisoriamente enquanto o m\u00e9rito da quest\u00e3o \u00e9 analisado.<\/p>\n<p class=\"wp-block-paragraph\">Assim, o registro apresentado ao <strong>TSE<\/strong> n\u00e3o significa, por si s\u00f3, que <strong>Pablo Mar\u00e7al<\/strong> esteja definitivamente autorizado a disputar a Presid\u00eancia. A validade da candidatura ainda depender\u00e1 da an\u00e1lise da <strong>Justi\u00e7a Eleitoral<\/strong>, inclusive dos efeitos das decis\u00f5es que atualmente o tornam ineleg\u00edvel.<\/p>\n<p class=\"wp-block-paragraph\">Jornal do Estado MS<\/p>\n<p><!-- bloco-portais-jbr --><\/p>\n<div class=\"box-portais-jbr\" style=\"border:1px solid #e0e0e0;padding:16px 18px;margin:24px 0;border-radius:8px;background:#f9f9f9;font-size:0.95rem;\">\n<p style=\"margin:0 0 10px 0;font-weight:600;\">\n        Continue sempre bem informado acessando nossos portais:\n    <\/p>\n<ul style=\"margin:0;padding-left:20px;\">\n<li style=\"margin-bottom:8px;\">\n            <strong><a href=\"https:\/\/jornaldiadia.com.br\/\" target=\"_blank\" rel=\"noopener\" style=\"text-decoration:none;\">Jornal Dia Dia<\/a><\/strong> \u2013<br \/>\n            Sua fonte confi\u00e1vel para as melhores not\u00edcias e artigos \u00fateis. Fique por dentro dos acontecimentos mais importantes, dicas pr\u00e1ticas e conte\u00fados de qualidade.\n        <\/li>\n<li style=\"margin-bottom:8px;\">\n            <strong><a href=\"https:\/\/jbr.jor.br\/\" target=\"_blank\" rel=\"noopener\" style=\"text-decoration:none;\">Jornal Brasil Regional (JBR)<\/a><\/strong> \u2013<br \/>\n            O pulso do pa\u00eds em tempo real. Not\u00edcias nacionais, regionais e internacionais com \u00e9tica e credibilidade.\n        <\/li>\n<li style=\"margin-bottom:8px;\">\n            <strong><a href=\"https:\/\/castilho.jor.br\/\" target=\"_blank\" rel=\"noopener\" style=\"text-decoration:none;\">Castilho Not\u00edcias (News)<\/a><\/strong> \u2013<br \/>\n            O seu di\u00e1rio local com cobertura de Castilho e Regi\u00e3o (SP). Jornalismo com credibilidade.\n        <\/li>\n<li style=\"margin-bottom:8px;\">\n            <strong><a href=\"https:\/\/casaejardim.net.br\/\" target=\"_blank\" rel=\"noopener\" style=\"text-decoration:none;\">Casa e Jardim<\/a><\/strong> \u2013<br \/>\n            Dicas exclusivas sobre decora\u00e7\u00e3o, jardinagem, arquitetura, DIY, reformas e muito mais. Tend\u00eancias, solu\u00e7\u00f5es pr\u00e1ticas e ideias criativas para todos os estilos e or\u00e7amentos.\n        <\/li>\n<li style=\"margin-bottom:0;\">\n            <strong><a href=\"https:\/\/b10.net.br\/\" target=\"_blank\" rel=\"noopener\" style=\"text-decoration:none;\">B10 Brasil<\/a><\/strong> \u2013<br \/>\n            As principais not\u00edcias, an\u00e1lises e insights sobre neg\u00f3cios, economia e soberania nacional. Conectando o Brasil ao mundo com intelig\u00eancia e estrat\u00e9gia.\n        <\/li>\n<\/ul>\n<\/div>\n<p><!-- \/bloco-portais-jbr --><\/div>\n","protected":false},"excerpt":{"rendered":"<p>PRTB alterou a chapa ap\u00f3s decis\u00e3o liminar sobre filia\u00e7\u00e3o; empres\u00e1rio segue ineleg\u00edvel por decis\u00f5es do TRE-SP e situa\u00e7\u00e3o ainda depende da Justi\u00e7a Eleitoral 15\/08\/2026 Materialde refer\u00eancia geogr\u00e1fica 18:00 DA REDA\u00c7\u00c3O \u2013 Foto: \u00a9REPRODU\u00c7\u00c3O Campanha elei\u00e7\u00f5es O empres\u00e1rio Pablo Mar\u00e7al (PRTB) registrou neste s\u00e1bado (15) sua candidatura \u00e0 Presid\u00eancia da Rep\u00fablica<span class=\"more-link\"><a href=\"http:\/\/diadianews.com\/index.php\/2026\/08\/16\/pablo-marcal-registra-candidatura-a-presidencia-e-declara-patrimonio-de-r-74-bilhoes\/\">Continue Reading<\/a><\/span><\/p>\n","protected":false},"author":1,"featured_media":6781,"comment_status":"closed","ping_status":"closed","sticky":false,"template":"","format":"standard","meta":{"footnotes":""},"categories":[1],"tags":[],"class_list":["entry","author-valdei","post-6780","post","type-post","status-publish","format-standard","has-post-thumbnail","category-news-do-dia"],"_links":{"self":[{"href":"http:\/\/diadianews.com\/index.php\/wp-json\/wp\/v2\/posts\/6780","targetHints":{"allow":["GET"]}}],"collection":[{"href":"http:\/\/diadianews.com\/index.php\/wp-json\/wp\/v2\/posts"}],"about":[{"href":"http:\/\/diadianews.com\/index.php\/wp-json\/wp\/v2\/types\/post"}],"author":[{"embeddable":true,"href":"http:\/\/diadianews.com\/index.php\/wp-json\/wp\/v2\/users\/1"}],"replies":[{"embeddable":true,"href":"http:\/\/diadianews.com\/index.php\/wp-json\/wp\/v2\/comments?post=6780"}],"version-history":[{"count":0,"href":"http:\/\/diadianews.com\/index.php\/wp-json\/wp\/v2\/posts\/6780\/revisions"}],"wp:featuredmedia":[{"embeddable":true,"href":"http:\/\/diadianews.com\/index.php\/wp-json\/wp\/v2\/media\/6781"}],"wp:attachment":[{"href":"http:\/\/diadianews.com\/index.php\/wp-json\/wp\/v2\/media?parent=6780"}],"wp:term":[{"taxonomy":"category","embeddable":true,"href":"http:\/\/diadianews.com\/index.php\/wp-json\/wp\/v2\/categories?post=6780"},{"taxonomy":"post_tag","embeddable":true,"href":"http:\/\/diadianews.com\/index.php\/wp-json\/wp\/v2\/tags?post=6780"}],"curies":[{"name":"wp","href":"https:\/\/api.w.org\/{rel}","templated":true}]}}