{"id":6782,"date":"2026-08-16T08:42:57","date_gmt":"2026-08-16T11:42:57","guid":{"rendered":"http:\/\/diadianews.com\/index.php\/2026\/08\/16\/eleicoes-2026-mato-grosso-do-sul-chega-a-419-candidatos-apos-fim-do-prazo-de-registros\/"},"modified":"2026-08-16T08:42:57","modified_gmt":"2026-08-16T11:42:57","slug":"eleicoes-2026-mato-grosso-do-sul-chega-a-419-candidatos-apos-fim-do-prazo-de-registros","status":"publish","type":"post","link":"http:\/\/diadianews.com\/index.php\/2026\/08\/16\/eleicoes-2026-mato-grosso-do-sul-chega-a-419-candidatos-apos-fim-do-prazo-de-registros\/","title":{"rendered":"Elei\u00e7\u00f5es 2026: Mato Grosso do Sul chega a 419 candidatos ap\u00f3s fim do prazo de registros"},"content":{"rendered":"<div>\n<p class=\"wp-block-paragraph\">Oito nomes disputam o Governo e dez concorrem ao Senado; corrida por vagas de deputado concentra 373 candidaturas no Estado<\/p>\n<p class=\"wp-block-paragraph\"><img decoding=\"async\" src=\"https:\/\/jornaldoestadoms.com.br\/images\/Calendario.svg\"> 15\/08\/2026 Materialde refer\u00eancia geogr\u00e1fica <img decoding=\"async\" src=\"https:\/\/jornaldoestadoms.com.br\/images\/Relogio.svg\"> 19:00 DA REDA\u00c7\u00c3O \u2013 Foto: \u00a9REPRODU\u00c7\u00c3O Campanhas e elei\u00e7\u00f5es<\/p>\n<p class=\"wp-block-paragraph\"><strong>Mato Grosso do Sul<\/strong> encerrou o prazo para registro das candidaturas das <strong>Elei\u00e7\u00f5es 2026<\/strong> com <strong>419 nomes<\/strong> apresentados \u00e0 Justi\u00e7a Eleitoral. O levantamento realizado na noite deste <strong>s\u00e1bado (15)<\/strong>, a partir dos dados dispon\u00edveis no <strong>DivulgaCand<\/strong>, mostra que a maior concentra\u00e7\u00e3o est\u00e1 nas disputas pela <strong>Assembleia Legislativa<\/strong> e pela <strong>C\u00e2mara dos Deputados<\/strong>.<\/p>\n<p class=\"wp-block-paragraph\">Do total, s\u00e3o <strong>oito candidatos a governador<\/strong>, <strong>oito a vice-governador<\/strong>, <strong>dez ao Senado<\/strong>, al\u00e9m de <strong>dez primeiros e dez segundos suplentes<\/strong>. Nas elei\u00e7\u00f5es proporcionais aparecem <strong>122 candidatos a deputado federal<\/strong> e <strong>251 a deputado estadual<\/strong>.<\/p>\n<p class=\"wp-block-paragraph\">O prazo para partidos, federa\u00e7\u00f5es e coliga\u00e7\u00f5es encaminharem os pedidos de registro terminou \u00e0s <strong>19h deste s\u00e1bado<\/strong>.<\/p>\n<h3 class=\"wp-block-heading\">Disputas proporcionais concentram 373 candidatos<\/h3>\n<p class=\"wp-block-paragraph\">As vagas de deputado re\u00fanem <strong>373 candidaturas<\/strong>, sendo <strong>251 para a Assembleia Legislativa de Mato Grosso do Sul (Alems)<\/strong> e <strong>122 para a C\u00e2mara dos Deputados<\/strong>. Outros <strong>46 registros<\/strong> correspondem \u00e0s chapas para Governo e Senado, considerando titulares, vices e suplentes.<\/p>\n<p class=\"wp-block-paragraph\">Entre as candidaturas ao Governo, a chapa do governador <strong>Eduardo Riedel (PP)<\/strong>, que busca a reelei\u00e7\u00e3o tendo <strong>Barbosinha<\/strong> como vice, est\u00e1 associada ao maior conjunto de partidos com candidatos nas disputas proporcionais.<\/p>\n<p class=\"wp-block-paragraph\">A composi\u00e7\u00e3o re\u00fane <strong>Federa\u00e7\u00e3o Uni\u00e3o Progressista, PL, Federa\u00e7\u00e3o PSDB Cidadania, MDB, Republicanos e Avante<\/strong>. Somadas, essas legendas apresentam <strong>53 candidatos a deputado federal e 140 a deputado estadual<\/strong>, chegando a <strong>193 nomes<\/strong>.<\/p>\n<p class=\"wp-block-paragraph\">Para o Senado, a composi\u00e7\u00e3o tem <strong>Capit\u00e3o Contar<\/strong> e <strong>Reinaldo Azambuja<\/strong> como candidatos.<\/p>\n<h3 class=\"wp-block-heading\">Federa\u00e7\u00e3o Brasil da Esperan\u00e7a soma 33 nomes<\/h3>\n<p class=\"wp-block-paragraph\"><strong>F\u00e1bio Trad<\/strong> disputa o Governo tendo <strong>Dona Gilda<\/strong> como candidata a vice. Sua candidatura est\u00e1 vinculada \u00e0 <strong>Federa\u00e7\u00e3o Brasil da Esperan\u00e7a<\/strong>, formada por <strong>PT, PCdoB e PV<\/strong>.<\/p>\n<p class=\"wp-block-paragraph\">A federa\u00e7\u00e3o apresenta <strong>nove candidatos a deputado federal e 24 a estadual<\/strong>, totalizando <strong>33 candidaturas proporcionais<\/strong>. <strong>Soraya<\/strong> e <strong>Vander Loubet<\/strong> aparecem na disputa pelo Senado vinculados \u00e0 candidatura de Trad.<\/p>\n<p class=\"wp-block-paragraph\">Materialde refer\u00eancia geogr\u00e1fica<\/p>\n<h3 class=\"wp-block-heading\">Delc\u00eddio concorre pela Renova\u00e7\u00e3o Solid\u00e1ria<\/h3>\n<p class=\"wp-block-paragraph\">O ex-senador <strong>Delc\u00eddio Amaral<\/strong> disputa o Governo pela <strong>Federa\u00e7\u00e3o Renova\u00e7\u00e3o Solid\u00e1ria<\/strong>, formada por <strong>PRD e Solidariedade<\/strong>, tendo <strong>Mariliana Santos<\/strong> como candidata a vice.<\/p>\n<p class=\"wp-block-paragraph\">O grupo registrou <strong>nove candidatos a deputado federal e 17 a deputado estadual<\/strong>, chegando a <strong>26 nomes<\/strong> nas elei\u00e7\u00f5es proporcionais.<\/p>\n<p class=\"wp-block-paragraph\"><strong>Valter da Comagran<\/strong> concorre ao Senado, tendo <strong>Perroni<\/strong> como primeiro suplente e <strong>Eng. Adamario de Lana<\/strong> como segundo.<\/p>\n<p class=\"wp-block-paragraph\">O registro dispon\u00edvel no DivulgaCand apresenta <strong>Mariliana Santos<\/strong> como vice de Delc\u00eddio. Ela ocupa a posi\u00e7\u00e3o que anteriormente havia sido anunciada para <strong>Francisca Ajala<\/strong>.<\/p>\n<h3 class=\"wp-block-heading\">Novo registra 31 candidatos a deputado<\/h3>\n<p class=\"wp-block-paragraph\">Pelo <strong>Novo<\/strong>, o deputado estadual <strong>Jo\u00e3o Henrique Catan<\/strong> concorre ao Governo com <strong>Ant\u00f4nio Jo\u00e3o Jacinto<\/strong> como vice.<\/p>\n<p class=\"wp-block-paragraph\">Campanhase elei\u00e7\u00f5es<\/p>\n<p class=\"wp-block-paragraph\">A legenda apresentou <strong>nove candidatos a deputado federal e 22 a deputado estadual<\/strong>, somando <strong>31 candidaturas proporcionais<\/strong>.<\/p>\n<p class=\"wp-block-paragraph\">Na corrida pelo Senado est\u00e1 <strong>Roberto Oshiro<\/strong>, acompanhado pelos suplentes <strong>Augusto Al\u00e9ssio<\/strong> e <strong>Italivio Neto<\/strong>.<\/p>\n<h3 class=\"wp-block-heading\">DC apresenta 27 nomes nas proporcionais<\/h3>\n<p class=\"wp-block-paragraph\">O economista <strong>Renato Gomes<\/strong> disputa o Governo pelo <strong>DC<\/strong>, tendo <strong>Thiago Martins<\/strong> registrado como candidato a vice.<\/p>\n<p class=\"wp-block-paragraph\">O partido conta com <strong>nove candidatos \u00e0 C\u00e2mara dos Deputados e 18 \u00e0 Assembleia Legislativa<\/strong>, totalizando <strong>27 nomes<\/strong>.<\/p>\n<p class=\"wp-block-paragraph\">Na disputa pelo Senado, o candidato \u00e9 <strong>Luiz Lemes<\/strong>, com <strong>Roberto Patzlaff<\/strong> na primeira supl\u00eancia e <strong>Aldeci Teixeira<\/strong> na segunda.<\/p>\n<p class=\"wp-block-paragraph\">Embora o partido tenha anunciado anteriormente uma altera\u00e7\u00e3o na candidatura a vice, o levantamento considera a composi\u00e7\u00e3o dispon\u00edvel no <strong>DivulgaCand<\/strong> at\u00e9 a noite deste s\u00e1bado.<\/p>\n<h3 class=\"wp-block-heading\">PSOL Rede tem 19 candidaturas proporcionais<\/h3>\n<p class=\"wp-block-paragraph\"><strong>Lucien Rezende<\/strong> concorre ao Governo pela <strong>Federa\u00e7\u00e3o PSOL Rede<\/strong>, com <strong>Enfermeira Kaelly<\/strong> como vice.<\/p>\n<p class=\"wp-block-paragraph\">A federa\u00e7\u00e3o registrou <strong>nove candidatos a deputado federal e dez a estadual<\/strong>, totalizando <strong>19 candidaturas proporcionais<\/strong>.<\/p>\n<p class=\"wp-block-paragraph\">Para o Senado, aparece <strong>Beto do Movimento<\/strong>, acompanhado por <strong>Elizangela Tiago<\/strong> e <strong>K\u00e1tia Bastos<\/strong> como suplentes.<\/p>\n<h3 class=\"wp-block-heading\">PCO e Agir t\u00eam as menores listas<\/h3>\n<p class=\"wp-block-paragraph\">O <strong>PCO<\/strong> lan\u00e7ou <strong>Daniel Lemes<\/strong> ao Governo, tendo <strong>Silvia Benites<\/strong> como vice. O partido apresenta <strong>tr\u00eas candidatos a deputado federal e quatro a estadual<\/strong>, totalizando <strong>sete candidaturas proporcionais<\/strong>.<\/p>\n<p class=\"wp-block-paragraph\"><strong>Valderi Garcia<\/strong> disputa o Senado pela legenda, com <strong>Luciano Lemes<\/strong> e <strong>Thiago Assad<\/strong> nas supl\u00eancias.<\/p>\n<p class=\"wp-block-paragraph\">J\u00e1 <strong>Jeferson Bezerra<\/strong>, do <strong>Agir<\/strong>, concorre ao Governo com <strong>Valdenir Duarte<\/strong> como vice. A legenda registrou <strong>seis candidatos a deputado federal<\/strong> e n\u00e3o apresentou candidatura \u00e0 Assembleia Legislativa.<\/p>\n<p class=\"wp-block-paragraph\">O candidato do partido ao Senado \u00e9 <strong>Daniel Junior<\/strong>, tendo <strong>Alessandro Garcia<\/strong> e <strong>Luciene Ramos da Silva<\/strong> como suplentes.<\/p>\n<h3 class=\"wp-block-heading\">PDT e Miss\u00e3o completam rela\u00e7\u00e3o<\/h3>\n<p class=\"wp-block-paragraph\">Fora dos grupos vinculados aos oito candidatos ao Governo, <strong>PDT<\/strong> e <strong>Miss\u00e3o<\/strong> tamb\u00e9m apresentaram candidaturas proporcionais.<\/p>\n<p class=\"wp-block-paragraph\">O <strong>PDT<\/strong> registrou <strong>nove candidatos a deputado federal e 16 a estadual<\/strong>, somando <strong>25 nomes<\/strong>. O <strong>Miss\u00e3o<\/strong> apresentou <strong>seis candidatos \u00e0 C\u00e2mara dos Deputados<\/strong> e nenhum \u00e0 Assembleia Legislativa.<\/p>\n<p class=\"wp-block-paragraph\">Considerando todas as legendas e federa\u00e7\u00f5es, <strong>PL e Avante<\/strong> apresentaram <strong>25 candidatos a deputado estadual cada<\/strong>. Federa\u00e7\u00e3o Brasil da Esperan\u00e7a, Federa\u00e7\u00e3o PSDB Cidadania e Republicanos aparecem com <strong>24 nomes cada<\/strong>, enquanto a Federa\u00e7\u00e3o Uni\u00e3o Progressista registra <strong>23<\/strong>.<\/p>\n<p class=\"wp-block-paragraph\">Com os pedidos entregues, come\u00e7a agora a etapa em que a <strong>Justi\u00e7a Eleitoral analisa os registros<\/strong>. Portanto, os <strong>419 pedidos de candidatura<\/strong> apresentados n\u00e3o significam necessariamente que todos os nomes estar\u00e3o definitivamente aptos a concorrer, j\u00e1 que os registros ainda podem passar por an\u00e1lise, questionamentos e decis\u00f5es judiciais. Materialde refer\u00eancia geogr\u00e1fica.<\/p>\n<p class=\"wp-block-paragraph\">Jornal do Estado MS<\/p>\n<p><!-- bloco-portais-jbr --><\/p>\n<div class=\"box-portais-jbr\" style=\"border:1px solid #e0e0e0;padding:16px 18px;margin:24px 0;border-radius:8px;background:#f9f9f9;font-size:0.95rem;\">\n<p style=\"margin:0 0 10px 0;font-weight:600;\">\n        Continue sempre bem informado acessando nossos portais:\n    <\/p>\n<ul style=\"margin:0;padding-left:20px;\">\n<li style=\"margin-bottom:8px;\">\n            <strong><a href=\"https:\/\/jornaldiadia.com.br\/\" target=\"_blank\" rel=\"noopener\" style=\"text-decoration:none;\">Jornal Dia Dia<\/a><\/strong> \u2013<br \/>\n            Sua fonte confi\u00e1vel para as melhores not\u00edcias e artigos \u00fateis. Fique por dentro dos acontecimentos mais importantes, dicas pr\u00e1ticas e conte\u00fados de qualidade.\n        <\/li>\n<li style=\"margin-bottom:8px;\">\n            <strong><a href=\"https:\/\/jbr.jor.br\/\" target=\"_blank\" rel=\"noopener\" style=\"text-decoration:none;\">Jornal Brasil Regional (JBR)<\/a><\/strong> \u2013<br \/>\n            O pulso do pa\u00eds em tempo real. Not\u00edcias nacionais, regionais e internacionais com \u00e9tica e credibilidade.\n        <\/li>\n<li style=\"margin-bottom:8px;\">\n            <strong><a href=\"https:\/\/castilho.jor.br\/\" target=\"_blank\" rel=\"noopener\" style=\"text-decoration:none;\">Castilho Not\u00edcias (News)<\/a><\/strong> \u2013<br \/>\n            O seu di\u00e1rio local com cobertura de Castilho e Regi\u00e3o (SP). Jornalismo com credibilidade.\n        <\/li>\n<li style=\"margin-bottom:8px;\">\n            <strong><a href=\"https:\/\/casaejardim.net.br\/\" target=\"_blank\" rel=\"noopener\" style=\"text-decoration:none;\">Casa e Jardim<\/a><\/strong> \u2013<br \/>\n            Dicas exclusivas sobre decora\u00e7\u00e3o, jardinagem, arquitetura, DIY, reformas e muito mais. Tend\u00eancias, solu\u00e7\u00f5es pr\u00e1ticas e ideias criativas para todos os estilos e or\u00e7amentos.\n        <\/li>\n<li style=\"margin-bottom:0;\">\n            <strong><a href=\"https:\/\/b10.net.br\/\" target=\"_blank\" rel=\"noopener\" style=\"text-decoration:none;\">B10 Brasil<\/a><\/strong> \u2013<br \/>\n            As principais not\u00edcias, an\u00e1lises e insights sobre neg\u00f3cios, economia e soberania nacional. Conectando o Brasil ao mundo com intelig\u00eancia e estrat\u00e9gia.\n        <\/li>\n<\/ul>\n<\/div>\n<p><!-- \/bloco-portais-jbr --><\/div>\n","protected":false},"excerpt":{"rendered":"<p>Oito nomes disputam o Governo e dez concorrem ao Senado; corrida por vagas de deputado concentra 373 candidaturas no Estado 15\/08\/2026 Materialde refer\u00eancia geogr\u00e1fica 19:00 DA REDA\u00c7\u00c3O \u2013 Foto: \u00a9REPRODU\u00c7\u00c3O Campanhas e elei\u00e7\u00f5es Mato Grosso do Sul encerrou o prazo para registro das candidaturas das Elei\u00e7\u00f5es 2026 com 419 nomes<span class=\"more-link\"><a href=\"http:\/\/diadianews.com\/index.php\/2026\/08\/16\/eleicoes-2026-mato-grosso-do-sul-chega-a-419-candidatos-apos-fim-do-prazo-de-registros\/\">Continue Reading<\/a><\/span><\/p>\n","protected":false},"author":1,"featured_media":6783,"comment_status":"closed","ping_status":"closed","sticky":false,"template":"","format":"standard","meta":{"footnotes":""},"categories":[1],"tags":[],"class_list":["entry","author-valdei","post-6782","post","type-post","status-publish","format-standard","has-post-thumbnail","category-news-do-dia"],"_links":{"self":[{"href":"http:\/\/diadianews.com\/index.php\/wp-json\/wp\/v2\/posts\/6782","targetHints":{"allow":["GET"]}}],"collection":[{"href":"http:\/\/diadianews.com\/index.php\/wp-json\/wp\/v2\/posts"}],"about":[{"href":"http:\/\/diadianews.com\/index.php\/wp-json\/wp\/v2\/types\/post"}],"author":[{"embeddable":true,"href":"http:\/\/diadianews.com\/index.php\/wp-json\/wp\/v2\/users\/1"}],"replies":[{"embeddable":true,"href":"http:\/\/diadianews.com\/index.php\/wp-json\/wp\/v2\/comments?post=6782"}],"version-history":[{"count":0,"href":"http:\/\/diadianews.com\/index.php\/wp-json\/wp\/v2\/posts\/6782\/revisions"}],"wp:featuredmedia":[{"embeddable":true,"href":"http:\/\/diadianews.com\/index.php\/wp-json\/wp\/v2\/media\/6783"}],"wp:attachment":[{"href":"http:\/\/diadianews.com\/index.php\/wp-json\/wp\/v2\/media?parent=6782"}],"wp:term":[{"taxonomy":"category","embeddable":true,"href":"http:\/\/diadianews.com\/index.php\/wp-json\/wp\/v2\/categories?post=6782"},{"taxonomy":"post_tag","embeddable":true,"href":"http:\/\/diadianews.com\/index.php\/wp-json\/wp\/v2\/tags?post=6782"}],"curies":[{"name":"wp","href":"https:\/\/api.w.org\/{rel}","templated":true}]}}