{"id":6786,"date":"2026-08-16T08:52:58","date_gmt":"2026-08-16T11:52:58","guid":{"rendered":"http:\/\/diadianews.com\/index.php\/2026\/08\/16\/propaganda-eleitoral-comeca-neste-domingo-com-novas-regras-para-internet-e-inteligencia-artificial\/"},"modified":"2026-08-16T08:52:58","modified_gmt":"2026-08-16T11:52:58","slug":"propaganda-eleitoral-comeca-neste-domingo-com-novas-regras-para-internet-e-inteligencia-artificial","status":"publish","type":"post","link":"http:\/\/diadianews.com\/index.php\/2026\/08\/16\/propaganda-eleitoral-comeca-neste-domingo-com-novas-regras-para-internet-e-inteligencia-artificial\/","title":{"rendered":"Propaganda eleitoral come\u00e7a neste domingo com novas regras para internet e intelig\u00eancia artificial"},"content":{"rendered":"<div>\n<p class=\"wp-block-paragraph\">Campanha de 2026 libera atos nas ruas e impulsionamento nas redes, mas pro\u00edbe disparos em massa, fake news, telemarketing e uso irregular de IA<\/p>\n<p class=\"wp-block-paragraph\"><img decoding=\"async\" src=\"https:\/\/jornaldoestadoms.com.br\/images\/Calendario.svg\"> 15\/08\/2026 Materialde refer\u00eancia geogr\u00e1fica <img decoding=\"async\" src=\"https:\/\/jornaldoestadoms.com.br\/images\/Relogio.svg\"> 15:00 DA REDA\u00c7\u00c3O \u2013 Foto: \u00a9REPRODU\u00c7\u00c3O Campanhas e elei\u00e7\u00f5es<\/p>\n<p class=\"wp-block-paragraph\">A <strong>propaganda eleitoral das Elei\u00e7\u00f5es 2026<\/strong> come\u00e7a oficialmente neste <strong>domingo (16)<\/strong>, abrindo uma nova etapa da disputa pelo voto em todo o pa\u00eds. A partir da data, candidatos e partidos poder\u00e3o ampliar as a\u00e7\u00f5es nas ruas e na internet, mas ter\u00e3o de observar regras espec\u00edficas definidas pela <strong>Justi\u00e7a Eleitoral<\/strong>.<\/p>\n<p class=\"wp-block-paragraph\">Entre as principais preocupa\u00e7\u00f5es para este ano est\u00e3o a dissemina\u00e7\u00e3o de <strong>informa\u00e7\u00f5es falsas<\/strong> e o uso de ferramentas de <strong>intelig\u00eancia artificial<\/strong> para produzir ou modificar conte\u00fados relacionados \u00e0s candidaturas. O <strong>Tribunal Superior Eleitoral (TSE)<\/strong> prev\u00ea fiscaliza\u00e7\u00e3o sobre as campanhas digitais e responsabiliza\u00e7\u00e3o em casos de irregularidades.<\/p>\n<h3 class=\"wp-block-heading\">Material impresso est\u00e1 liberado, mas h\u00e1 limites<\/h3>\n<p class=\"wp-block-paragraph\">Nas ruas, candidatos podem distribuir <strong>panfletos, folhetos e adesivos<\/strong>, desde que o material apresente as identifica\u00e7\u00f5es exigidas pela legisla\u00e7\u00e3o eleitoral.<\/p>\n<p class=\"wp-block-paragraph\">O descarte proposital de material de campanha em vias p\u00fablicas, especialmente os tradicionais santinhos espalhados pr\u00f3ximo aos locais de vota\u00e7\u00e3o, \u00e9 proibido e pode caracterizar propaganda irregular.<\/p>\n<p class=\"wp-block-paragraph\">O universit\u00e1rio <strong>Ricardo Tavares<\/strong> critica a pr\u00e1tica. <em>\u201cAbsurdo quando chega o final de semana da elei\u00e7\u00e3o e voc\u00ea v\u00ea a rua inundada de santinho, de panfleto\u201d<\/em>, afirmou.<\/p>\n<p class=\"wp-block-paragraph\">Tamb\u00e9m s\u00e3o permitidos <strong>alto-falantes e amplificadores<\/strong>, desde que sejam respeitados os hor\u00e1rios e as dist\u00e2ncias estabelecidas em rela\u00e7\u00e3o a determinados locais, como <strong>hospitais, escolas, igrejas, teatros e pr\u00e9dios p\u00fablicos<\/strong>.<\/p>\n<p class=\"wp-block-paragraph\">J\u00e1 <strong>carros de som e minitrios el\u00e9tricos<\/strong> t\u00eam utiliza\u00e7\u00e3o restrita \u00e0s situa\u00e7\u00f5es autorizadas pela legisla\u00e7\u00e3o, como carreatas e com\u00edcios.<\/p>\n<figure class=\"wp-block-image\"><img decoding=\"async\" src=\"https:\/\/i.postimg.cc\/q7VWj570\/REGRAS23423423423.jpg\" alt=\"\"><\/figure>\n<h3 class=\"wp-block-heading\">Disparo em massa e telemarketing s\u00e3o proibidos<\/h3>\n<p class=\"wp-block-paragraph\">A campanha pela internet estar\u00e1 submetida a uma s\u00e9rie de restri\u00e7\u00f5es. O <strong>disparo em massa de mensagens<\/strong> n\u00e3o \u00e9 permitido, assim como o uso irregular de bases de dados de clientes para propaganda eleitoral.<\/p>\n<p class=\"wp-block-paragraph\">Tamb\u00e9m est\u00e3o proibidos <strong>perfis empresariais utilizados para propaganda<\/strong>, determinadas formas de atua\u00e7\u00e3o remunerada de influenciadores e o <strong>telemarketing eleitoral<\/strong>.<\/p>\n<p class=\"wp-block-paragraph\">Para a bi\u00f3loga <strong>Izabella Cerqueira de Paula<\/strong>, as liga\u00e7\u00f5es desse tipo aumentariam um problema que j\u00e1 incomoda os consumidores. <em>\u201cJ\u00e1 \u00e9 inconveniente operadoras ficarem ligando o tempo todo, ou n\u00fameros aleat\u00f3rios, ainda mais hoje em dia que tem golpe para tudo\u201d<\/em>, afirmou.<\/p>\n<p class=\"wp-block-paragraph\">O <strong>impulsionamento pago de conte\u00fado<\/strong>, por outro lado, pode ser utilizado quando contratado dentro das regras eleitorais por <strong>candidatos, partidos ou coliga\u00e7\u00f5es<\/strong>. A publica\u00e7\u00e3o precisa deixar evidente sua natureza de propaganda eleitoral.<\/p>\n<h3 class=\"wp-block-heading\">Intelig\u00eancia artificial entra no centro da fiscaliza\u00e7\u00e3o<\/h3>\n<p class=\"wp-block-paragraph\">Uma das principais novidades da campanha est\u00e1 relacionada \u00e0 <strong>intelig\u00eancia artificial<\/strong>. A tecnologia pode ser empregada na produ\u00e7\u00e3o de determinados conte\u00fados eleitorais, inclusive imagens, \u00e1udios e v\u00eddeos, mas o eleitor precisa ser informado quando houver utiliza\u00e7\u00e3o de conte\u00fado sint\u00e9tico nas hip\u00f3teses previstas pelas normas.<\/p>\n<p class=\"wp-block-paragraph\">O uso de recursos tecnol\u00f3gicos para <strong>manipular ou adulterar imagens e \u00e1udios com informa\u00e7\u00f5es falsas<\/strong> est\u00e1 sujeito \u00e0s restri\u00e7\u00f5es da Justi\u00e7a Eleitoral. Ferramentas de intelig\u00eancia artificial tamb\u00e9m n\u00e3o podem ser empregadas de maneira incompat\u00edvel com as regras destinadas a impedir interfer\u00eancias indevidas na escolha do eleitor.<\/p>\n<p class=\"wp-block-paragraph\">As plataformas digitais ter\u00e3o responsabilidades relacionadas ao tratamento e \u00e0 retirada de conte\u00fados que violem a legisla\u00e7\u00e3o eleitoral.<\/p>\n<p class=\"wp-block-paragraph\">Segundo o juiz eleitoral do <strong>TRE-DF, V\u00edtor Feltrin<\/strong>, a participa\u00e7\u00e3o dos cidad\u00e3os tamb\u00e9m ter\u00e1 import\u00e2ncia na fiscaliza\u00e7\u00e3o. <em>\u201cO principal fiscal vai ser o povo. As pessoas v\u00e3o fiscalizar, v\u00e3o enviar para a Justi\u00e7a Eleitoral fotos e v\u00eddeos de qualquer ato que considerem irregular\u201d<\/em>, explicou.<\/p>\n<p class=\"wp-block-paragraph\">Ele acrescentou que a pr\u00f3pria Justi\u00e7a Eleitoral disp\u00f5e de mecanismos para identificar a origem e o impulsionamento de conte\u00fados publicados na internet.<\/p>\n<h3 class=\"wp-block-heading\">Showm\u00edcios continuam proibidos<\/h3>\n<p class=\"wp-block-paragraph\">Os <strong>showm\u00edcios<\/strong> permanecem proibidos, tanto presencialmente quanto em transmiss\u00f5es pela internet, quando destinados \u00e0 promo\u00e7\u00e3o de candidaturas ou partidos. A restri\u00e7\u00e3o tamb\u00e9m alcan\u00e7a apresenta\u00e7\u00f5es de artistas nas condi\u00e7\u00f5es previstas pela legisla\u00e7\u00e3o eleitoral.<\/p>\n<p class=\"wp-block-paragraph\">Com a campanha cada vez mais concentrada no ambiente digital, o controle sobre <strong>desinforma\u00e7\u00e3o, impulsionamento e intelig\u00eancia artificial<\/strong> dever\u00e1 ocupar parte importante da fiscaliza\u00e7\u00e3o das elei\u00e7\u00f5es deste ano.<\/p>\n<p class=\"wp-block-paragraph\">Campanhase elei\u00e7\u00f5es<\/p>\n<p class=\"wp-block-paragraph\">Para a professora <strong>Marizete Neiva Ribeiro<\/strong>, o eleitor tamb\u00e9m precisa avaliar cuidadosamente aquilo que recebe durante a campanha. <em>\u201cConhecer as propostas, analisar e ver se aquela pessoa est\u00e1 falando o que realmente pretende fazer ou se \u00e9 s\u00f3 para propaganda\u201d<\/em>, afirmou.<\/p>\n<p class=\"wp-block-paragraph\">Jornal do Estado MS<\/p>\n<p><!-- bloco-portais-jbr --><\/p>\n<div class=\"box-portais-jbr\" style=\"border:1px solid #e0e0e0;padding:16px 18px;margin:24px 0;border-radius:8px;background:#f9f9f9;font-size:0.95rem;\">\n<p style=\"margin:0 0 10px 0;font-weight:600;\">\n        Continue sempre bem informado acessando nossos portais:\n    <\/p>\n<ul style=\"margin:0;padding-left:20px;\">\n<li style=\"margin-bottom:8px;\">\n            <strong><a href=\"https:\/\/jornaldiadia.com.br\/\" target=\"_blank\" rel=\"noopener\" style=\"text-decoration:none;\">Jornal Dia Dia<\/a><\/strong> \u2013<br \/>\n            Sua fonte confi\u00e1vel para as melhores not\u00edcias e artigos \u00fateis. Fique por dentro dos acontecimentos mais importantes, dicas pr\u00e1ticas e conte\u00fados de qualidade.\n        <\/li>\n<li style=\"margin-bottom:8px;\">\n            <strong><a href=\"https:\/\/jbr.jor.br\/\" target=\"_blank\" rel=\"noopener\" style=\"text-decoration:none;\">Jornal Brasil Regional (JBR)<\/a><\/strong> \u2013<br \/>\n            O pulso do pa\u00eds em tempo real. Not\u00edcias nacionais, regionais e internacionais com \u00e9tica e credibilidade.\n        <\/li>\n<li style=\"margin-bottom:8px;\">\n            <strong><a href=\"https:\/\/castilho.jor.br\/\" target=\"_blank\" rel=\"noopener\" style=\"text-decoration:none;\">Castilho Not\u00edcias (News)<\/a><\/strong> \u2013<br \/>\n            O seu di\u00e1rio local com cobertura de Castilho e Regi\u00e3o (SP). Jornalismo com credibilidade.\n        <\/li>\n<li style=\"margin-bottom:8px;\">\n            <strong><a href=\"https:\/\/casaejardim.net.br\/\" target=\"_blank\" rel=\"noopener\" style=\"text-decoration:none;\">Casa e Jardim<\/a><\/strong> \u2013<br \/>\n            Dicas exclusivas sobre decora\u00e7\u00e3o, jardinagem, arquitetura, DIY, reformas e muito mais. Tend\u00eancias, solu\u00e7\u00f5es pr\u00e1ticas e ideias criativas para todos os estilos e or\u00e7amentos.\n        <\/li>\n<li style=\"margin-bottom:0;\">\n            <strong><a href=\"https:\/\/b10.net.br\/\" target=\"_blank\" rel=\"noopener\" style=\"text-decoration:none;\">B10 Brasil<\/a><\/strong> \u2013<br \/>\n            As principais not\u00edcias, an\u00e1lises e insights sobre neg\u00f3cios, economia e soberania nacional. Conectando o Brasil ao mundo com intelig\u00eancia e estrat\u00e9gia.\n        <\/li>\n<\/ul>\n<\/div>\n<p><!-- \/bloco-portais-jbr --><\/div>\n","protected":false},"excerpt":{"rendered":"<p>Campanha de 2026 libera atos nas ruas e impulsionamento nas redes, mas pro\u00edbe disparos em massa, fake news, telemarketing e uso irregular de IA 15\/08\/2026 Materialde refer\u00eancia geogr\u00e1fica 15:00 DA REDA\u00c7\u00c3O \u2013 Foto: \u00a9REPRODU\u00c7\u00c3O Campanhas e elei\u00e7\u00f5es A propaganda eleitoral das Elei\u00e7\u00f5es 2026 come\u00e7a oficialmente neste domingo (16), abrindo uma<span class=\"more-link\"><a href=\"http:\/\/diadianews.com\/index.php\/2026\/08\/16\/propaganda-eleitoral-comeca-neste-domingo-com-novas-regras-para-internet-e-inteligencia-artificial\/\">Continue Reading<\/a><\/span><\/p>\n","protected":false},"author":1,"featured_media":6787,"comment_status":"closed","ping_status":"closed","sticky":false,"template":"","format":"standard","meta":{"footnotes":""},"categories":[1],"tags":[],"class_list":["entry","author-valdei","post-6786","post","type-post","status-publish","format-standard","has-post-thumbnail","category-news-do-dia"],"_links":{"self":[{"href":"http:\/\/diadianews.com\/index.php\/wp-json\/wp\/v2\/posts\/6786","targetHints":{"allow":["GET"]}}],"collection":[{"href":"http:\/\/diadianews.com\/index.php\/wp-json\/wp\/v2\/posts"}],"about":[{"href":"http:\/\/diadianews.com\/index.php\/wp-json\/wp\/v2\/types\/post"}],"author":[{"embeddable":true,"href":"http:\/\/diadianews.com\/index.php\/wp-json\/wp\/v2\/users\/1"}],"replies":[{"embeddable":true,"href":"http:\/\/diadianews.com\/index.php\/wp-json\/wp\/v2\/comments?post=6786"}],"version-history":[{"count":0,"href":"http:\/\/diadianews.com\/index.php\/wp-json\/wp\/v2\/posts\/6786\/revisions"}],"wp:featuredmedia":[{"embeddable":true,"href":"http:\/\/diadianews.com\/index.php\/wp-json\/wp\/v2\/media\/6787"}],"wp:attachment":[{"href":"http:\/\/diadianews.com\/index.php\/wp-json\/wp\/v2\/media?parent=6786"}],"wp:term":[{"taxonomy":"category","embeddable":true,"href":"http:\/\/diadianews.com\/index.php\/wp-json\/wp\/v2\/categories?post=6786"},{"taxonomy":"post_tag","embeddable":true,"href":"http:\/\/diadianews.com\/index.php\/wp-json\/wp\/v2\/tags?post=6786"}],"curies":[{"name":"wp","href":"https:\/\/api.w.org\/{rel}","templated":true}]}}