{"id":6788,"date":"2026-08-16T08:57:57","date_gmt":"2026-08-16T11:57:57","guid":{"rendered":"http:\/\/diadianews.com\/index.php\/2026\/08\/16\/familia-de-fabiola-diz-que-prisao-de-cardiologista-nao-foi-precipitada-e-cobra-esclarecimento-do-caso\/"},"modified":"2026-08-16T08:57:57","modified_gmt":"2026-08-16T11:57:57","slug":"familia-de-fabiola-diz-que-prisao-de-cardiologista-nao-foi-precipitada-e-cobra-esclarecimento-do-caso","status":"publish","type":"post","link":"http:\/\/diadianews.com\/index.php\/2026\/08\/16\/familia-de-fabiola-diz-que-prisao-de-cardiologista-nao-foi-precipitada-e-cobra-esclarecimento-do-caso\/","title":{"rendered":"Fam\u00edlia de Fab\u00edola diz que pris\u00e3o de cardiologista n\u00e3o foi precipitada e cobra esclarecimento do caso"},"content":{"rendered":"<div>\n<p class=\"wp-block-paragraph\">Familiares afirmam que decis\u00e3o contra Jo\u00e3o Jazbik ocorreu ap\u00f3s avan\u00e7o da investiga\u00e7\u00e3o, mas ressaltam respeito \u00e0 presun\u00e7\u00e3o de inoc\u00eancia e ao direito de defesa<\/p>\n<p class=\"wp-block-paragraph\"><img decoding=\"async\" src=\"https:\/\/jornaldoestadoms.com.br\/images\/Calendario.svg\"> 15\/08\/2026 Materialde refer\u00eancia geogr\u00e1fica <img decoding=\"async\" src=\"https:\/\/jornaldoestadoms.com.br\/images\/Relogio.svg\"> 14:30 DA REDA\u00c7\u00c3O \u2013 Foto: \u00a9REPRODU\u00c7\u00c3O<\/p>\n<p class=\"wp-block-paragraph\">A fam\u00edlia da fisioterapeuta <strong>Fab\u00edola Marcotti, de 51 anos<\/strong>, afirmou neste <strong>s\u00e1bado (15)<\/strong> que n\u00e3o considera precipitada a pris\u00e3o preventiva do m\u00e9dico cardiologista <strong>Jo\u00e3o Jazbik Neto, de 78 anos<\/strong>, investigado pela morte da esposa em <strong>Campo Grande<\/strong>. Em manifesta\u00e7\u00e3o divulgada ap\u00f3s a nova pris\u00e3o, os familiares disseram confiar na apura\u00e7\u00e3o e defenderam que todas as circunst\u00e2ncias do caso sejam esclarecidas.<\/p>\n<p class=\"wp-block-paragraph\">O cardiologista foi preso na noite de <strong>sexta-feira (14)<\/strong> por determina\u00e7\u00e3o da <strong>2\u00aa Vara do Tribunal do J\u00fari<\/strong>. Neste s\u00e1bado, passou por audi\u00eancia de cust\u00f3dia, teve a pris\u00e3o preventiva mantida e foi encaminhado ao <strong>Centro de Triagem<\/strong>.<\/p>\n<p class=\"wp-block-paragraph\">Para os familiares, a medida judicial ocorreu depois da an\u00e1lise dos elementos reunidos durante quase tr\u00eas meses de investiga\u00e7\u00e3o. Ao mesmo tempo, a fam\u00edlia afirmou respeitar o <strong>devido processo legal, a presun\u00e7\u00e3o de inoc\u00eancia e o direito de defesa<\/strong> do investigado.<\/p>\n<h3 class=\"wp-block-heading\">Fam\u00edlia questiona vers\u00e3o inicial de suic\u00eddio<\/h3>\n<p class=\"wp-block-paragraph\"><strong>Fab\u00edola Marcotti<\/strong> foi encontrada morta com um tiro na cabe\u00e7a em <strong>18 de maio<\/strong>, na ch\u00e1cara onde vivia com o marido, na regi\u00e3o do <strong>Jardim Veraneio<\/strong>, em Campo Grande.<\/p>\n<p class=\"wp-block-paragraph\">A ocorr\u00eancia foi inicialmente tratada como morte suspeita, e <strong>Jo\u00e3o Jazbik<\/strong> relatou que a esposa teria cometido suic\u00eddio. Com o avan\u00e7o das dilig\u00eancias, a <strong>Pol\u00edcia Civil<\/strong> passou a investigar a possibilidade de feminic\u00eddio diante de inconsist\u00eancias identificadas na apura\u00e7\u00e3o.<\/p>\n<p class=\"wp-block-paragraph\">Na manifesta\u00e7\u00e3o divulgada neste s\u00e1bado, os familiares sustentam acreditar que Fab\u00edola tenha sido v\u00edtima de feminic\u00eddio.<\/p>\n<blockquote class=\"wp-block-quote is-layout-flow wp-block-quote-is-layout-flow\">\n<p class=\"wp-block-paragraph\">Segundo a nota, essa convic\u00e7\u00e3o decorre das <em>\u201ccircunst\u00e2ncias reveladas ao longo da investiga\u00e7\u00e3o e dos elementos t\u00e9cnicos que, progressivamente, passaram a colocar sob s\u00e9rio questionamento a vers\u00e3o de suic\u00eddio inicialmente apresentada\u201d<\/em>.<\/p>\n<\/blockquote>\n<p class=\"wp-block-paragraph\">Apesar dessa posi\u00e7\u00e3o, a defini\u00e7\u00e3o sobre a natureza da morte e eventual responsabilidade criminal depende da conclus\u00e3o da investiga\u00e7\u00e3o e das etapas posteriores do processo legal.<\/p>\n<h3 class=\"wp-block-heading\">Laudo n\u00e3o definiu autoria nem din\u00e2mica da morte<\/h3>\n<p class=\"wp-block-paragraph\">Entre os elementos mencionados pela fam\u00edlia est\u00e1 o <strong>laudo necrosc\u00f3pico<\/strong>, que n\u00e3o teria identificado vest\u00edgios caracter\u00edsticos de um disparo efetuado com a arma encostada ou muito pr\u00f3xima da pele.<\/p>\n<p class=\"wp-block-paragraph\">Essa constata\u00e7\u00e3o pericial, isoladamente, entretanto, <strong>n\u00e3o estabelece quem realizou o disparo nem conclui se a morte ocorreu por homic\u00eddio ou suic\u00eddio<\/strong>.<\/p>\n<p class=\"wp-block-paragraph\">A fam\u00edlia argumenta que a investiga\u00e7\u00e3o avan\u00e7ou justamente pela confronta\u00e7\u00e3o entre os relatos apresentados inicialmente, os depoimentos colhidos, as per\u00edcias e outros elementos reunidos pelos investigadores.<\/p>\n<p class=\"wp-block-paragraph\">Outro ponto sob an\u00e1lise \u00e9 uma poss\u00edvel altera\u00e7\u00e3o da cena depois da morte da fisioterapeuta.<\/p>\n<h3 class=\"wp-block-heading\">Armas teriam sido retiradas da resid\u00eancia<\/h3>\n<p class=\"wp-block-paragraph\">Durante as primeiras dilig\u00eancias, a <strong>Pol\u00edcia Civil<\/strong> encontrou ind\u00edcios de poss\u00edvel fraude processual. Um arm\u00e1rio contendo armas e muni\u00e7\u00f5es teria sido retirado da resid\u00eancia principal ap\u00f3s a morte de Fab\u00edola e levado para outro im\u00f3vel existente dentro da propriedade.<\/p>\n<p class=\"wp-block-paragraph\">Por esse epis\u00f3dio, <strong>Jo\u00e3o Jazbik<\/strong> chegou a ser preso anteriormente por <strong>posse irregular de arma de fogo e suspeita de fraude processual<\/strong>.<\/p>\n<p class=\"wp-block-paragraph\">Posteriormente, o cardiologista obteve habeas corpus e passou a responder \u00e0s acusa\u00e7\u00f5es em liberdade, sujeito a medidas cautelares. A investiga\u00e7\u00e3o relacionada diretamente \u00e0 morte da esposa continuou.<\/p>\n<h3 class=\"wp-block-heading\">\u201cCabe \u00e0s provas falarem por ela\u201d<\/h3>\n<p class=\"wp-block-paragraph\">Na manifesta\u00e7\u00e3o deste s\u00e1bado, os familiares afirmam que n\u00e3o pretendem antecipar uma condena\u00e7\u00e3o nem transformar o caso em julgamento p\u00fablico.<\/p>\n<blockquote class=\"wp-block-quote is-layout-flow wp-block-quote-is-layout-flow\">\n<p class=\"wp-block-paragraph\"><em>\u201cA fam\u00edlia n\u00e3o busca vingan\u00e7a. Busca Justi\u00e7a. N\u00e3o pede condena\u00e7\u00e3o pela opini\u00e3o p\u00fablica. Pede verdade\u201d<\/em>, afirma a nota.<\/p>\n<\/blockquote>\n<p class=\"wp-block-paragraph\">Em outro trecho, os familiares destacam que <strong>Fab\u00edola<\/strong> tinha projetos pessoais e profissionais e defendem que sua hist\u00f3ria n\u00e3o seja reduzida apenas aos n\u00fameros da viol\u00eancia contra as mulheres.<\/p>\n<p class=\"wp-block-paragraph\"><em>\u201cFab\u00edola j\u00e1 n\u00e3o pode falar. Agora, cabe \u00e0s provas falarem por ela\u201d<\/em>, diz a manifesta\u00e7\u00e3o.<\/p>\n<h3 class=\"wp-block-heading\">Pris\u00e3o preventiva foi mantida<\/h3>\n<p class=\"wp-block-paragraph\">A nova pris\u00e3o de <strong>Jo\u00e3o Jazbik Neto<\/strong> foi decretada na <strong>sexta-feira (14)<\/strong> e cumprida pela Pol\u00edcia Civil. O mandado estabelece pris\u00e3o preventiva, modalidade que n\u00e3o possui prazo fixo para encerramento, embora sua necessidade deva ser reavaliada periodicamente.<\/p>\n<p class=\"wp-block-paragraph\">Durante a audi\u00eancia de cust\u00f3dia deste s\u00e1bado, a defesa pediu a revoga\u00e7\u00e3o da medida. Tamb\u00e9m solicitou que, caso a pris\u00e3o fosse mantida, o m\u00e9dico fosse levado a uma unidade capaz de atender \u00e0s necessidades relacionadas \u00e0 sua idade e \u00e0s condi\u00e7\u00f5es de sa\u00fade relatadas.<\/p>\n<p class=\"wp-block-paragraph\">A Justi\u00e7a manteve a cust\u00f3dia e determinou o encaminhamento ao <strong>Centro de Triagem<\/strong>, com recomenda\u00e7\u00e3o de acompanhamento m\u00e9dico.<\/p>\n<h3 class=\"wp-block-heading\">Defesa nega participa\u00e7\u00e3o na morte<\/h3>\n<p class=\"wp-block-paragraph\">A defesa de <strong>Jo\u00e3o Jazbik Neto<\/strong> nega que o cardiologista tenha participado da morte da esposa e afirma que ele colaborou com as investiga\u00e7\u00f5es.<\/p>\n<p class=\"wp-block-paragraph\">O <strong>advogado Jos\u00e9 Belga Trad<\/strong> sustenta ainda que o inqu\u00e9rito policial n\u00e3o foi conclu\u00eddo e que, at\u00e9 o momento informado pela defesa, n\u00e3o havia den\u00fancia apresentada pelo <strong>Minist\u00e9rio P\u00fablico<\/strong> contra o m\u00e9dico.<\/p>\n<p class=\"wp-block-paragraph\">A pris\u00e3o preventiva, portanto, n\u00e3o representa condena\u00e7\u00e3o. <strong>Jo\u00e3o Jazbik permanece investigado<\/strong>, e eventual responsabiliza\u00e7\u00e3o criminal depender\u00e1 das provas reunidas, da conclus\u00e3o do inqu\u00e9rito e das decis\u00f5es posteriores da Justi\u00e7a.<\/p>\n<p class=\"wp-block-paragraph\">Enquanto a investiga\u00e7\u00e3o prossegue, a fam\u00edlia de <strong>Fab\u00edola Marcotti<\/strong> afirma esperar que per\u00edcias, depoimentos e demais elementos t\u00e9cnicos permitam esclarecer definitivamente o que ocorreu na propriedade em <strong>18 de maio<\/strong>.<\/p>\n<figure class=\"wp-block-image size-large\"><img loading=\"lazy\" decoding=\"async\" width=\"1024\" height=\"678\" src=\"https:\/\/jornaldiadia.com.br\/wp-content\/uploads\/image-9507-1024x678.webp\" alt=\"\" class=\"wp-image-81514\" srcset=\"https:\/\/jornaldiadia.com.br\/wp-content\/uploads\/image-9507-1024x678.webp 1024w, https:\/\/jornaldiadia.com.br\/wp-content\/uploads\/image-9507-300x199.webp 300w, https:\/\/jornaldiadia.com.br\/wp-content\/uploads\/image-9507-768x509.webp 768w, https:\/\/jornaldiadia.com.br\/wp-content\/uploads\/image-9507-1536x1018.webp 1536w, https:\/\/jornaldiadia.com.br\/wp-content\/uploads\/image-9507.webp 1920w, https:\/\/jornaldiadia.com.br\/wp-content\/uploads\/image-9507-465x308.webp 465w, https:\/\/jornaldiadia.com.br\/wp-content\/uploads\/image-9507-695x460.webp 695w\" sizes=\"auto, (max-width: 1024px) 100vw, 1024px\"><\/figure>\n<p class=\"wp-block-paragraph\"><a href=\"https:\/\/jornaldoestadoms.com.br\/noticias?tag=campo-grande\"><\/a><\/p>\n<figure class=\"wp-block-image size-large\"><img loading=\"lazy\" decoding=\"async\" width=\"1024\" height=\"573\" src=\"https:\/\/jornaldiadia.com.br\/wp-content\/uploads\/image-9508-1024x573.webp\" alt=\"\" class=\"wp-image-81515\" srcset=\"https:\/\/jornaldiadia.com.br\/wp-content\/uploads\/image-9508-1024x573.webp 1024w, https:\/\/jornaldiadia.com.br\/wp-content\/uploads\/image-9508-300x168.webp 300w, https:\/\/jornaldiadia.com.br\/wp-content\/uploads\/image-9508-768x430.webp 768w, https:\/\/jornaldiadia.com.br\/wp-content\/uploads\/image-9508-1536x860.webp 1536w, https:\/\/jornaldiadia.com.br\/wp-content\/uploads\/image-9508.webp 1920w, https:\/\/jornaldiadia.com.br\/wp-content\/uploads\/image-9508-465x260.webp 465w, https:\/\/jornaldiadia.com.br\/wp-content\/uploads\/image-9508-695x389.webp 695w\" sizes=\"auto, (max-width: 1024px) 100vw, 1024px\"><\/figure>\n<p class=\"wp-block-paragraph\"><a href=\"https:\/\/jornaldoestadoms.com.br\/noticias?tag=campo-grande\">CAMPO GRANDE<\/a><a href=\"https:\/\/jornaldoestadoms.com.br\/noticias?tag=campo-grande\"> <\/a><a href=\"https:\/\/jornaldoestadoms.com.br\/noticias?tag=justica\">JUSTI\u00c7A <\/a><a href=\"https:\/\/jornaldoestadoms.com.br\/noticias?tag=policial\">POLICIAL<\/a><\/p>\n<p><!-- bloco-portais-jbr --><\/p>\n<div class=\"box-portais-jbr\" style=\"border:1px solid #e0e0e0;padding:16px 18px;margin:24px 0;border-radius:8px;background:#f9f9f9;font-size:0.95rem;\">\n<p style=\"margin:0 0 10px 0;font-weight:600;\">\n        Continue sempre bem informado acessando nossos portais:\n    <\/p>\n<ul style=\"margin:0;padding-left:20px;\">\n<li style=\"margin-bottom:8px;\">\n            <strong><a href=\"https:\/\/jornaldiadia.com.br\/\" target=\"_blank\" rel=\"noopener\" style=\"text-decoration:none;\">Jornal Dia Dia<\/a><\/strong> \u2013<br \/>\n            Sua fonte confi\u00e1vel para as melhores not\u00edcias e artigos \u00fateis. Fique por dentro dos acontecimentos mais importantes, dicas pr\u00e1ticas e conte\u00fados de qualidade.\n        <\/li>\n<li style=\"margin-bottom:8px;\">\n            <strong><a href=\"https:\/\/jbr.jor.br\/\" target=\"_blank\" rel=\"noopener\" style=\"text-decoration:none;\">Jornal Brasil Regional (JBR)<\/a><\/strong> \u2013<br \/>\n            O pulso do pa\u00eds em tempo real. Not\u00edcias nacionais, regionais e internacionais com \u00e9tica e credibilidade.\n        <\/li>\n<li style=\"margin-bottom:8px;\">\n            <strong><a href=\"https:\/\/castilho.jor.br\/\" target=\"_blank\" rel=\"noopener\" style=\"text-decoration:none;\">Castilho Not\u00edcias (News)<\/a><\/strong> \u2013<br \/>\n            O seu di\u00e1rio local com cobertura de Castilho e Regi\u00e3o (SP). Jornalismo com credibilidade.\n        <\/li>\n<li style=\"margin-bottom:8px;\">\n            <strong><a href=\"https:\/\/casaejardim.net.br\/\" target=\"_blank\" rel=\"noopener\" style=\"text-decoration:none;\">Casa e Jardim<\/a><\/strong> \u2013<br \/>\n            Dicas exclusivas sobre decora\u00e7\u00e3o, jardinagem, arquitetura, DIY, reformas e muito mais. Tend\u00eancias, solu\u00e7\u00f5es pr\u00e1ticas e ideias criativas para todos os estilos e or\u00e7amentos.\n        <\/li>\n<li style=\"margin-bottom:0;\">\n            <strong><a href=\"https:\/\/b10.net.br\/\" target=\"_blank\" rel=\"noopener\" style=\"text-decoration:none;\">B10 Brasil<\/a><\/strong> \u2013<br \/>\n            As principais not\u00edcias, an\u00e1lises e insights sobre neg\u00f3cios, economia e soberania nacional. Conectando o Brasil ao mundo com intelig\u00eancia e estrat\u00e9gia.\n        <\/li>\n<\/ul>\n<\/div>\n<p><!-- \/bloco-portais-jbr --><\/div>\n","protected":false},"excerpt":{"rendered":"<p>Familiares afirmam que decis\u00e3o contra Jo\u00e3o Jazbik ocorreu ap\u00f3s avan\u00e7o da investiga\u00e7\u00e3o, mas ressaltam respeito \u00e0 presun\u00e7\u00e3o de inoc\u00eancia e ao direito de defesa 15\/08\/2026 Materialde refer\u00eancia geogr\u00e1fica 14:30 DA REDA\u00c7\u00c3O \u2013 Foto: \u00a9REPRODU\u00c7\u00c3O A fam\u00edlia da fisioterapeuta Fab\u00edola Marcotti, de 51 anos, afirmou neste s\u00e1bado (15) que n\u00e3o considera<span class=\"more-link\"><a href=\"http:\/\/diadianews.com\/index.php\/2026\/08\/16\/familia-de-fabiola-diz-que-prisao-de-cardiologista-nao-foi-precipitada-e-cobra-esclarecimento-do-caso\/\">Continue Reading<\/a><\/span><\/p>\n","protected":false},"author":1,"featured_media":6789,"comment_status":"closed","ping_status":"closed","sticky":false,"template":"","format":"standard","meta":{"footnotes":""},"categories":[1],"tags":[],"class_list":["entry","author-valdei","post-6788","post","type-post","status-publish","format-standard","has-post-thumbnail","category-news-do-dia"],"_links":{"self":[{"href":"http:\/\/diadianews.com\/index.php\/wp-json\/wp\/v2\/posts\/6788","targetHints":{"allow":["GET"]}}],"collection":[{"href":"http:\/\/diadianews.com\/index.php\/wp-json\/wp\/v2\/posts"}],"about":[{"href":"http:\/\/diadianews.com\/index.php\/wp-json\/wp\/v2\/types\/post"}],"author":[{"embeddable":true,"href":"http:\/\/diadianews.com\/index.php\/wp-json\/wp\/v2\/users\/1"}],"replies":[{"embeddable":true,"href":"http:\/\/diadianews.com\/index.php\/wp-json\/wp\/v2\/comments?post=6788"}],"version-history":[{"count":0,"href":"http:\/\/diadianews.com\/index.php\/wp-json\/wp\/v2\/posts\/6788\/revisions"}],"wp:featuredmedia":[{"embeddable":true,"href":"http:\/\/diadianews.com\/index.php\/wp-json\/wp\/v2\/media\/6789"}],"wp:attachment":[{"href":"http:\/\/diadianews.com\/index.php\/wp-json\/wp\/v2\/media?parent=6788"}],"wp:term":[{"taxonomy":"category","embeddable":true,"href":"http:\/\/diadianews.com\/index.php\/wp-json\/wp\/v2\/categories?post=6788"},{"taxonomy":"post_tag","embeddable":true,"href":"http:\/\/diadianews.com\/index.php\/wp-json\/wp\/v2\/tags?post=6788"}],"curies":[{"name":"wp","href":"https:\/\/api.w.org\/{rel}","templated":true}]}}