{"id":6790,"date":"2026-08-16T09:02:59","date_gmt":"2026-08-16T12:02:59","guid":{"rendered":"http:\/\/diadianews.com\/index.php\/2026\/08\/16\/candidaturas-passam-a-ser-100-digitais-e-tre-ms-mantem-plantao-para-duvidas-de-ultima-hora\/"},"modified":"2026-08-16T09:02:59","modified_gmt":"2026-08-16T12:02:59","slug":"candidaturas-passam-a-ser-100-digitais-e-tre-ms-mantem-plantao-para-duvidas-de-ultima-hora","status":"publish","type":"post","link":"http:\/\/diadianews.com\/index.php\/2026\/08\/16\/candidaturas-passam-a-ser-100-digitais-e-tre-ms-mantem-plantao-para-duvidas-de-ultima-hora\/","title":{"rendered":"Candidaturas passam a ser 100% digitais e TRE-MS mant\u00e9m plant\u00e3o para d\u00favidas de \u00faltima hora"},"content":{"rendered":"<div>\n<p class=\"wp-block-paragraph\">Tribunal atende at\u00e9 as 19h deste s\u00e1bado (15), prazo final para registros; at\u00e9 10h40, sistema contabilizava 368 candidaturas em Mato Grosso do Sul<\/p>\n<p class=\"wp-block-paragraph\"><img decoding=\"async\" src=\"https:\/\/jornaldoestadoms.com.br\/images\/Calendario.svg\"> 15\/08\/2026 Materialde refer\u00eancia geogr\u00e1fica <img decoding=\"async\" src=\"https:\/\/jornaldoestadoms.com.br\/images\/Relogio.svg\"> 13:00 DA REDA\u00c7\u00c3O \u2013 Foto: \u00a9DIVULGA\u00c7\u00c3O Campanhas e elei\u00e7\u00f5es<\/p>\n<p class=\"wp-block-paragraph\">O \u00faltimo dia para registro das candidaturas \u00e0s <strong>Elei\u00e7\u00f5es 2026<\/strong> movimenta o <strong>TRE-MS (Tribunal Regional Eleitoral de Mato Grosso do Sul)<\/strong> neste <strong>s\u00e1bado (15)<\/strong>. Embora todo o procedimento tenha passado a ser eletr\u00f4nico neste ano, o tribunal mant\u00e9m equipes de plant\u00e3o at\u00e9 as <strong>19h<\/strong> para solucionar problemas e orientar partidos, federa\u00e7\u00f5es e candidatos.<\/p>\n<p class=\"wp-block-paragraph\">A principal mudan\u00e7a desta elei\u00e7\u00e3o \u00e9 justamente o fim da entrega presencial de processos e m\u00eddias. Segundo o <strong>secret\u00e1rio judici\u00e1rio do TRE-MS, Marcos Rafael Coelho<\/strong>, os registros passaram a tramitar integralmente em ambiente digital.<\/p>\n<p class=\"wp-block-paragraph\"><em>\u201cN\u00e3o existe mais entrega de processo f\u00edsico ou sequer entrega de m\u00eddia f\u00edsica, como acontecia antes. Isso mudou agora em 2026. Ent\u00e3o, a entrega, a partir de 2026, passou a ser totalmente eletr\u00f4nica\u201d<\/em>, explicou.<\/p>\n<p class=\"wp-block-paragraph\">A digitaliza\u00e7\u00e3o tamb\u00e9m alcan\u00e7a materiais relacionados \u00e0s candidaturas e \u00e0 campanha, eliminando procedimentos que anteriormente exigiam entrega f\u00edsica \u00e0 Justi\u00e7a Eleitoral.<\/p>\n<h3 class=\"wp-block-heading\">Plant\u00e3o funciona como suporte no \u00faltimo dia<\/h3>\n<p class=\"wp-block-paragraph\">Mesmo com o processo digital, o <strong>TRE-MS<\/strong> manteve o tradicional atendimento especial neste s\u00e1bado. A medida busca garantir suporte principalmente diante de eventuais dificuldades t\u00e9cnicas justamente nas \u00faltimas horas do prazo.<\/p>\n<p class=\"wp-block-paragraph\">Al\u00e9m de prestar orienta\u00e7\u00f5es, as equipes trabalham na an\u00e1lise dos pedidos que j\u00e1 foram encaminhados.<\/p>\n<p class=\"wp-block-paragraph\"><em>\u201cA gente sabe que, como \u00e9 o \u00faltimo dia do prazo, pode haver problemas sist\u00eamicos ou de outra natureza que eventualmente eles precisam de algu\u00e9m de ajuda. Ent\u00e3o, n\u00f3s estamos aqui com for\u00e7a total, n\u00e3o s\u00f3 para analisar o que j\u00e1 chegou, mas tamb\u00e9m para poder receber essa demanda\u201d<\/em>, afirmou <strong>Marcos Rafael Coelho<\/strong>.<\/p>\n<p class=\"wp-block-paragraph\">O prazo regular para apresenta\u00e7\u00e3o dos registros termina \u00e0s <strong>19h deste s\u00e1bado<\/strong>.<\/p>\n<h3 class=\"wp-block-heading\">MS tinha 368 candidaturas registradas pela manh\u00e3<\/h3>\n<p class=\"wp-block-paragraph\">At\u00e9 as <strong>10h40 deste s\u00e1bado<\/strong>, Mato Grosso do Sul contabilizava <strong>368 registros de candidaturas<\/strong> para os diferentes cargos em disputa.<\/p>\n<p class=\"wp-block-paragraph\">Materialde refer\u00eancia geogr\u00e1fica<\/p>\n<p class=\"wp-block-paragraph\">Os pedidos estavam distribu\u00eddos da seguinte forma:<\/p>\n<p class=\"wp-block-paragraph\"><strong>Governador:<\/strong> 6 candidaturas<\/p>\n<p class=\"wp-block-paragraph\"><strong>Vice-governador:<\/strong> 6 candidaturas<\/p>\n<p class=\"wp-block-paragraph\"><strong>Senador:<\/strong> 9 candidaturas<\/p>\n<p class=\"wp-block-paragraph\"><strong>1\u00ba suplente de senador:<\/strong> 9 candidaturas<\/p>\n<p class=\"wp-block-paragraph\"><strong>2\u00ba suplente de senador:<\/strong> 9 candidaturas<\/p>\n<p class=\"wp-block-paragraph\"><strong>Deputado federal:<\/strong> 110 candidaturas<\/p>\n<p class=\"wp-block-paragraph\"><strong>Deputado estadual:<\/strong> 228 candidaturas<\/p>\n<p class=\"wp-block-paragraph\">Os n\u00fameros representam a situa\u00e7\u00e3o registrada at\u00e9 aquele hor\u00e1rio e podem aumentar at\u00e9 o encerramento do prazo.<\/p>\n<p class=\"wp-block-paragraph\">Depois da apresenta\u00e7\u00e3o dos pedidos, a <strong>Justi\u00e7a Eleitoral<\/strong> analisa a documenta\u00e7\u00e3o e verifica o cumprimento dos requisitos legais para que cada candidato possa disputar as elei\u00e7\u00f5es.<\/p>\n<p class=\"wp-block-paragraph\">Campanhase elei\u00e7\u00f5es<\/p>\n<h3 class=\"wp-block-heading\">Candidato pode agir se partido perder o prazo<\/h3>\n<p class=\"wp-block-paragraph\">Existe uma regra espec\u00edfica para situa\u00e7\u00f5es em que o partido deixa de apresentar dentro do prazo o registro de uma pessoa escolhida regularmente para disputar a elei\u00e7\u00e3o.<\/p>\n<p class=\"wp-block-paragraph\">Segundo <strong>Marcos Rafael Coelho<\/strong>, caso o candidato seja prejudicado pela perda do prazo pela legenda, a legisla\u00e7\u00e3o permite que ele apresente individualmente o pedido de registro em at\u00e9 <strong>dois dias<\/strong>.<\/p>\n<p class=\"wp-block-paragraph\"><em>\u201cSe por acaso o partido perder esse prazo de 19h, eu sozinho registro a minha candidatura em at\u00e9 dois dias\u201d<\/em>, explicou o secret\u00e1rio judici\u00e1rio.<\/p>\n<p class=\"wp-block-paragraph\">A possibilidade funciona como uma prote\u00e7\u00e3o ao candidato escolhido regularmente pela legenda, evitando que uma falha no procedimento partid\u00e1rio impe\u00e7a automaticamente a apresenta\u00e7\u00e3o de seu pedido \u00e0 Justi\u00e7a Eleitoral.<\/p>\n<h3 class=\"wp-block-heading\">Plant\u00e3o eleitoral come\u00e7a neste s\u00e1bado<\/h3>\n<p class=\"wp-block-paragraph\">O <strong>TRE-MS<\/strong> tamb\u00e9m inicia neste s\u00e1bado o per\u00edodo de <strong>plant\u00e3o eleitoral<\/strong>, ampliando sua rotina de funcionamento em raz\u00e3o das demandas das elei\u00e7\u00f5es.<\/p>\n<p class=\"wp-block-paragraph\">A partir desta fase, haver\u00e1 atendimento aos <strong>finais de semana e feriados<\/strong>, no per\u00edodo das <strong>14h \u00e0s 19h<\/strong>.<\/p>\n<p class=\"wp-block-paragraph\"><em>\u201cA Justi\u00e7a Eleitoral vai funcionar, vai ter plantonista e a gente est\u00e1 pronto para mais uma elei\u00e7\u00e3o\u201d<\/em>, afirmou <strong>Marcos Rafael Coelho<\/strong>.<\/p>\n<p class=\"wp-block-paragraph\">Com o encerramento dos registros \u00e0s <strong>19h<\/strong>, o processo eleitoral entra em uma nova etapa. A partir da\u00ed, os pedidos protocolados ser\u00e3o examinados pela Justi\u00e7a Eleitoral, enquanto partidos e candidatos avan\u00e7am para o per\u00edodo oficial de campanha das <strong>Elei\u00e7\u00f5es 2026<\/strong>.<\/p>\n<p class=\"wp-block-paragraph\"><a href=\"https:\/\/jornaldoestadoms.com.br\/noticias?tag=justica-eleitoral\"><\/a><\/p>\n<p class=\"wp-block-paragraph\"><a href=\"https:\/\/jornaldoestadoms.com.br\/noticias?tag=justica-eleitoral\">JUSTI\u00c7A ELEITORAL<\/a><a href=\"https:\/\/jornaldoestadoms.com.br\/noticias?tag=justica-eleitoral\"> <\/a><a href=\"https:\/\/jornaldoestadoms.com.br\/noticias?tag=politica\">POL\u00cdTICA <\/a><a href=\"https:\/\/jornaldoestadoms.com.br\/noticias?tag=tre-ms\">TRE-MS<\/a><\/p>\n<p class=\"wp-block-paragraph\">Jornal do Estado MS<\/p>\n<p><!-- bloco-portais-jbr --><\/p>\n<div class=\"box-portais-jbr\" style=\"border:1px solid #e0e0e0;padding:16px 18px;margin:24px 0;border-radius:8px;background:#f9f9f9;font-size:0.95rem;\">\n<p style=\"margin:0 0 10px 0;font-weight:600;\">\n        Continue sempre bem informado acessando nossos portais:\n    <\/p>\n<ul style=\"margin:0;padding-left:20px;\">\n<li style=\"margin-bottom:8px;\">\n            <strong><a href=\"https:\/\/jornaldiadia.com.br\/\" target=\"_blank\" rel=\"noopener\" style=\"text-decoration:none;\">Jornal Dia Dia<\/a><\/strong> \u2013<br \/>\n            Sua fonte confi\u00e1vel para as melhores not\u00edcias e artigos \u00fateis. Fique por dentro dos acontecimentos mais importantes, dicas pr\u00e1ticas e conte\u00fados de qualidade.\n        <\/li>\n<li style=\"margin-bottom:8px;\">\n            <strong><a href=\"https:\/\/jbr.jor.br\/\" target=\"_blank\" rel=\"noopener\" style=\"text-decoration:none;\">Jornal Brasil Regional (JBR)<\/a><\/strong> \u2013<br \/>\n            O pulso do pa\u00eds em tempo real. Not\u00edcias nacionais, regionais e internacionais com \u00e9tica e credibilidade.\n        <\/li>\n<li style=\"margin-bottom:8px;\">\n            <strong><a href=\"https:\/\/castilho.jor.br\/\" target=\"_blank\" rel=\"noopener\" style=\"text-decoration:none;\">Castilho Not\u00edcias (News)<\/a><\/strong> \u2013<br \/>\n            O seu di\u00e1rio local com cobertura de Castilho e Regi\u00e3o (SP). Jornalismo com credibilidade.\n        <\/li>\n<li style=\"margin-bottom:8px;\">\n            <strong><a href=\"https:\/\/casaejardim.net.br\/\" target=\"_blank\" rel=\"noopener\" style=\"text-decoration:none;\">Casa e Jardim<\/a><\/strong> \u2013<br \/>\n            Dicas exclusivas sobre decora\u00e7\u00e3o, jardinagem, arquitetura, DIY, reformas e muito mais. Tend\u00eancias, solu\u00e7\u00f5es pr\u00e1ticas e ideias criativas para todos os estilos e or\u00e7amentos.\n        <\/li>\n<li style=\"margin-bottom:0;\">\n            <strong><a href=\"https:\/\/b10.net.br\/\" target=\"_blank\" rel=\"noopener\" style=\"text-decoration:none;\">B10 Brasil<\/a><\/strong> \u2013<br \/>\n            As principais not\u00edcias, an\u00e1lises e insights sobre neg\u00f3cios, economia e soberania nacional. Conectando o Brasil ao mundo com intelig\u00eancia e estrat\u00e9gia.\n        <\/li>\n<\/ul>\n<\/div>\n<p><!-- \/bloco-portais-jbr --><\/div>\n","protected":false},"excerpt":{"rendered":"<p>Tribunal atende at\u00e9 as 19h deste s\u00e1bado (15), prazo final para registros; at\u00e9 10h40, sistema contabilizava 368 candidaturas em Mato Grosso do Sul 15\/08\/2026 Materialde refer\u00eancia geogr\u00e1fica 13:00 DA REDA\u00c7\u00c3O \u2013 Foto: \u00a9DIVULGA\u00c7\u00c3O Campanhas e elei\u00e7\u00f5es O \u00faltimo dia para registro das candidaturas \u00e0s Elei\u00e7\u00f5es 2026 movimenta o TRE-MS (Tribunal<span class=\"more-link\"><a href=\"http:\/\/diadianews.com\/index.php\/2026\/08\/16\/candidaturas-passam-a-ser-100-digitais-e-tre-ms-mantem-plantao-para-duvidas-de-ultima-hora\/\">Continue Reading<\/a><\/span><\/p>\n","protected":false},"author":1,"featured_media":6791,"comment_status":"closed","ping_status":"closed","sticky":false,"template":"","format":"standard","meta":{"footnotes":""},"categories":[1],"tags":[],"class_list":["entry","author-valdei","post-6790","post","type-post","status-publish","format-standard","has-post-thumbnail","category-news-do-dia"],"_links":{"self":[{"href":"http:\/\/diadianews.com\/index.php\/wp-json\/wp\/v2\/posts\/6790","targetHints":{"allow":["GET"]}}],"collection":[{"href":"http:\/\/diadianews.com\/index.php\/wp-json\/wp\/v2\/posts"}],"about":[{"href":"http:\/\/diadianews.com\/index.php\/wp-json\/wp\/v2\/types\/post"}],"author":[{"embeddable":true,"href":"http:\/\/diadianews.com\/index.php\/wp-json\/wp\/v2\/users\/1"}],"replies":[{"embeddable":true,"href":"http:\/\/diadianews.com\/index.php\/wp-json\/wp\/v2\/comments?post=6790"}],"version-history":[{"count":0,"href":"http:\/\/diadianews.com\/index.php\/wp-json\/wp\/v2\/posts\/6790\/revisions"}],"wp:featuredmedia":[{"embeddable":true,"href":"http:\/\/diadianews.com\/index.php\/wp-json\/wp\/v2\/media\/6791"}],"wp:attachment":[{"href":"http:\/\/diadianews.com\/index.php\/wp-json\/wp\/v2\/media?parent=6790"}],"wp:term":[{"taxonomy":"category","embeddable":true,"href":"http:\/\/diadianews.com\/index.php\/wp-json\/wp\/v2\/categories?post=6790"},{"taxonomy":"post_tag","embeddable":true,"href":"http:\/\/diadianews.com\/index.php\/wp-json\/wp\/v2\/tags?post=6790"}],"curies":[{"name":"wp","href":"https:\/\/api.w.org\/{rel}","templated":true}]}}