{"id":6792,"date":"2026-08-16T09:17:59","date_gmt":"2026-08-16T12:17:59","guid":{"rendered":"http:\/\/diadianews.com\/index.php\/2026\/08\/16\/riedel-abre-campanha-nas-ruas-com-foco-em-crescimento-e-inclusao\/"},"modified":"2026-08-16T09:17:59","modified_gmt":"2026-08-16T12:17:59","slug":"riedel-abre-campanha-nas-ruas-com-foco-em-crescimento-e-inclusao","status":"publish","type":"post","link":"http:\/\/diadianews.com\/index.php\/2026\/08\/16\/riedel-abre-campanha-nas-ruas-com-foco-em-crescimento-e-inclusao\/","title":{"rendered":"Riedel abre campanha nas ruas com foco em crescimento e inclus\u00e3o"},"content":{"rendered":"<div>\n<p class=\"wp-block-paragraph\"><em>Governador inicia caminhada eleitoral neste domingo com agendas em Campo Grande e Furnas do Dion\u00edsio<\/em><\/p>\n<p class=\"wp-block-paragraph\">A campanha eleitoral come\u00e7a oficialmente neste domingo (16), e o governador Eduardo Riedel (Progressistas), candidato aprovado em conven\u00e7\u00e3o partid\u00e1ria \u00e0 reelei\u00e7\u00e3o, inicia a caminhada pelas ruas, bairros e comunidades de Mato Grosso do Sul. <\/p>\n<p class=\"wp-block-paragraph\">A agenda do primeiro dia combina compromissos em diferentes regi\u00f5es de Campo Grande com uma visita \u00e0 comunidade quilombola de Furnas do Dion\u00edsio, em Jaraguari.<\/p>\n<p class=\"wp-block-paragraph\">Riedel come\u00e7a o domingo \u00e0s 9h, com agenda na Regi\u00e3o do Bandeira, na Capital. \u00c0s 12h30, participa do almo\u00e7o t\u00edpico quilombola durante o 12\u00ba Festival da Rapadura, em Furnas do Dion\u00edsio. De volta a Campo Grande, a programa\u00e7\u00e3o eleitoral continua com dois adesiva\u00e7os: \u00e0s 16h, na Regi\u00e3o do Prosa, e \u00e0s 17h, na Regi\u00e3o Central.<\/p>\n<p class=\"wp-block-paragraph\">\u201cVamos dar in\u00edcio a esta nova caminhada com muita disposi\u00e7\u00e3o para ouvir, dialogar e apresentar \u00e0 sociedade o Mato Grosso do Sul que queremos construir nos pr\u00f3ximos quatro anos. Fizemos avan\u00e7os importantes, mas sabemos que ainda h\u00e1 muito a fazer. Nosso compromisso \u00e9 transformar cada vez mais o crescimento do Estado em oportunidades, renda, servi\u00e7os p\u00fablicos melhores e qualidade de vida para as pessoas, em todas as regi\u00f5es. Quero fazer uma campanha propositiva, pr\u00f3xima das pessoas e olhando para o futuro, mostrando o que realizamos, reconhecendo onde precisamos avan\u00e7ar e deixando claro para onde queremos levar Mato Grosso do Sul. \u00c9 com esse esp\u00edrito, de responsabilidade, trabalho e confian\u00e7a no nosso Estado, que iniciamos essa caminhada\u201d, disse o governador.<\/p>\n<p class=\"wp-block-paragraph\">A escolha de come\u00e7ar a campanha entre bairros urbanos e uma comunidade tradicional ajuda a traduzir uma das ideias que Riedel pretende levar ao debate eleitoral: fazer com que o crescimento econ\u00f4mico de Mato Grosso do Sul seja percebido de maneira concreta na vida das pessoas.<\/p>\n<p class=\"wp-block-paragraph\"><strong>Olhando para o futuro<\/strong><\/p>\n<p class=\"wp-block-paragraph\">Esse \u00e9 tamb\u00e9m o fio condutor do plano de governo registrado no Tribunal Superior Eleitoral. Organizado em quatro dimens\u00f5es estrat\u00e9gicas, o documento prop\u00f5e para o per\u00edodo de 2027 a 2030 um novo ciclo resumido em tr\u00eas palavras \u2014 <strong>\u201cCrescer, Incluir e Transformar\u201d<\/strong> \u2014 e procura aproximar os indicadores econ\u00f4micos das demandas do cotidiano, como sa\u00fade, educa\u00e7\u00e3o, seguran\u00e7a, emprego, renda, infraestrutura e prote\u00e7\u00e3o social.<\/p>\n<p class=\"wp-block-paragraph\">A primeira dimens\u00e3o coloca as pessoas no centro das pol\u00edticas p\u00fablicas, com a\u00e7\u00f5es nas \u00e1reas de prote\u00e7\u00e3o social, educa\u00e7\u00e3o, sa\u00fade, seguran\u00e7a e amplia\u00e7\u00e3o das oportunidades. O plano aponta como desafio tornar permanentes os avan\u00e7os sociais e evitar que fam\u00edlias retornem \u00e0 vulnerabilidade diante da perda de renda, emprego ou acesso a servi\u00e7os essenciais.<\/p>\n<p class=\"wp-block-paragraph\">Na economia, Riedel pretende defende que crescimento s\u00f3 ganha significado quando se transforma em trabalho e renda. O plano associa a atra\u00e7\u00e3o de ind\u00fastrias, a expans\u00e3o do agroneg\u00f3cio, a produ\u00e7\u00e3o de energia e a incorpora\u00e7\u00e3o de novas tecnologias \u00e0 necessidade de qualificar trabalhadores para que a popula\u00e7\u00e3o local tenha acesso \u00e0s oportunidades abertas pelos novos investimentos.<\/p>\n<p class=\"wp-block-paragraph\">Infraestrutura, sustentabilidade e moderniza\u00e7\u00e3o do Estado completam essa estrat\u00e9gia. O documento prop\u00f5e integrar obras, saneamento, mobilidade e log\u00edstica \u00e0 melhoria das cidades, manter a meta de tornar Mato Grosso do Sul carbono neutro at\u00e9 2030 e ampliar a digitaliza\u00e7\u00e3o dos servi\u00e7os p\u00fablicos \u2014 hoje, segundo o plano, mais de 700 deles j\u00e1 podem ser acessados por sites ou smartphones.<\/p>\n<p class=\"wp-block-paragraph\">\u00c9 justamente na dist\u00e2ncia entre os bons indicadores e aquilo que cada cidad\u00e3o percebe na pr\u00f3pria rotina que Riedel identifica um dos principais desafios para um eventual segundo mandato. O plano reconhece que o desenvolvimento precisa chegar com maior intensidade a todos os munic\u00edpios e regi\u00f5es e prop\u00f5e combinar continuidade das pol\u00edticas que deram resultado com corre\u00e7\u00f5es e amplia\u00e7\u00e3o do alcance das a\u00e7\u00f5es p\u00fablicas.<\/p>\n<p class=\"wp-block-paragraph\">Assim, o primeiro domingo de campanha coloca Riedel diante do ambiente em que essa discuss\u00e3o dever\u00e1 acontecer nos pr\u00f3ximos meses: nas ruas, nos bairros, nas comunidades e no contato direto com quem espera que n\u00fameros positivos da economia sejam traduzidos em escola melhor, atendimento de sa\u00fade mais r\u00e1pido, emprego, renda e qualidade de vida.<\/p>\n<p class=\"wp-block-paragraph\">\u201cA verdadeira transforma\u00e7\u00e3o s\u00f3 ser\u00e1 plena quando pudermos avan\u00e7ar, todos juntos, de m\u00e3os dadas, em dire\u00e7\u00e3o de um novo futuro\u201d, afirma Riedel.<\/p>\n<p class=\"wp-block-paragraph\">\u2014<\/p>\n<p class=\"wp-block-paragraph\">Eduardo Penedo<br \/>Assessoria de Comunica\u00e7\u00e3o do Partido Progressista de Mato Grosso do Sul<br \/>67 992296576<br \/>e-mails : <a href=\"mailto:progressitasms.comunicacao@gmail.com\" target=\"_blank\" rel=\"noreferrer noopener\">progressitasms.comunicacao@gmail.com<\/a><br \/><a href=\"mailto:comunicacao.ms@pp.org.br\" target=\"_blank\" rel=\"noreferrer noopener\">comunicacao.ms@pp.org.br<\/a><br \/>67 992296576<\/p>\n<p><!-- bloco-portais-jbr --><\/p>\n<div class=\"box-portais-jbr\" style=\"border:1px solid #e0e0e0;padding:16px 18px;margin:24px 0;border-radius:8px;background:#f9f9f9;font-size:0.95rem;\">\n<p style=\"margin:0 0 10px 0;font-weight:600;\">\n        Continue sempre bem informado acessando nossos portais:\n    <\/p>\n<ul style=\"margin:0;padding-left:20px;\">\n<li style=\"margin-bottom:8px;\">\n            <strong><a href=\"https:\/\/jornaldiadia.com.br\/\" target=\"_blank\" rel=\"noopener\" style=\"text-decoration:none;\">Jornal Dia Dia<\/a><\/strong> \u2013<br \/>\n            Sua fonte confi\u00e1vel para as melhores not\u00edcias e artigos \u00fateis. Fique por dentro dos acontecimentos mais importantes, dicas pr\u00e1ticas e conte\u00fados de qualidade.\n        <\/li>\n<li style=\"margin-bottom:8px;\">\n            <strong><a href=\"https:\/\/jbr.jor.br\/\" target=\"_blank\" rel=\"noopener\" style=\"text-decoration:none;\">Jornal Brasil Regional (JBR)<\/a><\/strong> \u2013<br \/>\n            O pulso do pa\u00eds em tempo real. Not\u00edcias nacionais, regionais e internacionais com \u00e9tica e credibilidade.\n        <\/li>\n<li style=\"margin-bottom:8px;\">\n            <strong><a href=\"https:\/\/castilho.jor.br\/\" target=\"_blank\" rel=\"noopener\" style=\"text-decoration:none;\">Castilho Not\u00edcias (News)<\/a><\/strong> \u2013<br \/>\n            O seu di\u00e1rio local com cobertura de Castilho e Regi\u00e3o (SP). Jornalismo com credibilidade.\n        <\/li>\n<li style=\"margin-bottom:8px;\">\n            <strong><a href=\"https:\/\/casaejardim.net.br\/\" target=\"_blank\" rel=\"noopener\" style=\"text-decoration:none;\">Casa e Jardim<\/a><\/strong> \u2013<br \/>\n            Dicas exclusivas sobre decora\u00e7\u00e3o, jardinagem, arquitetura, DIY, reformas e muito mais. Tend\u00eancias, solu\u00e7\u00f5es pr\u00e1ticas e ideias criativas para todos os estilos e or\u00e7amentos.\n        <\/li>\n<li style=\"margin-bottom:0;\">\n            <strong><a href=\"https:\/\/b10.net.br\/\" target=\"_blank\" rel=\"noopener\" style=\"text-decoration:none;\">B10 Brasil<\/a><\/strong> \u2013<br \/>\n            As principais not\u00edcias, an\u00e1lises e insights sobre neg\u00f3cios, economia e soberania nacional. Conectando o Brasil ao mundo com intelig\u00eancia e estrat\u00e9gia.\n        <\/li>\n<\/ul>\n<\/div>\n<p><!-- \/bloco-portais-jbr --><\/div>\n","protected":false},"excerpt":{"rendered":"<p>Governador inicia caminhada eleitoral neste domingo com agendas em Campo Grande e Furnas do Dion\u00edsio A campanha eleitoral come\u00e7a oficialmente neste domingo (16), e o governador Eduardo Riedel (Progressistas), candidato aprovado em conven\u00e7\u00e3o partid\u00e1ria \u00e0 reelei\u00e7\u00e3o, inicia a caminhada pelas ruas, bairros e comunidades de Mato Grosso do Sul. A<span class=\"more-link\"><a href=\"http:\/\/diadianews.com\/index.php\/2026\/08\/16\/riedel-abre-campanha-nas-ruas-com-foco-em-crescimento-e-inclusao\/\">Continue Reading<\/a><\/span><\/p>\n","protected":false},"author":1,"featured_media":6793,"comment_status":"closed","ping_status":"closed","sticky":false,"template":"","format":"standard","meta":{"footnotes":""},"categories":[1],"tags":[],"class_list":["entry","author-valdei","post-6792","post","type-post","status-publish","format-standard","has-post-thumbnail","category-news-do-dia"],"_links":{"self":[{"href":"http:\/\/diadianews.com\/index.php\/wp-json\/wp\/v2\/posts\/6792","targetHints":{"allow":["GET"]}}],"collection":[{"href":"http:\/\/diadianews.com\/index.php\/wp-json\/wp\/v2\/posts"}],"about":[{"href":"http:\/\/diadianews.com\/index.php\/wp-json\/wp\/v2\/types\/post"}],"author":[{"embeddable":true,"href":"http:\/\/diadianews.com\/index.php\/wp-json\/wp\/v2\/users\/1"}],"replies":[{"embeddable":true,"href":"http:\/\/diadianews.com\/index.php\/wp-json\/wp\/v2\/comments?post=6792"}],"version-history":[{"count":0,"href":"http:\/\/diadianews.com\/index.php\/wp-json\/wp\/v2\/posts\/6792\/revisions"}],"wp:featuredmedia":[{"embeddable":true,"href":"http:\/\/diadianews.com\/index.php\/wp-json\/wp\/v2\/media\/6793"}],"wp:attachment":[{"href":"http:\/\/diadianews.com\/index.php\/wp-json\/wp\/v2\/media?parent=6792"}],"wp:term":[{"taxonomy":"category","embeddable":true,"href":"http:\/\/diadianews.com\/index.php\/wp-json\/wp\/v2\/categories?post=6792"},{"taxonomy":"post_tag","embeddable":true,"href":"http:\/\/diadianews.com\/index.php\/wp-json\/wp\/v2\/tags?post=6792"}],"curies":[{"name":"wp","href":"https:\/\/api.w.org\/{rel}","templated":true}]}}