{"id":6794,"date":"2026-08-16T09:48:10","date_gmt":"2026-08-16T12:48:10","guid":{"rendered":"https:\/\/diadianews.com\/index.php\/2026\/08\/16\/agencia-brasil-apresenta-resumo-das-noticias-veiculadas-no-pais-e-no-mundo-nas-ultimas-24-horas\/"},"modified":"2026-08-16T09:48:10","modified_gmt":"2026-08-16T12:48:10","slug":"agencia-brasil-apresenta-resumo-das-noticias-veiculadas-no-pais-e-no-mundo-nas-ultimas-24-horas","status":"publish","type":"post","link":"http:\/\/diadianews.com\/index.php\/2026\/08\/16\/agencia-brasil-apresenta-resumo-das-noticias-veiculadas-no-pais-e-no-mundo-nas-ultimas-24-horas\/","title":{"rendered":"Ag\u00eancia Brasil apresenta resumo das not\u00edcias veiculadas no pa\u00eds e no mundo nas \u00faltimas 24 horas"},"content":{"rendered":"<div>\n<p class=\"wp-block-paragraph\">Futebol<a href=\"https:\/\/agenciabrasil.ebc.com.br\/politica\/noticia\/2026-08\/campanha-eleitoral-nas-ruas-e-propaganda-virtual-comecam-neste-domingo\"><\/a><\/p>\n<h3 class=\"wp-block-heading\"><a href=\"https:\/\/agenciabrasil.ebc.com.br\/politica\/noticia\/2026-08\/campanha-eleitoral-nas-ruas-e-propaganda-virtual-comecam-neste-domingo\">Campanha eleitoral nas ruas e propaganda virtual come\u00e7am neste domingo<\/a><\/h3>\n<p class=\"wp-block-paragraph\"><a href=\"https:\/\/agenciabrasil.ebc.com.br\/politica\/noticia\/2026-08\/campanha-eleitoral-nas-ruas-e-propaganda-virtual-comecam-neste-domingo\">Est\u00e3o liberados carreatas, panfletagens e an\u00fancios na internet<\/a><\/p>\n<figure class=\"wp-block-image\"><img decoding=\"async\" src=\"https:\/\/imagens.ebc.com.br\/A1xSUMT704am6cKz7DUJJTS0lvg=\/1170x700\/smart\/https:\/\/agenciabrasil.ebc.com.br\/sites\/default\/files\/thumbnails\/image\/2026\/08\/07\/0d7a8493.jpg?itok=6rdH-qiV\" alt=\"Bras\u00edlia - 07\/08\/2026 - TSE faz demonstra\u00e7\u00e3o de como votar na urna eletr\u00f4nica na Rodovi\u00e1ria de Bras\u00edlia. Foto: Valter Campanato\/ Ag\u00eancia Brasil\" title=\"Valter Campanato\/ Ag\u00eancia Brasil\"><\/figure>\n<p class=\"wp-block-paragraph\">Valter Campanato\/ Ag\u00eancia Brasil<\/p>\n<p class=\"wp-block-paragraph\">Veja tamb\u00e9m<\/p>\n<p class=\"wp-block-paragraph\"><a href=\"https:\/\/agenciabrasil.ebc.com.br\/politica\/noticia\/2026-08\/veja-agendas-dos-candidatos-presidencia-para-este-domingo-16\">Veja as agendas dos candidatos \u00e0 presid\u00eancia para este domingo (16)<\/a><a href=\"https:\/\/agenciabrasil.ebc.com.br\/direitos-humanos\/noticia\/2026-08\/publicacao-lembra-50-anos-do-atentado-sede-da-abi-na-ditadura\"><\/a><\/p>\n<p class=\"wp-block-paragraph\">Brasil<a href=\"https:\/\/agenciabrasil.ebc.com.br\/direitos-humanos\/noticia\/2026-08\/publicacao-lembra-50-anos-do-atentado-sede-da-abi-na-ditadura\"><\/a><\/p>\n<h3 class=\"wp-block-heading\"><a href=\"https:\/\/agenciabrasil.ebc.com.br\/direitos-humanos\/noticia\/2026-08\/publicacao-lembra-50-anos-do-atentado-sede-da-abi-na-ditadura\">Publica\u00e7\u00e3o lembra 50 anos do atentado \u00e0 sede da ABI na ditadura<\/a><\/h3>\n<p class=\"wp-block-paragraph\"><a href=\"https:\/\/agenciabrasil.ebc.com.br\/meio-ambiente\/noticia\/2026-08\/risco-de-desertificacao-no-brasil-ameaca-seguranca-hidrica-e-alimentar\">Desertifica\u00e7\u00e3o no Brasil amea\u00e7a seguran\u00e7a h\u00eddrica e alimentar<\/a><a href=\"https:\/\/agenciabrasil.ebc.com.br\/cultura\/noticia\/2026-08\/exposicao-imersiva-celebra-140-anos-de-nascimento-de-tarsila-do-amaral\"><\/a><\/p>\n<p class=\"wp-block-paragraph\">Cultura<a href=\"https:\/\/agenciabrasil.ebc.com.br\/cultura\/noticia\/2026-08\/exposicao-imersiva-celebra-140-anos-de-nascimento-de-tarsila-do-amaral\"><\/a><\/p>\n<h3 class=\"wp-block-heading\"><a href=\"https:\/\/agenciabrasil.ebc.com.br\/cultura\/noticia\/2026-08\/exposicao-imersiva-celebra-140-anos-de-nascimento-de-tarsila-do-amaral\">Exposi\u00e7\u00e3o imersiva celebra 140 anos do nascimento de Tarsila do Amaral<\/a><\/h3>\n<p class=\"wp-block-paragraph\"><a href=\"https:\/\/agenciabrasil.ebc.com.br\/cultura\/noticia\/2026-08\/show-exclusivo-resgata-classicos-do-cancioneiro-nacional-na-tv-brasil\">Show exclusivo resgata cl\u00e1ssicos do cancioneiro nacional na TV Brasil<\/a><a href=\"https:\/\/agenciabrasil.ebc.com.br\/esportes\/noticia\/2026-08\/ginastica-ritmica-brasil-e-bronze-e-garante-vaga-em-los-angeles-2028\"><\/a><\/p>\n<p class=\"wp-block-paragraph\">Esportes<a href=\"https:\/\/agenciabrasil.ebc.com.br\/esportes\/noticia\/2026-08\/ginastica-ritmica-brasil-e-bronze-e-garante-vaga-em-los-angeles-2028\"><\/a><\/p>\n<h3 class=\"wp-block-heading\"><a href=\"https:\/\/agenciabrasil.ebc.com.br\/esportes\/noticia\/2026-08\/ginastica-ritmica-brasil-e-bronze-e-garante-vaga-em-los-angeles-2028\">Gin\u00e1stica r\u00edtmica: Brasil \u00e9 bronze e garante vaga em Los Angeles 2028<\/a><\/h3>\n<p class=\"wp-block-paragraph\"><a href=\"https:\/\/agenciabrasil.ebc.com.br\/esportes\/noticia\/2026-08\/nova-regra-da-cbv-afeta-participacao-de-tifanny-na-superliga-de-volei\">Nova regra da CBV afeta participa\u00e7\u00e3o de Tifanny na Superliga de v\u00f4lei<\/a><a href=\"https:\/\/agenciabrasil.ebc.com.br\/internacional\/noticia\/2026-08\/terremoto-na-indonesia-deixa-pelo-menos-47-mortos\"><\/a><\/p>\n<p class=\"wp-block-paragraph\">Internacional<a href=\"https:\/\/agenciabrasil.ebc.com.br\/internacional\/noticia\/2026-08\/terremoto-na-indonesia-deixa-pelo-menos-47-mortos\"><\/a><\/p>\n<h3 class=\"wp-block-heading\"><a href=\"https:\/\/agenciabrasil.ebc.com.br\/internacional\/noticia\/2026-08\/terremoto-na-indonesia-deixa-pelo-menos-47-mortos\">Terremoto na Indon\u00e9sia deixa pelo menos 47 mortos<\/a><\/h3>\n<p class=\"wp-block-paragraph\"><a href=\"https:\/\/agenciabrasil.ebc.com.br\/internacional\/noticia\/2026-08\/terremoto-atinge-granada-e-danifica-predios-e-carros\">Terremoto atinge Granada e danifica pr\u00e9dios e carros<\/a><a href=\"https:\/\/agenciabrasil.ebc.com.br\/politica\/noticia\/2026-08\/com-envelhecimento-da-populacao-eleitorado-jovem-recua-22-em-16-anos\"><\/a><\/p>\n<p class=\"wp-block-paragraph\"><a href=\"https:\/\/agenciabrasil.ebc.com.br\/politica\/noticia\/2026-08\/com-envelhecimento-da-populacao-eleitorado-jovem-recua-22-em-16-anos\">Elei\u00e7\u00f5es 2026 Com envelhecimento da popula\u00e7\u00e3o, eleitorado jovem recua 22% em 16 anos<\/a><a href=\"https:\/\/agenciabrasil.ebc.com.br\/saude\/noticia\/2026-08\/com-25-anos-grupo-musical-de-pacientes-psiquiatricos-lanca-novo-album\"><\/a><\/p>\n<p class=\"wp-block-paragraph\"><a href=\"https:\/\/agenciabrasil.ebc.com.br\/saude\/noticia\/2026-08\/com-25-anos-grupo-musical-de-pacientes-psiquiatricos-lanca-novo-album\">Cultura: Com 25 anos, grupo musical de pacientes psiqui\u00e1tricos lan\u00e7a novo \u00e1lbum<\/a><a href=\"https:\/\/agenciabrasil.ebc.com.br\/geral\/noticia\/2026-08\/predio-desaba-em-sao-bernardo-do-campo-e-deixa-quatro-feridos\"><\/a><\/p>\n<p class=\"wp-block-paragraph\"><a href=\"https:\/\/agenciabrasil.ebc.com.br\/geral\/noticia\/2026-08\/predio-desaba-em-sao-bernardo-do-campo-e-deixa-quatro-feridos\">S\u00e3o Paulo: Pr\u00e9dio desaba em S\u00e3o Bernardo do Campo e deixa cinco feridos<\/a><a href=\"https:\/\/agenciabrasil.ebc.com.br\/geral\/noticia\/2026-08\/mega-sena-sorteia-premio-acumulado-de-r-38-milhoes-neste-domingo\"><\/a><\/p>\n<p class=\"wp-block-paragraph\"><a href=\"https:\/\/agenciabrasil.ebc.com.br\/geral\/noticia\/2026-08\/mega-sena-sorteia-premio-acumulado-de-r-38-milhoes-neste-domingo\">Loteria<\/a><a href=\"https:\/\/agenciabrasil.ebc.com.br\/geral\/noticia\/2026-08\/mega-sena-sorteia-premio-acumulado-de-r-38-milhoes-neste-domingo\">:Mega-Sena sorteia pr\u00eamio acumulado de R$ 38 milh\u00f5es neste domingo<\/a><\/p>\n<p class=\"wp-block-paragraph\">Mais Lidas<a href=\"https:\/\/agenciabrasil.ebc.com.br\/politica\/noticia\/2026-08\/prazo-para-registro-de-candidaturas-eleicoes-termina-neste-sabado\"><\/a><\/p>\n<p class=\"wp-block-paragraph\"><a href=\"https:\/\/agenciabrasil.ebc.com.br\/politica\/noticia\/2026-08\/prazo-para-registro-de-candidaturas-eleicoes-termina-neste-sabado\">Pol\u00edtica:<\/a><a href=\"https:\/\/agenciabrasil.ebc.com.br\/politica\/noticia\/2026-08\/prazo-para-registro-de-candidaturas-eleicoes-termina-neste-sabado\"> Prazo para registro de candidaturas \u00e0s elei\u00e7\u00f5es termina neste s\u00e1bado <\/a><a href=\"https:\/\/agenciabrasil.ebc.com.br\/economia\/noticia\/2026-08\/petrobras-anuncia-descoberta-de-petroleo-na-foz-do-amazonas\">Economia Petrobras anuncia descoberta de petr\u00f3leo na Foz do Amazonas <\/a><a href=\"https:\/\/agenciabrasil.ebc.com.br\/politica\/noticia\/2026-08\/com-envelhecimento-da-populacao-eleitorado-jovem-recua-22-em-16-anos\">Pol\u00edtica Com envelhecimento da popula\u00e7\u00e3o, eleitorado jovem recua 22% em 16 anos <\/a><a href=\"https:\/\/agenciabrasil.ebc.com.br\/meio-ambiente\/noticia\/2026-08\/risco-de-desertificacao-no-brasil-ameaca-seguranca-hidrica-e-alimentar\">Meio Ambiente Desertifica\u00e7\u00e3o no Brasil amea\u00e7a seguran\u00e7a h\u00eddrica e alimentar<\/a><\/p>\n<p class=\"wp-block-paragraph\">Fique de Olho<a href=\"https:\/\/agenciabrasil.ebc.com.br\/politica\/noticia\/2026-07\/agencia-brasil-segue-regras-do-tse-durante-periodo-de-defeso-eleitoral\"><\/a><\/p>\n<p class=\"wp-block-paragraph\"><a href=\"https:\/\/agenciabrasil.ebc.com.br\/politica\/noticia\/2026-07\/agencia-brasil-segue-regras-do-tse-durante-periodo-de-defeso-eleitoral\">Justi\u00e7a:  Ag\u00eancia Brasil segue regras do TSE durante per\u00edodo de defeso eleitoral<\/a><a href=\"https:\/\/agenciabrasil.ebc.com.br\/saude\/noticia\/2026-08\/sus-tera-100-mil-teleatendimentos-mensais-para-vicio-em-bets\"><\/a><\/p>\n<p class=\"wp-block-paragraph\"><a href=\"https:\/\/agenciabrasil.ebc.com.br\/saude\/noticia\/2026-08\/sus-tera-100-mil-teleatendimentos-mensais-para-vicio-em-bets\">Sa\u00fade: SUS ter\u00e1 100 mil teleatendimentos mensais para v\u00edcio em bets<\/a><a href=\"https:\/\/agenciabrasil.ebc.com.br\/meio-ambiente\/noticia\/2026-08\/ondas-de-calor-ainda-sao-negligenciadas-no-brasil-diz-pesquisadora\"><\/a><\/p>\n<p class=\"wp-block-paragraph\"><a href=\"https:\/\/agenciabrasil.ebc.com.br\/meio-ambiente\/noticia\/2026-08\/ondas-de-calor-ainda-sao-negligenciadas-no-brasil-diz-pesquisadora\">Meio Ambiente: Ondas de calor ainda s\u00e3o negligenciadas no Brasil, diz pesquisadora<\/a><a href=\"https:\/\/agenciabrasil.ebc.com.br\/direitos-humanos\/noticia\/2026-08\/lei-que-aumenta-punicao-crimes-digitais-contra-criancas-e-sancionada\"><\/a><\/p>\n<p class=\"wp-block-paragraph\"><a href=\"https:\/\/agenciabrasil.ebc.com.br\/direitos-humanos\/noticia\/2026-08\/lei-que-aumenta-punicao-crimes-digitais-contra-criancas-e-sancionada\">Direitos Humanos: Lei que aumenta puni\u00e7\u00e3o a crimes digitais contra crian\u00e7as \u00e9 sancionada<\/a><a href=\"https:\/\/agenciabrasil.ebc.com.br\/foto\/2026-08\/banda-harmonia-enlouquece-1786744510\"><\/a><\/p>\n<p class=\"wp-block-paragraph\"><a href=\"https:\/\/agenciabrasil.ebc.com.br\/foto\/2026-08\/banda-harmonia-enlouquece-1786744510\">Rio de Janeiro (RJ), 13\/08\/2026 \u2013 O compositor e vocalista Hamilton Assun\u00e7\u00e3o no ensaio da banda Harmonia Enlouquece no Centro\u2026 Rovena Rosa\/Ag\u00eancia Brasil<\/a><a href=\"https:\/\/agenciabrasil.ebc.com.br\/foto\/2026-08\/cantora-anitta-no-programa-sem-censura-1786544432-8\"><\/a><\/p>\n<p class=\"wp-block-paragraph\"><a href=\"https:\/\/agenciabrasil.ebc.com.br\/foto\/2026-08\/cantora-anitta-no-programa-sem-censura-1786544432-8\">Rio de Janeiro \u2013 11\/08\/2026 \u2013 A cantora Anitta no programa Sem Censura. Foto: Fernando Fraz\u00e3o\/Ag\u00eancia Brasil <\/a><a href=\"https:\/\/agenciabrasil.ebc.com.br\/foto\/2026-08\/cantora-anitta-no-programa-sem-censura-1786544432-8\">Fernando Fraz\u00e3o\/Ag\u00eancia Brasil<\/a><\/p>\n<p class=\"wp-block-paragraph\"><a href=\"https:\/\/agenciabrasil.ebc.com.br\/foto\/2026-08\/o-brasil-de-tarsila-1786719034-3\"><\/a><\/p>\n<p class=\"wp-block-paragraph\"><a href=\"https:\/\/agenciabrasil.ebc.com.br\/foto\/2026-08\/o-brasil-de-tarsila-1786719034-3\">S\u00e3o Paulo (SP), 14\/08\/2026 \u2013 Exposi\u00e7\u00e3o que celebra 140 anos do nascimento de Tarsila do Amaral.Com cerca de 40 obras projetadas em 360\u2026 Paulo Pinto\/Agencia Brasil<\/a><a href=\"https:\/\/agenciabrasil.ebc.com.br\/politica\/noticia\/2026-08\/veja-agendas-dos-candidatos-presidencia-para-este-domingo-16\"><\/a><\/p>\n<p class=\"wp-block-paragraph\"><a href=\"https:\/\/agenciabrasil.ebc.com.br\/politica\">Pol\u00edtica<\/a><a href=\"https:\/\/agenciabrasil.ebc.com.br\/politica\/noticia\/2026-08\/veja-agendas-dos-candidatos-presidencia-para-este-domingo-16\">: Veja as agendas dos candidatos \u00e0 presid\u00eancia para este domingo (16)<\/a><a href=\"https:\/\/agenciabrasil.ebc.com.br\/politica\/noticia\/2026-08\/campanha-eleitoral-nas-ruas-e-propaganda-virtual-comecam-neste-domingo\"><\/a><\/p>\n<p class=\"wp-block-paragraph\"><a href=\"https:\/\/agenciabrasil.ebc.com.br\/politica\">Pol\u00edtica<\/a><a href=\"https:\/\/agenciabrasil.ebc.com.br\/politica\/noticia\/2026-08\/campanha-eleitoral-nas-ruas-e-propaganda-virtual-comecam-neste-domingo\">: Campanha eleitoral nas ruas e propaganda virtual come\u00e7am neste domingo<\/a><a href=\"https:\/\/agenciabrasil.ebc.com.br\/politica\/noticia\/2026-08\/com-envelhecimento-da-populacao-eleitorado-jovem-recua-22-em-16-anos\"><\/a><\/p>\n<p class=\"wp-block-paragraph\"><a href=\"https:\/\/agenciabrasil.ebc.com.br\/politica\">Pol\u00edtica<\/a><a href=\"https:\/\/agenciabrasil.ebc.com.br\/politica\/noticia\/2026-08\/com-envelhecimento-da-populacao-eleitorado-jovem-recua-22-em-16-anos\">: <\/a><a href=\"https:\/\/agenciabrasil.ebc.com.br\/politica\/noticia\/2026-08\/com-envelhecimento-da-populacao-eleitorado-jovem-recua-22-em-16-anos\">Com envelhecimento da popula\u00e7\u00e3o, eleitorado jovem recua 22% em 16 anos<\/a><\/p>\n<p class=\"wp-block-paragraph\"><a href=\"https:\/\/agenciabrasil.ebc.com.br\/ultimas\">\u00daltimas Not\u00edcias<\/a><a href=\"https:\/\/agenciabrasil.ebc.com.br\/politica\/noticia\/2026-08\/veja-agendas-dos-candidatos-presidencia-para-este-domingo-16\"><\/a><\/p>\n<p class=\"wp-block-paragraph\"><a href=\"https:\/\/agenciabrasil.ebc.com.br\/politica\">Pol\u00edtica<\/a><a href=\"https:\/\/agenciabrasil.ebc.com.br\/politica\/noticia\/2026-08\/veja-agendas-dos-candidatos-presidencia-para-este-domingo-16\">: <\/a><a href=\"https:\/\/agenciabrasil.ebc.com.br\/politica\/noticia\/2026-08\/veja-agendas-dos-candidatos-presidencia-para-este-domingo-16\">Veja as agendas dos candidatos \u00e0 presid\u00eancia para este domingo (16)<\/a><\/p>\n<p class=\"wp-block-paragraph\">dom, 16\/08\/2026 \u2013 09:21<a href=\"https:\/\/agenciabrasil.ebc.com.br\/meio-ambiente\/noticia\/2026-08\/da-amazonia-europa-seca-avanca-e-movimenta-debates-na-cop17\"><\/a><\/p>\n<p class=\"wp-block-paragraph\"><a href=\"https:\/\/agenciabrasil.ebc.com.br\/meio-ambiente\">Meio Ambiente<\/a><a href=\"https:\/\/agenciabrasil.ebc.com.br\/meio-ambiente\/noticia\/2026-08\/da-amazonia-europa-seca-avanca-e-movimenta-debates-na-cop17\">: <\/a><a href=\"https:\/\/agenciabrasil.ebc.com.br\/meio-ambiente\/noticia\/2026-08\/da-amazonia-europa-seca-avanca-e-movimenta-debates-na-cop17\">Da Amaz\u00f4nia \u00e0 Europa, seca avan\u00e7a e movimenta debates na COP17<\/a><\/p>\n<p class=\"wp-block-paragraph\">dom, 16\/08\/2026 \u2013 08:57<a href=\"https:\/\/agenciabrasil.ebc.com.br\/politica\/noticia\/2026-08\/campanha-eleitoral-nas-ruas-e-propaganda-virtual-comecam-neste-domingo\"><\/a><\/p>\n<p class=\"wp-block-paragraph\"><a href=\"https:\/\/agenciabrasil.ebc.com.br\/politica\">Pol\u00edtica<\/a><a href=\"https:\/\/agenciabrasil.ebc.com.br\/politica\/noticia\/2026-08\/campanha-eleitoral-nas-ruas-e-propaganda-virtual-comecam-neste-domingo\">: <\/a><a href=\"https:\/\/agenciabrasil.ebc.com.br\/politica\/noticia\/2026-08\/campanha-eleitoral-nas-ruas-e-propaganda-virtual-comecam-neste-domingo\">Campanha eleitoral nas ruas e propaganda virtual come\u00e7am neste domingo<\/a><\/p>\n<p class=\"wp-block-paragraph\">dom, 16\/08\/2026 \u2013 08:00<a href=\"https:\/\/agenciabrasil.ebc.com.br\/esportes\/noticia\/2026-08\/fluminense-encerra-jejum-e-bate-palmeiras-de-virada-no-brasileirao\"><\/a><\/p>\n<p class=\"wp-block-paragraph\"><a href=\"https:\/\/agenciabrasil.ebc.com.br\/esportes\">Esportes<\/a><a href=\"https:\/\/agenciabrasil.ebc.com.br\/esportes\/noticia\/2026-08\/fluminense-encerra-jejum-e-bate-palmeiras-de-virada-no-brasileirao\">: <\/a><a href=\"https:\/\/agenciabrasil.ebc.com.br\/esportes\/noticia\/2026-08\/fluminense-encerra-jejum-e-bate-palmeiras-de-virada-no-brasileirao\">Fluminense encerra jejum e bate Palmeiras de virada no Brasileir\u00e3o<\/a><\/p>\n<p class=\"wp-block-paragraph\">sab, 15\/08\/2026 \u2013 19:08<a href=\"https:\/\/agenciabrasil.ebc.com.br\/esportes\/noticia\/2026-08\/brasileirao-feminino-a3-juventude-se-sai-na-frente-da-portuguesa-ap\"><\/a><\/p>\n<p class=\"wp-block-paragraph\"><a href=\"https:\/\/agenciabrasil.ebc.com.br\/esportes\">Esportes<\/a><a href=\"https:\/\/agenciabrasil.ebc.com.br\/esportes\/noticia\/2026-08\/brasileirao-feminino-a3-juventude-se-sai-na-frente-da-portuguesa-ap\">: <\/a><a href=\"https:\/\/agenciabrasil.ebc.com.br\/esportes\/noticia\/2026-08\/brasileirao-feminino-a3-juventude-se-sai-na-frente-da-portuguesa-ap\">Brasileir\u00e3o Feminino A3: Juventude-SE sai na frente da Portuguesa-AP<\/a><\/p>\n<p class=\"wp-block-paragraph\">sab, 15\/08\/2026 \u2013 18:55<a href=\"https:\/\/agenciabrasil.ebc.com.br\/direitos-humanos\/noticia\/2026-08\/publicacao-lembra-50-anos-do-atentado-sede-da-abi-na-ditadura\"><\/a><\/p>\n<p class=\"wp-block-paragraph\"><a href=\"https:\/\/agenciabrasil.ebc.com.br\/direitos-humanos\">Direitos Humanos<\/a><a href=\"https:\/\/agenciabrasil.ebc.com.br\/direitos-humanos\/noticia\/2026-08\/publicacao-lembra-50-anos-do-atentado-sede-da-abi-na-ditadura\">: <\/a><a href=\"https:\/\/agenciabrasil.ebc.com.br\/direitos-humanos\/noticia\/2026-08\/publicacao-lembra-50-anos-do-atentado-sede-da-abi-na-ditadura\">Publica\u00e7\u00e3o lembra 50 anos do atentado \u00e0 sede da ABI na ditadura<\/a><\/p>\n<p class=\"wp-block-paragraph\">sab, 15\/08\/2026 \u2013 18:40<\/p>\n<p class=\"wp-block-paragraph\"><a href=\"https:\/\/agenciabrasil.ebc.com.br\/cultura\/noticia\/2026-08\/show-exclusivo-resgata-classicos-do-cancioneiro-nacional-na-tv-brasil\"><\/a><a href=\"https:\/\/agenciabrasil.ebc.com.br\/cultura\">Cultura<\/a><a href=\"https:\/\/agenciabrasil.ebc.com.br\/cultura\/noticia\/2026-08\/show-exclusivo-resgata-classicos-do-cancioneiro-nacional-na-tv-brasil\">Show exclusivo resgata cl\u00e1ssicos do cancioneiro nacional na TV Brasil<\/a><\/p>\n<p class=\"wp-block-paragraph\">sab, 15\/08\/2026 \u2013 18:28<\/p>\n<p class=\"wp-block-paragraph\"><a href=\"https:\/\/agenciabrasil.ebc.com.br\/politica\">Pol\u00edtica<\/a><a href=\"https:\/\/agenciabrasil.ebc.com.br\/politica\/noticia\/2026-08\/veja-agendas-dos-candidatos-presidencia-para-este-domingo-16\"><\/a><\/p>\n<h3 class=\"wp-block-heading\"><a href=\"https:\/\/agenciabrasil.ebc.com.br\/politica\/noticia\/2026-08\/veja-agendas-dos-candidatos-presidencia-para-este-domingo-16\">Veja as agendas dos candidatos \u00e0 presid\u00eancia para este domingo (16)<\/a><\/h3>\n<p class=\"wp-block-paragraph\"><a href=\"https:\/\/agenciabrasil.ebc.com.br\/meio-ambiente\">Meio Ambiente<\/a><a href=\"https:\/\/agenciabrasil.ebc.com.br\/meio-ambiente\/noticia\/2026-08\/da-amazonia-europa-seca-avanca-e-movimenta-debates-na-cop17\"><\/a><\/p>\n<h3 class=\"wp-block-heading\"><a href=\"https:\/\/agenciabrasil.ebc.com.br\/meio-ambiente\/noticia\/2026-08\/da-amazonia-europa-seca-avanca-e-movimenta-debates-na-cop17\">Da Amaz\u00f4nia \u00e0 Europa, seca avan\u00e7a e movimenta debates na COP17<\/a><a href=\"https:\/\/agenciabrasil.ebc.com.br\/politica\/noticia\/2026-08\/campanha-eleitoral-nas-ruas-e-propaganda-virtual-comecam-neste-domingo\"><\/a><\/h3>\n<p class=\"wp-block-paragraph\"><a href=\"https:\/\/agenciabrasil.ebc.com.br\/politica\">Pol\u00edtica<\/a><a href=\"https:\/\/agenciabrasil.ebc.com.br\/politica\/noticia\/2026-08\/campanha-eleitoral-nas-ruas-e-propaganda-virtual-comecam-neste-domingo\"><\/a><\/p>\n<h3 class=\"wp-block-heading\"><a href=\"https:\/\/agenciabrasil.ebc.com.br\/politica\/noticia\/2026-08\/campanha-eleitoral-nas-ruas-e-propaganda-virtual-comecam-neste-domingo\">Campanha eleitoral nas ruas e propaganda virtual come\u00e7am neste domingo<\/a><\/h3>\n<p class=\"wp-block-paragraph\"><a href=\"https:\/\/agenciabrasil.ebc.com.br\/esportes\/noticia\/2026-08\/fluminense-encerra-jejum-e-bate-palmeiras-de-virada-no-brasileirao\"><\/a><a href=\"https:\/\/agenciabrasil.ebc.com.br\/esportes\">Esportes<\/a><a href=\"https:\/\/agenciabrasil.ebc.com.br\/esportes\/noticia\/2026-08\/fluminense-encerra-jejum-e-bate-palmeiras-de-virada-no-brasileirao\"><\/a><\/p>\n<h3 class=\"wp-block-heading\"><a href=\"https:\/\/agenciabrasil.ebc.com.br\/esportes\/noticia\/2026-08\/fluminense-encerra-jejum-e-bate-palmeiras-de-virada-no-brasileirao\">Fluminense encerra jejum e bate Palmeiras de virada no Brasileir\u00e3o<\/a><a href=\"https:\/\/agenciabrasil.ebc.com.br\/esportes\/noticia\/2026-08\/brasileirao-feminino-a3-juventude-se-sai-na-frente-da-portuguesa-ap\"><\/a><\/h3>\n<p class=\"wp-block-paragraph\"><a href=\"https:\/\/agenciabrasil.ebc.com.br\/esportes\">Esportes<\/a><a href=\"https:\/\/agenciabrasil.ebc.com.br\/esportes\/noticia\/2026-08\/brasileirao-feminino-a3-juventude-se-sai-na-frente-da-portuguesa-ap\"><\/a><\/p>\n<h3 class=\"wp-block-heading\"><a href=\"https:\/\/agenciabrasil.ebc.com.br\/esportes\/noticia\/2026-08\/brasileirao-feminino-a3-juventude-se-sai-na-frente-da-portuguesa-ap\">Brasileir\u00e3o Feminino A3: Juventude-SE sai na frente da Portuguesa-AP<\/a><\/h3>\n<p class=\"wp-block-paragraph\">Mais not\u00edcias<a href=\"https:\/\/agenciabrasil.ebc.com.br\/direitos-humanos\/noticia\/2026-08\/publicacao-lembra-50-anos-do-atentado-sede-da-abi-na-ditadura\"><\/a><\/p>\n<p class=\"wp-block-paragraph\"><a href=\"https:\/\/agenciabrasil.ebc.com.br\/direitos-humanos\">Direitos Humanos<\/a><a href=\"https:\/\/agenciabrasil.ebc.com.br\/direitos-humanos\/noticia\/2026-08\/publicacao-lembra-50-anos-do-atentado-sede-da-abi-na-ditadura\">Publica\u00e7\u00e3o lembra 50 anos do atentado \u00e0 sede da ABI na ditadura<\/a><\/p>\n<p class=\"wp-block-paragraph\">sab, 15\/08\/2026 \u2013 18:40<a href=\"https:\/\/agenciabrasil.ebc.com.br\/cultura\/noticia\/2026-08\/show-exclusivo-resgata-classicos-do-cancioneiro-nacional-na-tv-brasil\"><\/a><\/p>\n<p class=\"wp-block-paragraph\"><a href=\"https:\/\/agenciabrasil.ebc.com.br\/cultura\">Cultura<\/a><a href=\"https:\/\/agenciabrasil.ebc.com.br\/cultura\/noticia\/2026-08\/show-exclusivo-resgata-classicos-do-cancioneiro-nacional-na-tv-brasil\">: <\/a><a href=\"https:\/\/agenciabrasil.ebc.com.br\/cultura\/noticia\/2026-08\/show-exclusivo-resgata-classicos-do-cancioneiro-nacional-na-tv-brasil\">Show exclusivo resgata cl\u00e1ssicos do cancioneiro nacional na TV Brasil<\/a><\/p>\n<p class=\"wp-block-paragraph\">sab, 15\/08\/2026 \u2013 18:28<a href=\"https:\/\/agenciabrasil.ebc.com.br\/geral\/noticia\/2026-08\/mega-sena-sorteia-premio-acumulado-de-r-38-milhoes-neste-domingo\"><\/a><\/p>\n<p class=\"wp-block-paragraph\"><a href=\"https:\/\/agenciabrasil.ebc.com.br\/geral\">Geral<\/a><a href=\"https:\/\/agenciabrasil.ebc.com.br\/geral\/noticia\/2026-08\/mega-sena-sorteia-premio-acumulado-de-r-38-milhoes-neste-domingo\">: <\/a><a href=\"https:\/\/agenciabrasil.ebc.com.br\/geral\/noticia\/2026-08\/mega-sena-sorteia-premio-acumulado-de-r-38-milhoes-neste-domingo\">Mega-Sena sorteia pr\u00eamio acumulado de R$ 38 milh\u00f5es neste domingo<\/a><\/p>\n<p class=\"wp-block-paragraph\">sab, 15\/08\/2026 \u2013 17:45<a href=\"https:\/\/agenciabrasil.ebc.com.br\/geral\/noticia\/2026-08\/predio-desaba-em-sao-bernardo-do-campo-e-deixa-quatro-feridos\"><\/a><\/p>\n<p class=\"wp-block-paragraph\"><a href=\"https:\/\/agenciabrasil.ebc.com.br\/geral\">Geral<\/a><a href=\"https:\/\/agenciabrasil.ebc.com.br\/geral\/noticia\/2026-08\/predio-desaba-em-sao-bernardo-do-campo-e-deixa-quatro-feridos\">: <\/a><a href=\"https:\/\/agenciabrasil.ebc.com.br\/geral\/noticia\/2026-08\/predio-desaba-em-sao-bernardo-do-campo-e-deixa-quatro-feridos\">Pr\u00e9dio desaba em S\u00e3o Bernardo do Campo e deixa cinco feridos<\/a><\/p>\n<p class=\"wp-block-paragraph\">sab, 15\/08\/2026 \u2013 17:07<a href=\"https:\/\/agenciabrasil.ebc.com.br\/esportes\/noticia\/2026-08\/tv-brasil-exibe-botafogo-x-sao-paulo-pelo-brasileirao-feminino-a1\"><\/a><\/p>\n<p class=\"wp-block-paragraph\"><a href=\"https:\/\/agenciabrasil.ebc.com.br\/esportes\">Esportes<\/a><a href=\"https:\/\/agenciabrasil.ebc.com.br\/esportes\/noticia\/2026-08\/tv-brasil-exibe-botafogo-x-sao-paulo-pelo-brasileirao-feminino-a1\">: <\/a><a href=\"https:\/\/agenciabrasil.ebc.com.br\/esportes\/noticia\/2026-08\/tv-brasil-exibe-botafogo-x-sao-paulo-pelo-brasileirao-feminino-a1\">TV Brasil exibe Botafogo x S\u00e3o Paulo pelo Brasileir\u00e3o Feminino A1<\/a><\/p>\n<p class=\"wp-block-paragraph\">sab, 15\/08\/2026 \u2013 17:07<a href=\"https:\/\/agenciabrasil.ebc.com.br\/esportes\/noticia\/2026-08\/nova-regra-da-cbv-afeta-participacao-de-tifanny-na-superliga-de-volei\"><\/a><\/p>\n<p class=\"wp-block-paragraph\"><a href=\"https:\/\/agenciabrasil.ebc.com.br\/esportes\">Esportes<\/a><a href=\"https:\/\/agenciabrasil.ebc.com.br\/esportes\/noticia\/2026-08\/nova-regra-da-cbv-afeta-participacao-de-tifanny-na-superliga-de-volei\">: <\/a><a href=\"https:\/\/agenciabrasil.ebc.com.br\/esportes\/noticia\/2026-08\/nova-regra-da-cbv-afeta-participacao-de-tifanny-na-superliga-de-volei\">Nova regra da CBV afeta participa\u00e7\u00e3o de Tifanny na Superliga de v\u00f4lei<\/a><\/p>\n<p class=\"wp-block-paragraph\">sab, 15\/08\/2026 \u2013 17:03<a href=\"https:\/\/agenciabrasil.ebc.com.br\/esportes\/noticia\/2026-08\/ginastica-ritmica-brasil-e-bronze-e-garante-vaga-em-los-angeles-2028\"><\/a><\/p>\n<p class=\"wp-block-paragraph\"><a href=\"https:\/\/agenciabrasil.ebc.com.br\/esportes\">Esportes<\/a><a href=\"https:\/\/agenciabrasil.ebc.com.br\/esportes\/noticia\/2026-08\/ginastica-ritmica-brasil-e-bronze-e-garante-vaga-em-los-angeles-2028\">: <\/a><a href=\"https:\/\/agenciabrasil.ebc.com.br\/esportes\/noticia\/2026-08\/ginastica-ritmica-brasil-e-bronze-e-garante-vaga-em-los-angeles-2028\">Gin\u00e1stica r\u00edtmica: Brasil \u00e9 bronze e garante vaga em Los Angeles 2028<\/a><\/p>\n<p class=\"wp-block-paragraph\">sab, 15\/08\/2026 \u2013 16:04<a href=\"https:\/\/agenciabrasil.ebc.com.br\/internacional\/noticia\/2026-08\/terremoto-atinge-granada-e-danifica-predios-e-carros\"><\/a><\/p>\n<p class=\"wp-block-paragraph\"><a href=\"https:\/\/agenciabrasil.ebc.com.br\/internacional\">Internacional<\/a><a href=\"https:\/\/agenciabrasil.ebc.com.br\/internacional\/noticia\/2026-08\/terremoto-atinge-granada-e-danifica-predios-e-carros\">: <\/a><a href=\"https:\/\/agenciabrasil.ebc.com.br\/internacional\/noticia\/2026-08\/terremoto-atinge-granada-e-danifica-predios-e-carros\">Terremoto atinge Granada e danifica pr\u00e9dios e carros<\/a><\/p>\n<p class=\"wp-block-paragraph\">sab, 15\/08\/2026 \u2013 15:42<a href=\"https:\/\/agenciabrasil.ebc.com.br\/cultura\/noticia\/2026-08\/exposicao-imersiva-celebra-140-anos-de-nascimento-de-tarsila-do-amaral\"><\/a><\/p>\n<p class=\"wp-block-paragraph\"><a href=\"https:\/\/agenciabrasil.ebc.com.br\/cultura\">Cultura<\/a><a href=\"https:\/\/agenciabrasil.ebc.com.br\/cultura\/noticia\/2026-08\/exposicao-imersiva-celebra-140-anos-de-nascimento-de-tarsila-do-amaral\">: <\/a><a href=\"https:\/\/agenciabrasil.ebc.com.br\/cultura\/noticia\/2026-08\/exposicao-imersiva-celebra-140-anos-de-nascimento-de-tarsila-do-amaral\">Exposi\u00e7\u00e3o imersiva celebra 140 anos do nascimento de Tarsila do Amaral<\/a><\/p>\n<p class=\"wp-block-paragraph\">sab, 15\/08\/2026 \u2013 14:48<\/p>\n<p><!-- bloco-portais-jbr --><\/p>\n<div class=\"box-portais-jbr\" style=\"border:1px solid #e0e0e0;padding:16px 18px;margin:24px 0;border-radius:8px;background:#f9f9f9;font-size:0.95rem;\">\n<p style=\"margin:0 0 10px 0;font-weight:600;\">\n        Continue sempre bem informado acessando nossos portais:\n    <\/p>\n<ul style=\"margin:0;padding-left:20px;\">\n<li style=\"margin-bottom:8px;\">\n            <strong><a href=\"https:\/\/jornaldiadia.com.br\/\" target=\"_blank\" rel=\"noopener\" style=\"text-decoration:none;\">Jornal Dia Dia<\/a><\/strong> \u2013<br \/>\n            Sua fonte confi\u00e1vel para as melhores not\u00edcias e artigos \u00fateis. Fique por dentro dos acontecimentos mais importantes, dicas pr\u00e1ticas e conte\u00fados de qualidade.\n        <\/li>\n<li style=\"margin-bottom:8px;\">\n            <strong><a href=\"https:\/\/jbr.jor.br\/\" target=\"_blank\" rel=\"noopener\" style=\"text-decoration:none;\">Jornal Brasil Regional (JBR)<\/a><\/strong> \u2013<br \/>\n            O pulso do pa\u00eds em tempo real. Not\u00edcias nacionais, regionais e internacionais com \u00e9tica e credibilidade.\n        <\/li>\n<li style=\"margin-bottom:8px;\">\n            <strong><a href=\"https:\/\/castilho.jor.br\/\" target=\"_blank\" rel=\"noopener\" style=\"text-decoration:none;\">Castilho Not\u00edcias (News)<\/a><\/strong> \u2013<br \/>\n            O seu di\u00e1rio local com cobertura de Castilho e Regi\u00e3o (SP). Jornalismo com credibilidade.\n        <\/li>\n<li style=\"margin-bottom:8px;\">\n            <strong><a href=\"https:\/\/casaejardim.net.br\/\" target=\"_blank\" rel=\"noopener\" style=\"text-decoration:none;\">Casa e Jardim<\/a><\/strong> \u2013<br \/>\n            Dicas exclusivas sobre decora\u00e7\u00e3o, jardinagem, arquitetura, DIY, reformas e muito mais. Tend\u00eancias, solu\u00e7\u00f5es pr\u00e1ticas e ideias criativas para todos os estilos e or\u00e7amentos.\n        <\/li>\n<li style=\"margin-bottom:0;\">\n            <strong><a href=\"https:\/\/b10.net.br\/\" target=\"_blank\" rel=\"noopener\" style=\"text-decoration:none;\">B10 Brasil<\/a><\/strong> \u2013<br \/>\n            As principais not\u00edcias, an\u00e1lises e insights sobre neg\u00f3cios, economia e soberania nacional. Conectando o Brasil ao mundo com intelig\u00eancia e estrat\u00e9gia.\n        <\/li>\n<\/ul>\n<\/div>\n<p><!-- \/bloco-portais-jbr --><\/div>\n","protected":false},"excerpt":{"rendered":"<p>Futebol Campanha eleitoral nas ruas e propaganda virtual come\u00e7am neste domingo Est\u00e3o liberados carreatas, panfletagens e an\u00fancios na internet Valter Campanato\/ Ag\u00eancia Brasil Veja tamb\u00e9m Veja as agendas dos candidatos \u00e0 presid\u00eancia para este domingo (16) Brasil Publica\u00e7\u00e3o lembra 50 anos do atentado \u00e0 sede da ABI na ditadura Desertifica\u00e7\u00e3o<span class=\"more-link\"><a href=\"http:\/\/diadianews.com\/index.php\/2026\/08\/16\/agencia-brasil-apresenta-resumo-das-noticias-veiculadas-no-pais-e-no-mundo-nas-ultimas-24-horas\/\">Continue Reading<\/a><\/span><\/p>\n","protected":false},"author":1,"featured_media":6795,"comment_status":"closed","ping_status":"closed","sticky":false,"template":"","format":"standard","meta":{"footnotes":""},"categories":[1],"tags":[],"class_list":["entry","author-valdei","post-6794","post","type-post","status-publish","format-standard","has-post-thumbnail","category-news-do-dia"],"_links":{"self":[{"href":"http:\/\/diadianews.com\/index.php\/wp-json\/wp\/v2\/posts\/6794","targetHints":{"allow":["GET"]}}],"collection":[{"href":"http:\/\/diadianews.com\/index.php\/wp-json\/wp\/v2\/posts"}],"about":[{"href":"http:\/\/diadianews.com\/index.php\/wp-json\/wp\/v2\/types\/post"}],"author":[{"embeddable":true,"href":"http:\/\/diadianews.com\/index.php\/wp-json\/wp\/v2\/users\/1"}],"replies":[{"embeddable":true,"href":"http:\/\/diadianews.com\/index.php\/wp-json\/wp\/v2\/comments?post=6794"}],"version-history":[{"count":0,"href":"http:\/\/diadianews.com\/index.php\/wp-json\/wp\/v2\/posts\/6794\/revisions"}],"wp:featuredmedia":[{"embeddable":true,"href":"http:\/\/diadianews.com\/index.php\/wp-json\/wp\/v2\/media\/6795"}],"wp:attachment":[{"href":"http:\/\/diadianews.com\/index.php\/wp-json\/wp\/v2\/media?parent=6794"}],"wp:term":[{"taxonomy":"category","embeddable":true,"href":"http:\/\/diadianews.com\/index.php\/wp-json\/wp\/v2\/categories?post=6794"},{"taxonomy":"post_tag","embeddable":true,"href":"http:\/\/diadianews.com\/index.php\/wp-json\/wp\/v2\/tags?post=6794"}],"curies":[{"name":"wp","href":"https:\/\/api.w.org\/{rel}","templated":true}]}}