{"id":6796,"date":"2026-08-16T09:53:27","date_gmt":"2026-08-16T12:53:27","guid":{"rendered":"https:\/\/diadianews.com\/index.php\/2026\/08\/16\/prf-prende-em-paranaiba-ms-tres-suspeitos-de-envolvimento-em-sequestro-e-homicidio-de-adolescente-em-mato-grosso\/"},"modified":"2026-08-16T09:53:27","modified_gmt":"2026-08-16T12:53:27","slug":"prf-prende-em-paranaiba-ms-tres-suspeitos-de-envolvimento-em-sequestro-e-homicidio-de-adolescente-em-mato-grosso","status":"publish","type":"post","link":"http:\/\/diadianews.com\/index.php\/2026\/08\/16\/prf-prende-em-paranaiba-ms-tres-suspeitos-de-envolvimento-em-sequestro-e-homicidio-de-adolescente-em-mato-grosso\/","title":{"rendered":"PRF prende em Parana\u00edba (MS) tr\u00eas suspeitos de envolvimento em sequestro e homic\u00eddio de adolescente em Mato Grosso"},"content":{"rendered":"<div>\n<p class=\"wp-block-paragraph\">Na tarde deste s\u00e1bado (15), policiais rodovi\u00e1rios federais prenderam, em Parana\u00edba (MS), dois homens e uma mulher suspeitos de envolvimento no sequestro e homic\u00eddio de uma adolescente de 14 anos, ocorrido no munic\u00edpio de Lucas do Rio Verde (MT).<\/p>\n<p class=\"wp-block-paragraph\">Os suspeitos foram localizados durante uma fiscaliza\u00e7\u00e3o da Pol\u00edcia Rodovi\u00e1ria Federal, em Parana\u00edba, quando seguiam em fuga com destino ao estado do Rio de Janeiro.<\/p>\n<p class=\"wp-block-paragraph\">O caso ganhou repercuss\u00e3o ap\u00f3s imagens de c\u00e2meras de seguran\u00e7a registrarem o momento em que a adolescente teve o quarto invadido e foi retirada do local \u00e0 for\u00e7a. <\/p>\n<p class=\"wp-block-paragraph\">Segundo informa\u00e7\u00f5es divulgadas pela Pol\u00edcia Civil, a v\u00edtima estava desaparecida desde o dia 6 de agosto e foi localizada morta na quarta-feira (13), enterrada em uma \u00e1rea de mata \u00e0s margens da BR-163, no munic\u00edpio de Sorriso (MT).<\/p>\n<p class=\"wp-block-paragraph\">A pris\u00e3o realizada pela PRF ocorreu durante a tentativa de fuga dos suspeitos para o Rio de Janeiro. <\/p>\n<p class=\"wp-block-paragraph\">Ap\u00f3s a abordagem e a confirma\u00e7\u00e3o da identidade dos envolvidos, os tr\u00eas foram detidos e encaminhados \u00e0 pol\u00edcia judici\u00e1ria.<\/p>\n<p class=\"wp-block-paragraph\">Assessoria da PRF\/MS<\/p>\n<p><!-- bloco-portais-jbr --><\/p>\n<div class=\"box-portais-jbr\" style=\"border:1px solid #e0e0e0;padding:16px 18px;margin:24px 0;border-radius:8px;background:#f9f9f9;font-size:0.95rem;\">\n<p style=\"margin:0 0 10px 0;font-weight:600;\">\n        Continue sempre bem informado acessando nossos portais:\n    <\/p>\n<ul style=\"margin:0;padding-left:20px;\">\n<li style=\"margin-bottom:8px;\">\n            <strong><a href=\"https:\/\/jornaldiadia.com.br\/\" target=\"_blank\" rel=\"noopener\" style=\"text-decoration:none;\">Jornal Dia Dia<\/a><\/strong> \u2013<br \/>\n            Sua fonte confi\u00e1vel para as melhores not\u00edcias e artigos \u00fateis. Fique por dentro dos acontecimentos mais importantes, dicas pr\u00e1ticas e conte\u00fados de qualidade.\n        <\/li>\n<li style=\"margin-bottom:8px;\">\n            <strong><a href=\"https:\/\/jbr.jor.br\/\" target=\"_blank\" rel=\"noopener\" style=\"text-decoration:none;\">Jornal Brasil Regional (JBR)<\/a><\/strong> \u2013<br \/>\n            O pulso do pa\u00eds em tempo real. Not\u00edcias nacionais, regionais e internacionais com \u00e9tica e credibilidade.\n        <\/li>\n<li style=\"margin-bottom:8px;\">\n            <strong><a href=\"https:\/\/castilho.jor.br\/\" target=\"_blank\" rel=\"noopener\" style=\"text-decoration:none;\">Castilho Not\u00edcias (News)<\/a><\/strong> \u2013<br \/>\n            O seu di\u00e1rio local com cobertura de Castilho e Regi\u00e3o (SP). Jornalismo com credibilidade.\n        <\/li>\n<li style=\"margin-bottom:8px;\">\n            <strong><a href=\"https:\/\/casaejardim.net.br\/\" target=\"_blank\" rel=\"noopener\" style=\"text-decoration:none;\">Casa e Jardim<\/a><\/strong> \u2013<br \/>\n            Dicas exclusivas sobre decora\u00e7\u00e3o, jardinagem, arquitetura, DIY, reformas e muito mais. Tend\u00eancias, solu\u00e7\u00f5es pr\u00e1ticas e ideias criativas para todos os estilos e or\u00e7amentos.\n        <\/li>\n<li style=\"margin-bottom:0;\">\n            <strong><a href=\"https:\/\/b10.net.br\/\" target=\"_blank\" rel=\"noopener\" style=\"text-decoration:none;\">B10 Brasil<\/a><\/strong> \u2013<br \/>\n            As principais not\u00edcias, an\u00e1lises e insights sobre neg\u00f3cios, economia e soberania nacional. Conectando o Brasil ao mundo com intelig\u00eancia e estrat\u00e9gia.\n        <\/li>\n<\/ul>\n<\/div>\n<p><!-- \/bloco-portais-jbr --><\/div>\n","protected":false},"excerpt":{"rendered":"<p>Na tarde deste s\u00e1bado (15), policiais rodovi\u00e1rios federais prenderam, em Parana\u00edba (MS), dois homens e uma mulher suspeitos de envolvimento no sequestro e homic\u00eddio de uma adolescente de 14 anos, ocorrido no munic\u00edpio de Lucas do Rio Verde (MT). Os suspeitos foram localizados durante uma fiscaliza\u00e7\u00e3o da Pol\u00edcia Rodovi\u00e1ria Federal,<span class=\"more-link\"><a href=\"http:\/\/diadianews.com\/index.php\/2026\/08\/16\/prf-prende-em-paranaiba-ms-tres-suspeitos-de-envolvimento-em-sequestro-e-homicidio-de-adolescente-em-mato-grosso\/\">Continue Reading<\/a><\/span><\/p>\n","protected":false},"author":1,"featured_media":6797,"comment_status":"closed","ping_status":"closed","sticky":false,"template":"","format":"standard","meta":{"footnotes":""},"categories":[1],"tags":[],"class_list":["entry","author-valdei","post-6796","post","type-post","status-publish","format-standard","has-post-thumbnail","category-news-do-dia"],"_links":{"self":[{"href":"http:\/\/diadianews.com\/index.php\/wp-json\/wp\/v2\/posts\/6796","targetHints":{"allow":["GET"]}}],"collection":[{"href":"http:\/\/diadianews.com\/index.php\/wp-json\/wp\/v2\/posts"}],"about":[{"href":"http:\/\/diadianews.com\/index.php\/wp-json\/wp\/v2\/types\/post"}],"author":[{"embeddable":true,"href":"http:\/\/diadianews.com\/index.php\/wp-json\/wp\/v2\/users\/1"}],"replies":[{"embeddable":true,"href":"http:\/\/diadianews.com\/index.php\/wp-json\/wp\/v2\/comments?post=6796"}],"version-history":[{"count":0,"href":"http:\/\/diadianews.com\/index.php\/wp-json\/wp\/v2\/posts\/6796\/revisions"}],"wp:featuredmedia":[{"embeddable":true,"href":"http:\/\/diadianews.com\/index.php\/wp-json\/wp\/v2\/media\/6797"}],"wp:attachment":[{"href":"http:\/\/diadianews.com\/index.php\/wp-json\/wp\/v2\/media?parent=6796"}],"wp:term":[{"taxonomy":"category","embeddable":true,"href":"http:\/\/diadianews.com\/index.php\/wp-json\/wp\/v2\/categories?post=6796"},{"taxonomy":"post_tag","embeddable":true,"href":"http:\/\/diadianews.com\/index.php\/wp-json\/wp\/v2\/tags?post=6796"}],"curies":[{"name":"wp","href":"https:\/\/api.w.org\/{rel}","templated":true}]}}