{"id":6798,"date":"2026-08-16T10:37:13","date_gmt":"2026-08-16T13:37:13","guid":{"rendered":"https:\/\/diadianews.com\/index.php\/2026\/08\/16\/mpt-lanca-nesta-quinta-feira-20-politica-nacional-vanessa-ricarte-de-protecao-e-autonomia-para-mulheres\/"},"modified":"2026-08-16T10:37:13","modified_gmt":"2026-08-16T13:37:13","slug":"mpt-lanca-nesta-quinta-feira-20-politica-nacional-vanessa-ricarte-de-protecao-e-autonomia-para-mulheres","status":"publish","type":"post","link":"http:\/\/diadianews.com\/index.php\/2026\/08\/16\/mpt-lanca-nesta-quinta-feira-20-politica-nacional-vanessa-ricarte-de-protecao-e-autonomia-para-mulheres\/","title":{"rendered":"MPT lan\u00e7a nesta quinta-feira (20) Pol\u00edtica Nacional Vanessa Ricarte de prote\u00e7\u00e3o e autonomia para mulheres"},"content":{"rendered":"<div>\n<p class=\"wp-block-paragraph\"><em>Documento estabelece diretrizes para acolhimento, preven\u00e7\u00e3o e enfrentamento da viol\u00eancia dom\u00e9stica e familiar contra a mulher e ser\u00e1 lan\u00e7ada em 20 de agosto, em Campo Grande<\/em><\/p>\n<p class=\"wp-block-paragraph\"><strong>15\/08\/2026 \u2013 <\/strong>Nesta quinta-feira (20), o Minist\u00e9rio P\u00fablico do Trabalho em Mato Grosso do Sul (MPT-MS), em Campo Grande, sediar\u00e1 o lan\u00e7amento da Pol\u00edtica Nacional Vanessa Ricarte de Preven\u00e7\u00e3o e Combate \u00e0 Viol\u00eancia Dom\u00e9stica e Familiar contra a Mulher. Esta pol\u00edtica orientar\u00e1 as a\u00e7\u00f5es institucionais em todas as unidades do MPT no pa\u00eds. <\/p>\n<p class=\"wp-block-paragraph\">A cerim\u00f4nia ser\u00e1 aberta ao p\u00fablico e ter\u00e1 transmiss\u00e3o ao vivo pela <a href=\"https:\/\/www.youtube.com\/c\/TVMPT\" target=\"_blank\" rel=\"noreferrer noopener\">TV MPT, no YouTube.<\/a><\/p>\n<p class=\"wp-block-paragraph\">O lan\u00e7amento ser\u00e1 realizado pelo procurador-geral do Trabalho, Gl\u00e1ucio Ara\u00fajo de Oliveira, e reunir\u00e1 membros do Minist\u00e9rio P\u00fablico, representantes dos poderes Executivo e Legislativo, integrantes do sistema de Justi\u00e7a e outras autoridades convidadas para marcar a implementa\u00e7\u00e3o da pol\u00edtica.<\/p>\n<p class=\"wp-block-paragraph\">O instrumento organiza a atua\u00e7\u00e3o do Minist\u00e9rio P\u00fablico do Trabalho em quatro frentes: o acolhimento de v\u00edtimas de viol\u00eancia dom\u00e9stica e familiar no \u00e2mbito da institui\u00e7\u00e3o; o fomento a a\u00e7\u00f5es de capacita\u00e7\u00e3o e conscientiza\u00e7\u00e3o sobre a tem\u00e1tica; o incentivo \u00e0 inclus\u00e3o e \u00e0 autonomia econ\u00f4mica de mulheres em situa\u00e7\u00e3o de viol\u00eancia, por meio da reserva de vagas em contratos de presta\u00e7\u00e3o de servi\u00e7os; e o fortalecimento da atua\u00e7\u00e3o institucional na preven\u00e7\u00e3o e no enfrentamento da viol\u00eancia dom\u00e9stica e familiar nas rela\u00e7\u00f5es de trabalho.<\/p>\n<p class=\"wp-block-paragraph\"><strong>Vanessa Ricarte \u2013<\/strong> A Pol\u00edtica Nacional recebe o nome de Vanessa Ricarte em homenagem \u00e0 jornalista e servidora p\u00fablica que atuava como chefe da assessoria de Comunica\u00e7\u00e3o do MPT-MS e que, em fevereiro de 2025, foi v\u00edtima de feminic\u00eddio. \u00a0<\/p>\n<p class=\"wp-block-paragraph\">O epis\u00f3dio exp\u00f4s as falhas estruturais do sistema de prote\u00e7\u00e3o \u00e0s v\u00edtimas de viol\u00eancia dom\u00e9stica e familiar. Vanessa foi morta horas ap\u00f3s solicitar medida protetiva contra o autor do crime, seu ex-companheiro, que colecionava registros anteriores de viol\u00eancia dom\u00e9stica, todos eles sem andamento. \u00a0<\/p>\n<p class=\"wp-block-paragraph\">\u00c0 luz deste debate, o falecimento precoce de Vanessa foi ponto de partida para o aprimoramento de toda a rede de prote\u00e7\u00e3o das mulheres e dos fluxos adotados pelas institui\u00e7\u00f5es que dela fazem parte.<\/p>\n<p class=\"wp-block-paragraph\">A Pol\u00edtica Nacional Vanessa Ricarte de Preven\u00e7\u00e3o e Combate \u00e0 Viol\u00eancia Dom\u00e9stica e Familiar contra a Mulher no \u00e2mbito do MPT \u00e9 dedicada \u00e0 Vanessa e a todas as mulheres que sofreram ou sofrem viol\u00eancia dom\u00e9stica e familiar. Sua finalidade \u00e9 converter a mem\u00f3ria destas mulheres em a\u00e7\u00f5es de preven\u00e7\u00e3o, acolhimento, autonomia econ\u00f4mica e prote\u00e7\u00e3o efetiva.<\/p>\n<p class=\"wp-block-paragraph\"><strong>Servi\u00e7o<\/strong><\/p>\n<p class=\"wp-block-paragraph\">Lan\u00e7amento da Pol\u00edtica Nacional Vanessa Ricarte de Preven\u00e7\u00e3o e Combate \u00e0 Viol\u00eancia Dom\u00e9stica e Familiar contra a Mulher no \u00e2mbito do Minist\u00e9rio P\u00fablico do Trabalho<\/p>\n<p class=\"wp-block-paragraph\"><strong>Data:<\/strong> 20 de agosto de 2026<\/p>\n<p class=\"wp-block-paragraph\"><strong>Hor\u00e1rio:<\/strong> 15h<\/p>\n<p class=\"wp-block-paragraph\"><strong>Local:<\/strong> Audit\u00f3rio da sede do MPT-MS \u00a0<\/p>\n<p class=\"wp-block-paragraph\">Rua Doutor Paulo Machado, 120 \u2013 Royal Park \u2013 Campo Grande (MS)<\/p>\n<p class=\"wp-block-paragraph\"><strong>Transmiss\u00e3o:<\/strong> Ao vivo pela TV MPT: <a href=\"https:\/\/www.youtube.com\/c\/TVMPT\" target=\"_blank\" rel=\"noreferrer noopener\">youtube.com\/c\/TVMPT<\/a><\/p>\n<p class=\"wp-block-paragraph\">Fonte: Minist\u00e9rio P\u00fablico do Trabalho em Mato Grosso do Sul<\/p>\n<p class=\"wp-block-paragraph\">Informa\u00e7\u00f5es: (67) 3358-3035 | (67) 99275-8636<\/p>\n<p class=\"wp-block-paragraph\"><a href=\"http:\/\/www.prt24.mpt.mp.br\/\" target=\"_blank\" rel=\"noreferrer noopener\">www.prt24.mpt.mp.br<\/a> | X: @MPT_MS | Instagram: @mpt_ms | Kwai: @mpt_ms<\/p>\n<figure class=\"wp-block-image size-large\"><img loading=\"lazy\" decoding=\"async\" width=\"1024\" height=\"585\" src=\"https:\/\/jornaldiadia.com.br\/wp-content\/uploads\/image-9509-1024x585.webp\" alt=\"\" class=\"wp-image-81530\" srcset=\"https:\/\/jornaldiadia.com.br\/wp-content\/uploads\/image-9509-1024x585.webp 1024w, https:\/\/jornaldiadia.com.br\/wp-content\/uploads\/image-9509-300x171.webp 300w, https:\/\/jornaldiadia.com.br\/wp-content\/uploads\/image-9509-768x439.webp 768w, https:\/\/jornaldiadia.com.br\/wp-content\/uploads\/image-9509-465x266.webp 465w, https:\/\/jornaldiadia.com.br\/wp-content\/uploads\/image-9509-695x397.webp 695w, https:\/\/jornaldiadia.com.br\/wp-content\/uploads\/image-9509.webp 1050w\" sizes=\"auto, (max-width: 1024px) 100vw, 1024px\"><\/figure>\n<p><!-- bloco-portais-jbr --><\/p>\n<div class=\"box-portais-jbr\" style=\"border:1px solid #e0e0e0;padding:16px 18px;margin:24px 0;border-radius:8px;background:#f9f9f9;font-size:0.95rem;\">\n<p style=\"margin:0 0 10px 0;font-weight:600;\">\n        Continue sempre bem informado acessando nossos portais:\n    <\/p>\n<ul style=\"margin:0;padding-left:20px;\">\n<li style=\"margin-bottom:8px;\">\n            <strong><a href=\"https:\/\/jornaldiadia.com.br\/\" target=\"_blank\" rel=\"noopener\" style=\"text-decoration:none;\">Jornal Dia Dia<\/a><\/strong> \u2013<br \/>\n            Sua fonte confi\u00e1vel para as melhores not\u00edcias e artigos \u00fateis. Fique por dentro dos acontecimentos mais importantes, dicas pr\u00e1ticas e conte\u00fados de qualidade.\n        <\/li>\n<li style=\"margin-bottom:8px;\">\n            <strong><a href=\"https:\/\/jbr.jor.br\/\" target=\"_blank\" rel=\"noopener\" style=\"text-decoration:none;\">Jornal Brasil Regional (JBR)<\/a><\/strong> \u2013<br \/>\n            O pulso do pa\u00eds em tempo real. Not\u00edcias nacionais, regionais e internacionais com \u00e9tica e credibilidade.\n        <\/li>\n<li style=\"margin-bottom:8px;\">\n            <strong><a href=\"https:\/\/castilho.jor.br\/\" target=\"_blank\" rel=\"noopener\" style=\"text-decoration:none;\">Castilho Not\u00edcias (News)<\/a><\/strong> \u2013<br \/>\n            O seu di\u00e1rio local com cobertura de Castilho e Regi\u00e3o (SP). Jornalismo com credibilidade.\n        <\/li>\n<li style=\"margin-bottom:8px;\">\n            <strong><a href=\"https:\/\/casaejardim.net.br\/\" target=\"_blank\" rel=\"noopener\" style=\"text-decoration:none;\">Casa e Jardim<\/a><\/strong> \u2013<br \/>\n            Dicas exclusivas sobre decora\u00e7\u00e3o, jardinagem, arquitetura, DIY, reformas e muito mais. Tend\u00eancias, solu\u00e7\u00f5es pr\u00e1ticas e ideias criativas para todos os estilos e or\u00e7amentos.\n        <\/li>\n<li style=\"margin-bottom:0;\">\n            <strong><a href=\"https:\/\/b10.net.br\/\" target=\"_blank\" rel=\"noopener\" style=\"text-decoration:none;\">B10 Brasil<\/a><\/strong> \u2013<br \/>\n            As principais not\u00edcias, an\u00e1lises e insights sobre neg\u00f3cios, economia e soberania nacional. Conectando o Brasil ao mundo com intelig\u00eancia e estrat\u00e9gia.\n        <\/li>\n<\/ul>\n<\/div>\n<p><!-- \/bloco-portais-jbr --><\/div>\n","protected":false},"excerpt":{"rendered":"<p>Documento estabelece diretrizes para acolhimento, preven\u00e7\u00e3o e enfrentamento da viol\u00eancia dom\u00e9stica e familiar contra a mulher e ser\u00e1 lan\u00e7ada em 20 de agosto, em Campo Grande 15\/08\/2026 \u2013 Nesta quinta-feira (20), o Minist\u00e9rio P\u00fablico do Trabalho em Mato Grosso do Sul (MPT-MS), em Campo Grande, sediar\u00e1 o lan\u00e7amento da Pol\u00edtica<span class=\"more-link\"><a href=\"http:\/\/diadianews.com\/index.php\/2026\/08\/16\/mpt-lanca-nesta-quinta-feira-20-politica-nacional-vanessa-ricarte-de-protecao-e-autonomia-para-mulheres\/\">Continue Reading<\/a><\/span><\/p>\n","protected":false},"author":1,"featured_media":6799,"comment_status":"closed","ping_status":"closed","sticky":false,"template":"","format":"standard","meta":{"footnotes":""},"categories":[1],"tags":[],"class_list":["entry","author-valdei","post-6798","post","type-post","status-publish","format-standard","has-post-thumbnail","category-news-do-dia"],"_links":{"self":[{"href":"http:\/\/diadianews.com\/index.php\/wp-json\/wp\/v2\/posts\/6798","targetHints":{"allow":["GET"]}}],"collection":[{"href":"http:\/\/diadianews.com\/index.php\/wp-json\/wp\/v2\/posts"}],"about":[{"href":"http:\/\/diadianews.com\/index.php\/wp-json\/wp\/v2\/types\/post"}],"author":[{"embeddable":true,"href":"http:\/\/diadianews.com\/index.php\/wp-json\/wp\/v2\/users\/1"}],"replies":[{"embeddable":true,"href":"http:\/\/diadianews.com\/index.php\/wp-json\/wp\/v2\/comments?post=6798"}],"version-history":[{"count":0,"href":"http:\/\/diadianews.com\/index.php\/wp-json\/wp\/v2\/posts\/6798\/revisions"}],"wp:featuredmedia":[{"embeddable":true,"href":"http:\/\/diadianews.com\/index.php\/wp-json\/wp\/v2\/media\/6799"}],"wp:attachment":[{"href":"http:\/\/diadianews.com\/index.php\/wp-json\/wp\/v2\/media?parent=6798"}],"wp:term":[{"taxonomy":"category","embeddable":true,"href":"http:\/\/diadianews.com\/index.php\/wp-json\/wp\/v2\/categories?post=6798"},{"taxonomy":"post_tag","embeddable":true,"href":"http:\/\/diadianews.com\/index.php\/wp-json\/wp\/v2\/tags?post=6798"}],"curies":[{"name":"wp","href":"https:\/\/api.w.org\/{rel}","templated":true}]}}