{"id":6802,"date":"2026-08-16T10:59:25","date_gmt":"2026-08-16T13:59:25","guid":{"rendered":"https:\/\/diadianews.com\/index.php\/2026\/08\/16\/pl-sp-sai-em-defesa-de-rosana-valle-apos-deputada-ser-atacada-por-candidata-a-vereadora-derrotada-em-2024\/"},"modified":"2026-08-16T10:59:25","modified_gmt":"2026-08-16T13:59:25","slug":"pl-sp-sai-em-defesa-de-rosana-valle-apos-deputada-ser-atacada-por-candidata-a-vereadora-derrotada-em-2024","status":"publish","type":"post","link":"http:\/\/diadianews.com\/index.php\/2026\/08\/16\/pl-sp-sai-em-defesa-de-rosana-valle-apos-deputada-ser-atacada-por-candidata-a-vereadora-derrotada-em-2024\/","title":{"rendered":"PL-SP sai em defesa de Rosana Valle ap\u00f3s deputada ser atacada por candidata a vereadora derrotada em 2024"},"content":{"rendered":"<div>\n<figure class=\"wp-block-image size-full\"><img loading=\"lazy\" decoding=\"async\" width=\"70\" height=\"77\" src=\"https:\/\/jornaldiadia.com.br\/wp-content\/uploads\/image-9511.webp\" alt=\"\" class=\"wp-image-81537\"><\/figure>\n<p class=\"wp-block-paragraph\"><em>Nota \u00e9 resposta \u00e0s ila\u00e7\u00f5es ventiladas por Aninha Ferreira, do PL de S\u00e3o Vicente-SP, contra a deputada federal e presidente do PL Mulher do Estado de S\u00e3o Paulo; na carta, partido alerta que n\u00e3o cabe a qualquer filiado antecipar ou contestar decis\u00f5es sobre a forma\u00e7\u00e3o de chapas para as elei\u00e7\u00f5es de 2026<\/em><\/p>\n<p class=\"wp-block-paragraph\">A Executiva Estadual do PL de S\u00e3o Paulo emitiu nota contra os ataques feitos por Ana Paula dos Santos Ferreira, filiada ao partido em S\u00e3o Vicente-SP, contra a deputada federal Rosana Valle (PL-SP). No conte\u00fado, a legenda manifesta solidariedade \u00e0 parlamentar em segundo mandato e rebate inverdades ventiladas pela jovem de 21 anos sobre a forma\u00e7\u00e3o das chapas proporcionais para as elei\u00e7\u00f5es de 2026.<\/p>\n<p class=\"wp-block-paragraph\">Derrotada no pleito de 2024, quando concorreu para vereadora por S\u00e3o Vicente, Aninha Ferreira vem, h\u00e1 algumas semanas, postando conte\u00fados nas redes sociais que difamam Rosana, al\u00e9m de atribuir \u00e0 parlamentar o fato de n\u00e3o ter conseguido legenda para disputar as elei\u00e7\u00f5es de 2026 como candidata \u00e0 federal pelo PL. A jovem fala em \u201cboicote\u201d e em \u201cpersegui\u00e7\u00e3o\u201d \u2013 por ser ela tamb\u00e9m da Baixada Santista \u2013 reduto eleitoral de Rosana.<\/p>\n<p class=\"wp-block-paragraph\">As ila\u00e7\u00f5es da liberal de S\u00e3o Vicente ganharam um novo cap\u00edtulo nessa quarta-feira (12\/8). Em entrevista a um programa no YouTube, Aninha compartilhou que Rosana \u201cage com hipocrisia\u201d e desmereceu o trabalho da deputada \u00e0 frente do PL Mulher do Estado de S\u00e3o Paulo, do qual \u00e9 presidente. Na esteira de cr\u00edticas, a jovem ainda fez refer\u00eancia depreciativa \u00e0 idade da congressista de 57 anos.<\/p>\n<p class=\"wp-block-paragraph\">Presidido por Jos\u00e9 Tadeu Candel\u00e1ria, o PL Estadual paulista, em comunicado oficial, afasta totalmente a tese da ex-candidata a vereadora de S\u00e3o Vicente, ao passo em que lamenta a postura dela, desaprovando \u201cataques pessoais ou manifesta\u00e7\u00f5es que busquem desqualificar representantes fora dos f\u00f3runs adequados\u201d:<\/p>\n<p class=\"wp-block-paragraph\">\u201cO compromisso do PL \u00e9 com a unidade, a disciplina partid\u00e1ria e o respeito \u00e0s inst\u00e2ncias internas. Diverg\u00eancias de qualquer natureza devem ser tratadas por meio dos canais institucionais competentes, preservando-se sempre o respeito m\u00fatuo e a responsabilidade com a legenda. Manifestamos solidariedade \u00e0 deputada federal Rosana Valle\u201d, diz trecho da nota.<\/p>\n<p class=\"wp-block-paragraph\">No mesmo conte\u00fado, o PL-SP esclarece, inclusive, que a defini\u00e7\u00e3o de chapas, das candidaturas e das estrat\u00e9gias eleitorais \u00e9 de compet\u00eancia da Dire\u00e7\u00e3o Estadual em alinhamento com as diretrizes e \u00e0s orienta\u00e7\u00f5es da Dire\u00e7\u00e3o Nacional da legenda e em observ\u00e2ncia ao estatuto partid\u00e1rio e \u00e0 legisla\u00e7\u00e3o eleitoral \u2013 n\u00e3o sendo, desta forma, decis\u00e3o isolada de qualquer filiado.<\/p>\n<p class=\"wp-block-paragraph\">Ao sair em defesa de Rosana, ofendida de diversas maneiras por Aninha, nas \u00faltimas semanas, o partido ainda reconhece a trajet\u00f3ria p\u00fablica e o trabalho da parlamentar no Estado de S\u00e3o Paulo.<\/p>\n<p class=\"wp-block-paragraph\">Aliada do ex-presidente Jair Bolsonaro (sem partido), da ex-primeira-dama da Rep\u00fablica Michelle Bolsonaro (PL-DF) e do governador Tarc\u00edsio Gomes de Freitas (Republicanos), Rosana cumpre segundo mandato no Congresso Nacional. Em 2022, foi reeleita com 216.437 votos \u2013 o dobro que teve em 2018, quando recebeu 106 mil sufr\u00e1gios v\u00e1lidos.<\/p>\n<p class=\"wp-block-paragraph\">\u201cN\u00e3o tenho nenhum poder no PL para dizer quem ser\u00e1 e quem n\u00e3o ser\u00e1 candidato. N\u00e3o sei por que ela (Aninha) me colocou nisso. Talvez, seja por inexperi\u00eancia ou desconhecimento. De toda maneira, n\u00e3o vou aceitar ataques por parte de quem n\u00e3o compreende o esp\u00edrito coletivo, que deve estar acima de qualquer interesse pessoal. Eu mesma respeitei a decis\u00e3o do PL de n\u00e3o me lan\u00e7ar candidata ao Senado em 2026, e n\u00e3o culpei ningu\u00e9m por isso. As decis\u00f5es partid\u00e1rias s\u00e3o soberanas\u201d, conclui a deputada federal\u2026.<\/p>\n<p class=\"wp-block-paragraph\"><strong>Assessoria de Imprensa<\/strong><\/p>\n<p class=\"wp-block-paragraph\"><em>Fiamini \u2013 Solu\u00e7\u00f5es Integradas em Comunica\u00e7\u00e3o \u2013 a servi\u00e7o do Diret\u00f3rio Municipal do PL de Santos-SP<\/em><\/p>\n<p class=\"wp-block-paragraph\"><strong>Atendimento:<\/strong><\/p>\n<p class=\"wp-block-paragraph\">Rodrigo Dias: (11) 96794-5777<\/p>\n<p class=\"wp-block-paragraph\">Simone Leone: (11) 99679-0666<\/p>\n<p class=\"wp-block-paragraph\">Carla Fiamini: (11) 94749-6747<\/p>\n<p class=\"wp-block-paragraph\">Nota do PL<\/p>\n<p class=\"wp-block-paragraph\"><a href=\"https:\/\/jornaldiadia.com.br\/wp-content\/uploads\/NOTA-PL-SP.pdf\">https:\/\/jornaldiadia.com.br\/wp-content\/uploads\/NOTA-PL-SP.pdf<\/a><\/p>\n<p class=\"wp-block-paragraph\">\n<p><!-- bloco-portais-jbr --><\/p>\n<div class=\"box-portais-jbr\" style=\"border:1px solid #e0e0e0;padding:16px 18px;margin:24px 0;border-radius:8px;background:#f9f9f9;font-size:0.95rem;\">\n<p style=\"margin:0 0 10px 0;font-weight:600;\">\n        Continue sempre bem informado acessando nossos portais:\n    <\/p>\n<ul style=\"margin:0;padding-left:20px;\">\n<li style=\"margin-bottom:8px;\">\n            <strong><a href=\"https:\/\/jornaldiadia.com.br\/\" target=\"_blank\" rel=\"noopener\" style=\"text-decoration:none;\">Jornal Dia Dia<\/a><\/strong> \u2013<br \/>\n            Sua fonte confi\u00e1vel para as melhores not\u00edcias e artigos \u00fateis. Fique por dentro dos acontecimentos mais importantes, dicas pr\u00e1ticas e conte\u00fados de qualidade.\n        <\/li>\n<li style=\"margin-bottom:8px;\">\n            <strong><a href=\"https:\/\/jbr.jor.br\/\" target=\"_blank\" rel=\"noopener\" style=\"text-decoration:none;\">Jornal Brasil Regional (JBR)<\/a><\/strong> \u2013<br \/>\n            O pulso do pa\u00eds em tempo real. Not\u00edcias nacionais, regionais e internacionais com \u00e9tica e credibilidade.\n        <\/li>\n<li style=\"margin-bottom:8px;\">\n            <strong><a href=\"https:\/\/castilho.jor.br\/\" target=\"_blank\" rel=\"noopener\" style=\"text-decoration:none;\">Castilho Not\u00edcias (News)<\/a><\/strong> \u2013<br \/>\n            O seu di\u00e1rio local com cobertura de Castilho e Regi\u00e3o (SP). Jornalismo com credibilidade.\n        <\/li>\n<li style=\"margin-bottom:8px;\">\n            <strong><a href=\"https:\/\/casaejardim.net.br\/\" target=\"_blank\" rel=\"noopener\" style=\"text-decoration:none;\">Casa e Jardim<\/a><\/strong> \u2013<br \/>\n            Dicas exclusivas sobre decora\u00e7\u00e3o, jardinagem, arquitetura, DIY, reformas e muito mais. Tend\u00eancias, solu\u00e7\u00f5es pr\u00e1ticas e ideias criativas para todos os estilos e or\u00e7amentos.\n        <\/li>\n<li style=\"margin-bottom:0;\">\n            <strong><a href=\"https:\/\/b10.net.br\/\" target=\"_blank\" rel=\"noopener\" style=\"text-decoration:none;\">B10 Brasil<\/a><\/strong> \u2013<br \/>\n            As principais not\u00edcias, an\u00e1lises e insights sobre neg\u00f3cios, economia e soberania nacional. Conectando o Brasil ao mundo com intelig\u00eancia e estrat\u00e9gia.\n        <\/li>\n<\/ul>\n<\/div>\n<p><!-- \/bloco-portais-jbr --><\/div>\n","protected":false},"excerpt":{"rendered":"<p>Nota \u00e9 resposta \u00e0s ila\u00e7\u00f5es ventiladas por Aninha Ferreira, do PL de S\u00e3o Vicente-SP, contra a deputada federal e presidente do PL Mulher do Estado de S\u00e3o Paulo; na carta, partido alerta que n\u00e3o cabe a qualquer filiado antecipar ou contestar decis\u00f5es sobre a forma\u00e7\u00e3o de chapas para as elei\u00e7\u00f5es<span class=\"more-link\"><a href=\"http:\/\/diadianews.com\/index.php\/2026\/08\/16\/pl-sp-sai-em-defesa-de-rosana-valle-apos-deputada-ser-atacada-por-candidata-a-vereadora-derrotada-em-2024\/\">Continue Reading<\/a><\/span><\/p>\n","protected":false},"author":1,"featured_media":6803,"comment_status":"closed","ping_status":"closed","sticky":false,"template":"","format":"standard","meta":{"footnotes":""},"categories":[1],"tags":[],"class_list":["entry","author-valdei","post-6802","post","type-post","status-publish","format-standard","has-post-thumbnail","category-news-do-dia"],"_links":{"self":[{"href":"http:\/\/diadianews.com\/index.php\/wp-json\/wp\/v2\/posts\/6802","targetHints":{"allow":["GET"]}}],"collection":[{"href":"http:\/\/diadianews.com\/index.php\/wp-json\/wp\/v2\/posts"}],"about":[{"href":"http:\/\/diadianews.com\/index.php\/wp-json\/wp\/v2\/types\/post"}],"author":[{"embeddable":true,"href":"http:\/\/diadianews.com\/index.php\/wp-json\/wp\/v2\/users\/1"}],"replies":[{"embeddable":true,"href":"http:\/\/diadianews.com\/index.php\/wp-json\/wp\/v2\/comments?post=6802"}],"version-history":[{"count":0,"href":"http:\/\/diadianews.com\/index.php\/wp-json\/wp\/v2\/posts\/6802\/revisions"}],"wp:featuredmedia":[{"embeddable":true,"href":"http:\/\/diadianews.com\/index.php\/wp-json\/wp\/v2\/media\/6803"}],"wp:attachment":[{"href":"http:\/\/diadianews.com\/index.php\/wp-json\/wp\/v2\/media?parent=6802"}],"wp:term":[{"taxonomy":"category","embeddable":true,"href":"http:\/\/diadianews.com\/index.php\/wp-json\/wp\/v2\/categories?post=6802"},{"taxonomy":"post_tag","embeddable":true,"href":"http:\/\/diadianews.com\/index.php\/wp-json\/wp\/v2\/tags?post=6802"}],"curies":[{"name":"wp","href":"https:\/\/api.w.org\/{rel}","templated":true}]}}