{"id":6804,"date":"2026-08-16T11:10:45","date_gmt":"2026-08-16T14:10:45","guid":{"rendered":"https:\/\/diadianews.com\/index.php\/2026\/08\/16\/video-damares-alves-defende-sigilo-da-fonte-no-senado-e-faz-referencia-indireta-ao-stf\/"},"modified":"2026-08-16T11:10:45","modified_gmt":"2026-08-16T14:10:45","slug":"video-damares-alves-defende-sigilo-da-fonte-no-senado-e-faz-referencia-indireta-ao-stf","status":"publish","type":"post","link":"http:\/\/diadianews.com\/index.php\/2026\/08\/16\/video-damares-alves-defende-sigilo-da-fonte-no-senado-e-faz-referencia-indireta-ao-stf\/","title":{"rendered":"V\u00cdDEO: Damares Alves defende sigilo da fonte no Senado e faz refer\u00eancia indireta ao STF"},"content":{"rendered":"<div>\n<p class=\"wp-block-paragraph\">A jornalistas, parlamentar alertou para \u201cprecedentes perigosos\u201d contra a imprensa e refor\u00e7ou que \u201cningu\u00e9m est\u00e1 acima da lei\u201d.<\/p>\n<p>Em sess\u00e3o especial de anivers\u00e1rio da Associa\u00e7\u00e3o Brasileira de Jornalistas de Turismo (Abrajet), no Plen\u00e1rio do Senado, nesta sexta-feira (14), a senadora Damares Alves (Republicanos-DF) defendeu\u00a0a liberdade de imprensa e ao sigilo da fonte.\u00a0<\/p>\n<p class=\"wp-block-paragraph\">Em refer\u00eancias impl\u00edcitas \u00e0 atua\u00e7\u00e3o do Supremo Tribunal Federal (STF), ela afirmou que \u201cningu\u00e9m est\u00e1 acima da lei, com toga ou sem toga\u201d.<\/p>\n<p class=\"wp-block-paragraph\">A men\u00e7\u00e3o \u00e0 \u201ctoga\u201d remete diretamente \u00e0 vestimenta dos ministros do STF. A declara\u00e7\u00e3o acontece em um cen\u00e1rio de embates recorrentes entre alas do Congresso Nacional e o Judici\u00e1rio.\u00a0<\/p>\n<p class=\"wp-block-paragraph\"><strong>Assista: <\/strong><a href=\"https:\/\/click.knewin360.com\/Click\/click\/eyJhbGciOiJIUzI1NiIsInR5cCI6IkpXVCJ9.eyJjYW1wYWlnbklkIjoiNDE0Y2M5ZTMtNmY1Yy00MTQxLWJjZGQtMDhkZWU5OGViYzNjIiwicGVyc29uSWQiOiI0Zjg4YTQwMC0wMGNkLTRhNzgtODhiYS05YzhlZjllNDRhNjUiLCJlbWFpbCI6ImpyZGlhZGlhQHRlcnJhLmNvbS5iciIsInVybCI6Imh0dHBzOi8vYWJyZS5haS9za3FOIiwiaXNTZWdtZW50YXRpb24iOiJUcnVlIiwibmJmIjoxNzg2NzM5NTk0LCJleHAiOjE3ODkzMzE1OTQsImlhdCI6MTc4NjczOTU5NH0.0dvHSZoOQ-6s84tmP3r2eQBzL5Le9RbVbcPjkxVgF94\" target=\"_blank\" rel=\"noreferrer noopener\"><strong>https:\/\/abre.ai\/skqN<\/strong><\/a><\/p>\n<p class=\"wp-block-paragraph\">Inqu\u00e9ritos conduzidos pela Corte que resultaram em quebras de sigilo, bloqueios de contas e investiga\u00e7\u00f5es sobre dissemina\u00e7\u00e3o de informa\u00e7\u00f5es e atua\u00e7\u00e3o de comunicadores t\u00eam sido alvo de questionamentos por parte de parlamentares.<\/p>\n<p class=\"wp-block-paragraph\">Damares Alves classificou o sigilo da fonte como uma garantia constitucional e um \u201cpilar da nossa democracia\u201d. <\/p>\n<p class=\"wp-block-paragraph\">A senadora argumentou que a legisla\u00e7\u00e3o deve proteger as liberdades individuais, e n\u00e3o \u201cintimidar ou calar quem est\u00e1 apenas fazendo o seu trabalho de informar\u201d.<\/p>\n<p class=\"wp-block-paragraph\">A parlamentar relatou acompanhar o notici\u00e1rio e observar a abertura de \u201cprecedentes perigosos\u201d no Brasil. Ela alertou que violar o direito do profissional de resguardar o informante significa enfraquecer o regime democr\u00e1tico.\u00a0<\/p>\n<p class=\"wp-block-paragraph\">\u201cSe o jornalista n\u00e3o tem a garantia de que pode proteger quem traz a informa\u00e7\u00e3o, o trabalho do jornalista simplesmente n\u00e3o acontece\u201d, declarou.<\/p>\n<p class=\"wp-block-paragraph\">A senadora encerrou o discurso com um recado direcionado aos profissionais de comunica\u00e7\u00e3o do pa\u00eds. Ela pediu que a categoria continue atuando de cabe\u00e7a erguida, com independ\u00eancia e \u201csem temor\u201d, assegurando que a Casa Legislativa respeita o trabalho da imprensa.<\/p>\n<p class=\"wp-block-paragraph\"><em>Foto: Ton Molina\/Ag\u00eancia Senado<\/em><\/p>\n<p class=\"wp-block-paragraph\">Imprensa Damares Alves<\/p>\n<p><!-- bloco-portais-jbr --><\/p>\n<div class=\"box-portais-jbr\" style=\"border:1px solid #e0e0e0;padding:16px 18px;margin:24px 0;border-radius:8px;background:#f9f9f9;font-size:0.95rem;\">\n<p style=\"margin:0 0 10px 0;font-weight:600;\">\n        Continue sempre bem informado acessando nossos portais:\n    <\/p>\n<ul style=\"margin:0;padding-left:20px;\">\n<li style=\"margin-bottom:8px;\">\n            <strong><a href=\"https:\/\/jornaldiadia.com.br\/\" target=\"_blank\" rel=\"noopener\" style=\"text-decoration:none;\">Jornal Dia Dia<\/a><\/strong> \u2013<br \/>\n            Sua fonte confi\u00e1vel para as melhores not\u00edcias e artigos \u00fateis. Fique por dentro dos acontecimentos mais importantes, dicas pr\u00e1ticas e conte\u00fados de qualidade.\n        <\/li>\n<li style=\"margin-bottom:8px;\">\n            <strong><a href=\"https:\/\/jbr.jor.br\/\" target=\"_blank\" rel=\"noopener\" style=\"text-decoration:none;\">Jornal Brasil Regional (JBR)<\/a><\/strong> \u2013<br \/>\n            O pulso do pa\u00eds em tempo real. Not\u00edcias nacionais, regionais e internacionais com \u00e9tica e credibilidade.\n        <\/li>\n<li style=\"margin-bottom:8px;\">\n            <strong><a href=\"https:\/\/castilho.jor.br\/\" target=\"_blank\" rel=\"noopener\" style=\"text-decoration:none;\">Castilho Not\u00edcias (News)<\/a><\/strong> \u2013<br \/>\n            O seu di\u00e1rio local com cobertura de Castilho e Regi\u00e3o (SP). Jornalismo com credibilidade.\n        <\/li>\n<li style=\"margin-bottom:8px;\">\n            <strong><a href=\"https:\/\/casaejardim.net.br\/\" target=\"_blank\" rel=\"noopener\" style=\"text-decoration:none;\">Casa e Jardim<\/a><\/strong> \u2013<br \/>\n            Dicas exclusivas sobre decora\u00e7\u00e3o, jardinagem, arquitetura, DIY, reformas e muito mais. Tend\u00eancias, solu\u00e7\u00f5es pr\u00e1ticas e ideias criativas para todos os estilos e or\u00e7amentos.\n        <\/li>\n<li style=\"margin-bottom:0;\">\n            <strong><a href=\"https:\/\/b10.net.br\/\" target=\"_blank\" rel=\"noopener\" style=\"text-decoration:none;\">B10 Brasil<\/a><\/strong> \u2013<br \/>\n            As principais not\u00edcias, an\u00e1lises e insights sobre neg\u00f3cios, economia e soberania nacional. Conectando o Brasil ao mundo com intelig\u00eancia e estrat\u00e9gia.\n        <\/li>\n<\/ul>\n<\/div>\n<p><!-- \/bloco-portais-jbr --><\/div>\n","protected":false},"excerpt":{"rendered":"<p>A jornalistas, parlamentar alertou para \u201cprecedentes perigosos\u201d contra a imprensa e refor\u00e7ou que \u201cningu\u00e9m est\u00e1 acima da lei\u201d. Em sess\u00e3o especial de anivers\u00e1rio da Associa\u00e7\u00e3o Brasileira de Jornalistas de Turismo (Abrajet), no Plen\u00e1rio do Senado, nesta sexta-feira (14), a senadora Damares Alves (Republicanos-DF) defendeu\u00a0a liberdade de imprensa e ao sigilo<span class=\"more-link\"><a href=\"http:\/\/diadianews.com\/index.php\/2026\/08\/16\/video-damares-alves-defende-sigilo-da-fonte-no-senado-e-faz-referencia-indireta-ao-stf\/\">Continue Reading<\/a><\/span><\/p>\n","protected":false},"author":1,"featured_media":6805,"comment_status":"closed","ping_status":"closed","sticky":false,"template":"","format":"standard","meta":{"footnotes":""},"categories":[1],"tags":[],"class_list":["entry","author-valdei","post-6804","post","type-post","status-publish","format-standard","has-post-thumbnail","category-news-do-dia"],"_links":{"self":[{"href":"http:\/\/diadianews.com\/index.php\/wp-json\/wp\/v2\/posts\/6804","targetHints":{"allow":["GET"]}}],"collection":[{"href":"http:\/\/diadianews.com\/index.php\/wp-json\/wp\/v2\/posts"}],"about":[{"href":"http:\/\/diadianews.com\/index.php\/wp-json\/wp\/v2\/types\/post"}],"author":[{"embeddable":true,"href":"http:\/\/diadianews.com\/index.php\/wp-json\/wp\/v2\/users\/1"}],"replies":[{"embeddable":true,"href":"http:\/\/diadianews.com\/index.php\/wp-json\/wp\/v2\/comments?post=6804"}],"version-history":[{"count":0,"href":"http:\/\/diadianews.com\/index.php\/wp-json\/wp\/v2\/posts\/6804\/revisions"}],"wp:featuredmedia":[{"embeddable":true,"href":"http:\/\/diadianews.com\/index.php\/wp-json\/wp\/v2\/media\/6805"}],"wp:attachment":[{"href":"http:\/\/diadianews.com\/index.php\/wp-json\/wp\/v2\/media?parent=6804"}],"wp:term":[{"taxonomy":"category","embeddable":true,"href":"http:\/\/diadianews.com\/index.php\/wp-json\/wp\/v2\/categories?post=6804"},{"taxonomy":"post_tag","embeddable":true,"href":"http:\/\/diadianews.com\/index.php\/wp-json\/wp\/v2\/tags?post=6804"}],"curies":[{"name":"wp","href":"https:\/\/api.w.org\/{rel}","templated":true}]}}