{"id":6806,"date":"2026-08-16T11:43:26","date_gmt":"2026-08-16T14:43:26","guid":{"rendered":"https:\/\/diadianews.com\/index.php\/2026\/08\/16\/fabio-trad-prioriza-interior-e-deixa-campo-grande-para-reta-final-da-campanha\/"},"modified":"2026-08-16T11:43:26","modified_gmt":"2026-08-16T14:43:26","slug":"fabio-trad-prioriza-interior-e-deixa-campo-grande-para-reta-final-da-campanha","status":"publish","type":"post","link":"http:\/\/diadianews.com\/index.php\/2026\/08\/16\/fabio-trad-prioriza-interior-e-deixa-campo-grande-para-reta-final-da-campanha\/","title":{"rendered":"F\u00e1bio Trad prioriza interior e deixa Campo Grande para reta final da campanha"},"content":{"rendered":"<div>\n<p class=\"wp-block-paragraph\">Candidato do PT diz j\u00e1 ter passado por 60 munic\u00edpios e aposta em propostas com responsabilidade fiscal e social e nos debates para apresentar seu projeto<\/p>\n<p class=\"wp-block-paragraph\"><img decoding=\"async\" src=\"https:\/\/jornaldoestadoms.com.br\/images\/Calendario.svg\"> 16\/08\/2026 Pol\u00edtica <img decoding=\"async\" src=\"https:\/\/jornaldoestadoms.com.br\/images\/Relogio.svg\"> 07:00 DA REDA\u00c7\u00c3O \u2013 Foto: \u00a9DIVULGA\u00c7\u00c3O<\/p>\n<p class=\"wp-block-paragraph\">O candidato ao Governo de <strong>Mato Grosso do Sul, F\u00e1bio Trad (PT)<\/strong>, pretende concentrar a reta final da campanha eleitoral em <strong>Campo Grande<\/strong>, depois de dedicar boa parte da pr\u00e9-campanha e das pr\u00f3ximas agendas aos munic\u00edpios do interior. A estrat\u00e9gia foi apresentada neste <strong>domingo (16)<\/strong>, primeiro dia oficial da campanha eleitoral.<\/p>\n<p class=\"wp-block-paragraph\">Trad afirmou que sua caravana j\u00e1 percorreu <strong>60 munic\u00edpios sul-mato-grossenses<\/strong> durante a fase anterior ao in\u00edcio oficial da disputa. O planejamento agora \u00e9 ampliar as visitas pelo interior antes de direcionar a mobiliza\u00e7\u00e3o para a Capital nos \u00faltimos dias que antecedem a vota\u00e7\u00e3o.<\/p>\n<p class=\"wp-block-paragraph\"><em>\u201cJ\u00e1 fizemos 60 [munic\u00edpios]. Agora vamos fazer mais 43 e, na reta final, vamos fazer Campo Grande\u201d<\/em>, afirmou.<\/p>\n<p class=\"wp-block-paragraph\">Campanhase elei\u00e7\u00f5es<\/p>\n<p class=\"wp-block-paragraph\">A estrat\u00e9gia coloca o contato com os eleitores do interior como uma das prioridades desta etapa da campanha. Campo Grande, maior col\u00e9gio eleitoral do Estado, dever\u00e1 ganhar maior aten\u00e7\u00e3o posteriormente.<\/p>\n<h3 class=\"wp-block-heading\">Propostas com responsabilidade fiscal e social<\/h3>\n<p class=\"wp-block-paragraph\">Ao falar sobre o perfil que pretende imprimir \u00e0 disputa, Trad afirmou que a campanha dever\u00e1 apresentar diagn\u00f3sticos sobre os problemas enfrentados pela popula\u00e7\u00e3o e propostas que, segundo ele, possam efetivamente ser executadas caso seja eleito.<\/p>\n<p class=\"wp-block-paragraph\">O candidato defendeu equil\u00edbrio entre compromissos sociais e capacidade financeira do poder p\u00fablico.<\/p>\n<p class=\"wp-block-paragraph\"><em>\u201c\u00c9 uma festa democr\u00e1tica, mas que tem que ser conduzida de forma s\u00e9ria, porque os problemas do povo s\u00e3o s\u00e9rios e graves. Portanto, n\u00f3s vamos fazer uma campanha com diagn\u00f3sticos e propostas muito claras, propostas que s\u00e3o poss\u00edveis de serem realizadas, com responsabilidade social e fiscal\u201d<\/em>, declarou.<\/p>\n<p class=\"wp-block-paragraph\">Materialde refer\u00eancia geogr\u00e1fica<\/p>\n<p class=\"wp-block-paragraph\">A viabilidade das propostas dever\u00e1 ser um dos argumentos utilizados pelo petista durante a campanha, tanto nas atividades presenciais quanto na comunica\u00e7\u00e3o pelas redes sociais.<\/p>\n<h3 class=\"wp-block-heading\">Trad aposta no peso dos debates<\/h3>\n<p class=\"wp-block-paragraph\">Outro ponto considerado importante pelo candidato ser\u00e1 a participa\u00e7\u00e3o nos <strong>debates eleitorais promovidos por emissoras de televis\u00e3o e r\u00e1dio<\/strong>.<\/p>\n<p class=\"wp-block-paragraph\">Trad avalia que esses encontros poder\u00e3o influenciar a decis\u00e3o do eleitor e defende a presen\u00e7a dos candidatos para permitir a compara\u00e7\u00e3o direta entre propostas e posicionamentos.<\/p>\n<p class=\"wp-block-paragraph\"><em>\u201cAcredito [que os debates v\u00e3o ser decisivos] como foram decisivos nas elei\u00e7\u00f5es anteriores. Agora \u00e9 preciso que todos estejam presentes para que a popula\u00e7\u00e3o possa escolher e ter uma no\u00e7\u00e3o exata do que \u00e9 promessa inexequ\u00edvel e do que \u00e9 promessa pass\u00edvel de ser cumprida\u201d<\/em>, disse.<\/p>\n<p class=\"wp-block-paragraph\">Discursoem p\u00fablico<\/p>\n<p class=\"wp-block-paragraph\">Para o candidato, o confronto de ideias tamb\u00e9m permitir\u00e1 ao eleitor analisar os planos apresentados durante a campanha antes de definir o voto.<\/p>\n<p class=\"wp-block-paragraph\"><em>\u201cAcho que os debates s\u00e3o fundamentais para que a popula\u00e7\u00e3o possa comparar. Isso \u00e9 muito importante numa democracia, que a popula\u00e7\u00e3o tenha o direito de ver todos os candidatos se manifestarem para poder comparar com crit\u00e9rio\u201d<\/em>, acrescentou.<\/p>\n<h3 class=\"wp-block-heading\">Campanha nas ruas e nas redes<\/h3>\n<p class=\"wp-block-paragraph\">A orienta\u00e7\u00e3o transmitida por Trad para a milit\u00e2ncia \u00e9 manter uma campanha voltada \u00e0 apresenta\u00e7\u00e3o de propostas e evitar compromissos que, na avalia\u00e7\u00e3o da candidatura, n\u00e3o tenham condi\u00e7\u00f5es t\u00e9cnicas ou financeiras de serem executados.<\/p>\n<p class=\"wp-block-paragraph\">A mesma linha dever\u00e1 orientar a comunica\u00e7\u00e3o eleitoral nas ruas e nas plataformas digitais durante as pr\u00f3ximas semanas.<\/p>\n<p class=\"wp-block-paragraph\">Campanhase elei\u00e7\u00f5es<\/p>\n<p class=\"wp-block-paragraph\"><em>\u201cA estrat\u00e9gia \u00e9 fazer uma campanha \u00e9tica, entusiasmada, uma campanha muito leve para a milit\u00e2ncia, mas extremamente correta, honesta para a popula\u00e7\u00e3o. N\u00f3s n\u00e3o vamos tra\u00e7ar diagn\u00f3sticos que n\u00e3o sejam aqueles exatamente correspondentes \u00e0 realidade e nem propostas que n\u00e3o sejam pass\u00edveis de serem cumpridas\u201d<\/em>, afirmou.<\/p>\n<p class=\"wp-block-paragraph\">Com a campanha oficialmente aberta, <strong>F\u00e1bio Trad<\/strong> pretende completar o roteiro pelo interior antes de intensificar sua presen\u00e7a em <strong>Campo Grande<\/strong>, onde dever\u00e1 concentrar parte importante da mobiliza\u00e7\u00e3o na reta final da disputa pelo Governo de Mato Grosso do Sul.<\/p>\n<p class=\"wp-block-paragraph\">Jornal do Estado MS<\/p>\n<p><!-- bloco-portais-jbr --><\/p>\n<div class=\"box-portais-jbr\" style=\"border:1px solid #e0e0e0;padding:16px 18px;margin:24px 0;border-radius:8px;background:#f9f9f9;font-size:0.95rem;\">\n<p style=\"margin:0 0 10px 0;font-weight:600;\">\n        Continue sempre bem informado acessando nossos portais:\n    <\/p>\n<ul style=\"margin:0;padding-left:20px;\">\n<li style=\"margin-bottom:8px;\">\n            <strong><a href=\"https:\/\/jornaldiadia.com.br\/\" target=\"_blank\" rel=\"noopener\" style=\"text-decoration:none;\">Jornal Dia Dia<\/a><\/strong> \u2013<br \/>\n            Sua fonte confi\u00e1vel para as melhores not\u00edcias e artigos \u00fateis. Fique por dentro dos acontecimentos mais importantes, dicas pr\u00e1ticas e conte\u00fados de qualidade.\n        <\/li>\n<li style=\"margin-bottom:8px;\">\n            <strong><a href=\"https:\/\/jbr.jor.br\/\" target=\"_blank\" rel=\"noopener\" style=\"text-decoration:none;\">Jornal Brasil Regional (JBR)<\/a><\/strong> \u2013<br \/>\n            O pulso do pa\u00eds em tempo real. Not\u00edcias nacionais, regionais e internacionais com \u00e9tica e credibilidade.\n        <\/li>\n<li style=\"margin-bottom:8px;\">\n            <strong><a href=\"https:\/\/castilho.jor.br\/\" target=\"_blank\" rel=\"noopener\" style=\"text-decoration:none;\">Castilho Not\u00edcias (News)<\/a><\/strong> \u2013<br \/>\n            O seu di\u00e1rio local com cobertura de Castilho e Regi\u00e3o (SP). Jornalismo com credibilidade.\n        <\/li>\n<li style=\"margin-bottom:8px;\">\n            <strong><a href=\"https:\/\/casaejardim.net.br\/\" target=\"_blank\" rel=\"noopener\" style=\"text-decoration:none;\">Casa e Jardim<\/a><\/strong> \u2013<br \/>\n            Dicas exclusivas sobre decora\u00e7\u00e3o, jardinagem, arquitetura, DIY, reformas e muito mais. Tend\u00eancias, solu\u00e7\u00f5es pr\u00e1ticas e ideias criativas para todos os estilos e or\u00e7amentos.\n        <\/li>\n<li style=\"margin-bottom:0;\">\n            <strong><a href=\"https:\/\/b10.net.br\/\" target=\"_blank\" rel=\"noopener\" style=\"text-decoration:none;\">B10 Brasil<\/a><\/strong> \u2013<br \/>\n            As principais not\u00edcias, an\u00e1lises e insights sobre neg\u00f3cios, economia e soberania nacional. Conectando o Brasil ao mundo com intelig\u00eancia e estrat\u00e9gia.\n        <\/li>\n<\/ul>\n<\/div>\n<p><!-- \/bloco-portais-jbr --><\/div>\n","protected":false},"excerpt":{"rendered":"<p>Candidato do PT diz j\u00e1 ter passado por 60 munic\u00edpios e aposta em propostas com responsabilidade fiscal e social e nos debates para apresentar seu projeto 16\/08\/2026 Pol\u00edtica 07:00 DA REDA\u00c7\u00c3O \u2013 Foto: \u00a9DIVULGA\u00c7\u00c3O O candidato ao Governo de Mato Grosso do Sul, F\u00e1bio Trad (PT), pretende concentrar a reta<span class=\"more-link\"><a href=\"http:\/\/diadianews.com\/index.php\/2026\/08\/16\/fabio-trad-prioriza-interior-e-deixa-campo-grande-para-reta-final-da-campanha\/\">Continue Reading<\/a><\/span><\/p>\n","protected":false},"author":1,"featured_media":6807,"comment_status":"closed","ping_status":"closed","sticky":false,"template":"","format":"standard","meta":{"footnotes":""},"categories":[1],"tags":[],"class_list":["entry","author-valdei","post-6806","post","type-post","status-publish","format-standard","has-post-thumbnail","category-news-do-dia"],"_links":{"self":[{"href":"http:\/\/diadianews.com\/index.php\/wp-json\/wp\/v2\/posts\/6806","targetHints":{"allow":["GET"]}}],"collection":[{"href":"http:\/\/diadianews.com\/index.php\/wp-json\/wp\/v2\/posts"}],"about":[{"href":"http:\/\/diadianews.com\/index.php\/wp-json\/wp\/v2\/types\/post"}],"author":[{"embeddable":true,"href":"http:\/\/diadianews.com\/index.php\/wp-json\/wp\/v2\/users\/1"}],"replies":[{"embeddable":true,"href":"http:\/\/diadianews.com\/index.php\/wp-json\/wp\/v2\/comments?post=6806"}],"version-history":[{"count":0,"href":"http:\/\/diadianews.com\/index.php\/wp-json\/wp\/v2\/posts\/6806\/revisions"}],"wp:featuredmedia":[{"embeddable":true,"href":"http:\/\/diadianews.com\/index.php\/wp-json\/wp\/v2\/media\/6807"}],"wp:attachment":[{"href":"http:\/\/diadianews.com\/index.php\/wp-json\/wp\/v2\/media?parent=6806"}],"wp:term":[{"taxonomy":"category","embeddable":true,"href":"http:\/\/diadianews.com\/index.php\/wp-json\/wp\/v2\/categories?post=6806"},{"taxonomy":"post_tag","embeddable":true,"href":"http:\/\/diadianews.com\/index.php\/wp-json\/wp\/v2\/tags?post=6806"}],"curies":[{"name":"wp","href":"https:\/\/api.w.org\/{rel}","templated":true}]}}