{"id":6808,"date":"2026-08-16T11:49:59","date_gmt":"2026-08-16T14:49:59","guid":{"rendered":"https:\/\/diadianews.com\/index.php\/2026\/08\/16\/lula-e-flavio-chegam-a-campanha-separados-por-apenas-tres-pontos-na-pesquisa-mais-recente\/"},"modified":"2026-08-16T11:49:59","modified_gmt":"2026-08-16T14:49:59","slug":"lula-e-flavio-chegam-a-campanha-separados-por-apenas-tres-pontos-na-pesquisa-mais-recente","status":"publish","type":"post","link":"http:\/\/diadianews.com\/index.php\/2026\/08\/16\/lula-e-flavio-chegam-a-campanha-separados-por-apenas-tres-pontos-na-pesquisa-mais-recente\/","title":{"rendered":"Lula e Fl\u00e1vio chegam \u00e0 campanha separados por apenas tr\u00eas pontos na pesquisa mais recente"},"content":{"rendered":"<div>\n<p class=\"wp-block-paragraph\">Corrida presidencial come\u00e7a mais apertada que em 2022, com levantamentos indicando vantagem menor de Lula e empate t\u00e9cnico no cen\u00e1rio da Quaest<\/p>\n<figure class=\"wp-block-image\"><img decoding=\"async\" src=\"https:\/\/jornaldoestadoms.com.br\/images\/Calendario.svg\" alt=\"\"><\/figure>\n<p class=\"wp-block-paragraph\">16\/08\/2026 Materialde refer\u00eancia geogr\u00e1fica <img decoding=\"async\" src=\"https:\/\/jornaldoestadoms.com.br\/images\/Relogio.svg\"> 06:30 DA REDA\u00c7\u00c3O \u2013 Foto: \u00a9REPRODU\u00c7\u00c3O<\/p>\n<p class=\"wp-block-paragraph\">A disputa pelo <strong>Pal\u00e1cio do Planalto<\/strong> entra oficialmente na fase de campanha com um cen\u00e1rio bem mais apertado do que o observado no mesmo per\u00edodo das duas \u00faltimas elei\u00e7\u00f5es presidenciais. <\/p>\n<p class=\"wp-block-paragraph\">O presidente <strong>Luiz In\u00e1cio Lula da Silva (PT)<\/strong> permanece numericamente \u00e0 frente do senador <strong>Fl\u00e1vio Bolsonaro (PL)<\/strong>, mas levantamentos recentes mostram diferen\u00e7as que variam de <strong>3 a 8,9 pontos percentuais<\/strong> em simula\u00e7\u00f5es de segundo turno.<\/p>\n<p class=\"wp-block-paragraph\">A fotografia mais recente \u00e9 da <strong>Quaest<\/strong>, divulgada na <strong>sexta-feira (14)<\/strong>. Lula aparece com <strong>43% das inten\u00e7\u00f5es de voto<\/strong>, enquanto Fl\u00e1vio Bolsonaro registra <strong>40%<\/strong>. Como a margem de erro \u00e9 de <strong>dois pontos percentuais<\/strong>, os dois est\u00e3o tecnicamente empatados.<\/p>\n<p class=\"wp-block-paragraph\">O resultado chama aten\u00e7\u00e3o principalmente quando comparado ao cen\u00e1rio eleitoral de quatro anos atr\u00e1s. Em levantamento da mesma Quaest divulgado em <strong>17 de agosto de 2022<\/strong>, Lula alcan\u00e7ava <strong>51%<\/strong>, contra <strong>38% de Jair Bolsonaro (PL)<\/strong>. Naquele momento, a vantagem do petista era de <strong>13 pontos<\/strong>, dez a mais que a diferen\u00e7a registrada agora contra Fl\u00e1vio.<\/p>\n<p class=\"wp-block-paragraph\">Pol\u00edtica<\/p>\n<h3 class=\"wp-block-heading\">Datafolha tamb\u00e9m mostra redu\u00e7\u00e3o da vantagem<\/h3>\n<p class=\"wp-block-paragraph\">A mesma tend\u00eancia aparece nos n\u00fameros do <strong>Datafolha<\/strong>. Na pesquisa divulgada em <strong>24 de julho de 2026<\/strong>, Lula marcou <strong>48%<\/strong>, enquanto Fl\u00e1vio Bolsonaro chegou a <strong>43%<\/strong>, deixando a dist\u00e2ncia entre os dois em <strong>cinco pontos percentuais<\/strong>.<\/p>\n<p class=\"wp-block-paragraph\">Quatro anos antes, o quadro era consideravelmente diferente. Em <strong>22 de julho de 2022<\/strong>, o Datafolha apontava Lula com <strong>55%<\/strong> e Jair Bolsonaro com <strong>35%<\/strong> em uma simula\u00e7\u00e3o de segundo turno. A diferen\u00e7a, naquele momento, alcan\u00e7ava <strong>20 pontos percentuais<\/strong>.<\/p>\n<p class=\"wp-block-paragraph\">A <strong>CNT\/MDA<\/strong> apresenta uma vantagem maior para o atual presidente, embora tamb\u00e9m inferior \u00e0 registrada no per\u00edodo correspondente da elei\u00e7\u00e3o passada. No levantamento divulgado em <strong>11 de agosto<\/strong>, Lula alcan\u00e7ou <strong>48%<\/strong>, diante de <strong>39,1% de Fl\u00e1vio Bolsonaro<\/strong>, uma diferen\u00e7a de <strong>8,9 pontos<\/strong>.<\/p>\n<p class=\"wp-block-paragraph\">Em <strong>2022<\/strong>, pesquisa do mesmo instituto colocava Lula com <strong>50,1%<\/strong> e Jair Bolsonaro com <strong>38,8%<\/strong>, dist\u00e2ncia de <strong>11,3 pontos percentuais<\/strong>.<\/p>\n<h3 class=\"wp-block-heading\">Pesquisas mostram corrida mais apertada<\/h3>\n<p class=\"wp-block-paragraph\">A compara\u00e7\u00e3o dos principais levantamentos evidencia a mudan\u00e7a no ambiente eleitoral:<\/p>\n<p class=\"wp-block-paragraph\">Campanhase elei\u00e7\u00f5es<\/p>\n<p class=\"wp-block-paragraph\"><strong>Quaest<\/strong><\/p>\n<ul class=\"wp-block-list\">\n<li><strong>14 de agosto de 2026:<\/strong> Lula <strong>43%<\/strong> x <strong>40%<\/strong> Fl\u00e1vio Bolsonaro, diferen\u00e7a de <strong>3 pontos<\/strong><\/li>\n<li><strong>17 de agosto de 2022:<\/strong> Lula <strong>51%<\/strong> x <strong>38%<\/strong> Jair Bolsonaro, diferen\u00e7a de <strong>13 pontos<\/strong><\/li>\n<\/ul>\n<p class=\"wp-block-paragraph\"><strong>Datafolha<\/strong><\/p>\n<ul class=\"wp-block-list\">\n<li><strong>24 de julho de 2026:<\/strong> Lula <strong>48%<\/strong> x <strong>43%<\/strong> Fl\u00e1vio Bolsonaro, diferen\u00e7a de <strong>5 pontos<\/strong><\/li>\n<li><strong>22 de julho de 2022:<\/strong> Lula <strong>55%<\/strong> x <strong>35%<\/strong> Jair Bolsonaro, diferen\u00e7a de <strong>20 pontos<\/strong><\/li>\n<\/ul>\n<p class=\"wp-block-paragraph\"><strong>CNT\/MDA<\/strong><\/p>\n<ul class=\"wp-block-list\">\n<li><strong>11 de agosto de 2026:<\/strong> Lula <strong>48%<\/strong> x <strong>39,1%<\/strong> Fl\u00e1vio Bolsonaro, diferen\u00e7a de <strong>8,9 pontos<\/strong><\/li>\n<li><strong>2022:<\/strong> Lula <strong>50,1%<\/strong> x <strong>38,8%<\/strong> Jair Bolsonaro, diferen\u00e7a de <strong>11,3 pontos<\/strong><\/li>\n<\/ul>\n<p class=\"wp-block-paragraph\">Os tr\u00eas levantamentos, portanto, colocam Lula numericamente na lideran\u00e7a, mas indicam uma dist\u00e2ncia menor para seu principal advers\u00e1rio do que aquela registrada contra Jair Bolsonaro em per\u00edodos semelhantes da campanha presidencial de <strong>2022<\/strong>.<\/p>\n<h3 class=\"wp-block-heading\">Vantagem nas pesquisas caiu at\u00e9 as urnas em 2022<\/h3>\n<p class=\"wp-block-paragraph\">A experi\u00eancia da \u00faltima elei\u00e7\u00e3o tamb\u00e9m mostra que diferen\u00e7as expressivas durante a campanha podem diminuir at\u00e9 a vota\u00e7\u00e3o.<\/p>\n<p class=\"wp-block-paragraph\">Embora Lula tenha aparecido com vantagens maiores em diferentes pesquisas realizadas durante <strong>2022<\/strong>, a decis\u00e3o nas urnas terminou com a menor diferen\u00e7a entre candidatos \u00e0 Presid\u00eancia desde a redemocratiza\u00e7\u00e3o.<\/p>\n<p class=\"wp-block-paragraph\">No segundo turno, Lula foi eleito com <strong>50,9% dos votos v\u00e1lidos<\/strong>, enquanto Jair Bolsonaro obteve <strong>49,1%<\/strong>. A dist\u00e2ncia final ficou em apenas <strong>1,8 ponto percentual<\/strong>.<\/p>\n<p class=\"wp-block-paragraph\">A redu\u00e7\u00e3o ocorrida entre as pesquisas realizadas meses antes e o resultado definitivo ajuda a explicar por que o atual cen\u00e1rio, j\u00e1 marcado por diferen\u00e7as menores, aumenta a import\u00e2ncia das pr\u00f3ximas semanas de campanha.<\/p>\n<h3 class=\"wp-block-heading\">Em 2018, diferen\u00e7as tamb\u00e9m eram maiores<\/h3>\n<p class=\"wp-block-paragraph\">O quadro observado h\u00e1 oito anos tamb\u00e9m apresentava vantagens mais amplas, embora a elei\u00e7\u00e3o tivesse uma configura\u00e7\u00e3o diferente.<\/p>\n<p class=\"wp-block-paragraph\">Em <strong>2018<\/strong>, Lula liderava levantamentos enquanto estava preso ap\u00f3s condena\u00e7\u00e3o no \u00e2mbito da <strong>Opera\u00e7\u00e3o Lava Jato<\/strong>. Sua candidatura acabou impedida pelo <strong>Tribunal Superior Eleitoral (TSE)<\/strong>, e <strong>Fernando Haddad (PT)<\/strong> assumiu a candidatura presidencial.<\/p>\n<p class=\"wp-block-paragraph\">Pesquisa <strong>Datafolha<\/strong>, divulgada em <strong>16 de julho de 2018<\/strong>, mostrava <strong>Jair Bolsonaro<\/strong> com <strong>38%<\/strong> contra <strong>29% de Haddad<\/strong> em eventual segundo turno, uma diferen\u00e7a de <strong>nove pontos percentuais<\/strong>.<\/p>\n<p class=\"wp-block-paragraph\">O instituto tamb\u00e9m simulou uma disputa direta entre Lula e Bolsonaro. Nesse cen\u00e1rio, o petista aparecia com <strong>52%<\/strong>, enquanto Bolsonaro registrava <strong>32%<\/strong>, vantagem de <strong>20 pontos<\/strong> para Lula.<\/p>\n<p class=\"wp-block-paragraph\">Nas urnas, Bolsonaro acabou eleito presidente com <strong>55,13% dos votos v\u00e1lidos<\/strong>, diante dos <strong>44,87% obtidos por Haddad<\/strong>.<\/p>\n<h3 class=\"wp-block-heading\">Campanha come\u00e7a sem vantagem confort\u00e1vel<\/h3>\n<p class=\"wp-block-paragraph\">O hist\u00f3rico das duas \u00faltimas elei\u00e7\u00f5es refor\u00e7a que pesquisas feitas no in\u00edcio da campanha representam um retrato daquele momento e n\u00e3o antecipam necessariamente o resultado das urnas.<\/p>\n<p class=\"wp-block-paragraph\">Campanhase elei\u00e7\u00f5es<\/p>\n<p class=\"wp-block-paragraph\">Em <strong>2026<\/strong>, por\u00e9m, h\u00e1 uma diferen\u00e7a importante: Lula inicia a fase decisiva da corrida presidencial sem as margens expressivas registradas em per\u00edodos equivalentes de <strong>2018 e 2022<\/strong>.<\/p>\n<p class=\"wp-block-paragraph\">Com <strong>Lula e Fl\u00e1vio Bolsonaro<\/strong> separados por apenas <strong>tr\u00eas pontos na pesquisa nacional mais recente<\/strong>, e tecnicamente empatados dentro da margem de erro da Quaest, a evolu\u00e7\u00e3o da campanha, o hor\u00e1rio eleitoral, os debates e a movimenta\u00e7\u00e3o dos eleitores ainda indecisos passam a ter peso ainda maior na defini\u00e7\u00e3o da disputa pelo <strong>Pal\u00e1cio do Planalto<\/strong>.<\/p>\n<p class=\"wp-block-paragraph\">Jornal do Estado MS<\/p>\n<p><!-- bloco-portais-jbr --><\/p>\n<div class=\"box-portais-jbr\" style=\"border:1px solid #e0e0e0;padding:16px 18px;margin:24px 0;border-radius:8px;background:#f9f9f9;font-size:0.95rem;\">\n<p style=\"margin:0 0 10px 0;font-weight:600;\">\n        Continue sempre bem informado acessando nossos portais:\n    <\/p>\n<ul style=\"margin:0;padding-left:20px;\">\n<li style=\"margin-bottom:8px;\">\n            <strong><a href=\"https:\/\/jornaldiadia.com.br\/\" target=\"_blank\" rel=\"noopener\" style=\"text-decoration:none;\">Jornal Dia Dia<\/a><\/strong> \u2013<br \/>\n            Sua fonte confi\u00e1vel para as melhores not\u00edcias e artigos \u00fateis. Fique por dentro dos acontecimentos mais importantes, dicas pr\u00e1ticas e conte\u00fados de qualidade.\n        <\/li>\n<li style=\"margin-bottom:8px;\">\n            <strong><a href=\"https:\/\/jbr.jor.br\/\" target=\"_blank\" rel=\"noopener\" style=\"text-decoration:none;\">Jornal Brasil Regional (JBR)<\/a><\/strong> \u2013<br \/>\n            O pulso do pa\u00eds em tempo real. Not\u00edcias nacionais, regionais e internacionais com \u00e9tica e credibilidade.\n        <\/li>\n<li style=\"margin-bottom:8px;\">\n            <strong><a href=\"https:\/\/castilho.jor.br\/\" target=\"_blank\" rel=\"noopener\" style=\"text-decoration:none;\">Castilho Not\u00edcias (News)<\/a><\/strong> \u2013<br \/>\n            O seu di\u00e1rio local com cobertura de Castilho e Regi\u00e3o (SP). Jornalismo com credibilidade.\n        <\/li>\n<li style=\"margin-bottom:8px;\">\n            <strong><a href=\"https:\/\/casaejardim.net.br\/\" target=\"_blank\" rel=\"noopener\" style=\"text-decoration:none;\">Casa e Jardim<\/a><\/strong> \u2013<br \/>\n            Dicas exclusivas sobre decora\u00e7\u00e3o, jardinagem, arquitetura, DIY, reformas e muito mais. Tend\u00eancias, solu\u00e7\u00f5es pr\u00e1ticas e ideias criativas para todos os estilos e or\u00e7amentos.\n        <\/li>\n<li style=\"margin-bottom:0;\">\n            <strong><a href=\"https:\/\/b10.net.br\/\" target=\"_blank\" rel=\"noopener\" style=\"text-decoration:none;\">B10 Brasil<\/a><\/strong> \u2013<br \/>\n            As principais not\u00edcias, an\u00e1lises e insights sobre neg\u00f3cios, economia e soberania nacional. Conectando o Brasil ao mundo com intelig\u00eancia e estrat\u00e9gia.\n        <\/li>\n<\/ul>\n<\/div>\n<p><!-- \/bloco-portais-jbr --><\/div>\n","protected":false},"excerpt":{"rendered":"<p>Corrida presidencial come\u00e7a mais apertada que em 2022, com levantamentos indicando vantagem menor de Lula e empate t\u00e9cnico no cen\u00e1rio da Quaest 16\/08\/2026 Materialde refer\u00eancia geogr\u00e1fica 06:30 DA REDA\u00c7\u00c3O \u2013 Foto: \u00a9REPRODU\u00c7\u00c3O A disputa pelo Pal\u00e1cio do Planalto entra oficialmente na fase de campanha com um cen\u00e1rio bem mais apertado<span class=\"more-link\"><a href=\"http:\/\/diadianews.com\/index.php\/2026\/08\/16\/lula-e-flavio-chegam-a-campanha-separados-por-apenas-tres-pontos-na-pesquisa-mais-recente\/\">Continue Reading<\/a><\/span><\/p>\n","protected":false},"author":1,"featured_media":6809,"comment_status":"closed","ping_status":"closed","sticky":false,"template":"","format":"standard","meta":{"footnotes":""},"categories":[32],"tags":[],"class_list":["entry","author-valdei","post-6808","post","type-post","status-publish","format-standard","has-post-thumbnail","category-destaque"],"_links":{"self":[{"href":"http:\/\/diadianews.com\/index.php\/wp-json\/wp\/v2\/posts\/6808","targetHints":{"allow":["GET"]}}],"collection":[{"href":"http:\/\/diadianews.com\/index.php\/wp-json\/wp\/v2\/posts"}],"about":[{"href":"http:\/\/diadianews.com\/index.php\/wp-json\/wp\/v2\/types\/post"}],"author":[{"embeddable":true,"href":"http:\/\/diadianews.com\/index.php\/wp-json\/wp\/v2\/users\/1"}],"replies":[{"embeddable":true,"href":"http:\/\/diadianews.com\/index.php\/wp-json\/wp\/v2\/comments?post=6808"}],"version-history":[{"count":0,"href":"http:\/\/diadianews.com\/index.php\/wp-json\/wp\/v2\/posts\/6808\/revisions"}],"wp:featuredmedia":[{"embeddable":true,"href":"http:\/\/diadianews.com\/index.php\/wp-json\/wp\/v2\/media\/6809"}],"wp:attachment":[{"href":"http:\/\/diadianews.com\/index.php\/wp-json\/wp\/v2\/media?parent=6808"}],"wp:term":[{"taxonomy":"category","embeddable":true,"href":"http:\/\/diadianews.com\/index.php\/wp-json\/wp\/v2\/categories?post=6808"},{"taxonomy":"post_tag","embeddable":true,"href":"http:\/\/diadianews.com\/index.php\/wp-json\/wp\/v2\/tags?post=6808"}],"curies":[{"name":"wp","href":"https:\/\/api.w.org\/{rel}","templated":true}]}}