{"id":6812,"date":"2026-08-16T11:55:35","date_gmt":"2026-08-16T14:55:35","guid":{"rendered":"https:\/\/diadianews.com\/index.php\/2026\/08\/16\/alex-manente-da-inicio-a-campanha-e-aparece-em-primeiro-lugar-em-pesquisa-no-abc\/"},"modified":"2026-08-16T11:55:35","modified_gmt":"2026-08-16T14:55:35","slug":"alex-manente-da-inicio-a-campanha-e-aparece-em-primeiro-lugar-em-pesquisa-no-abc","status":"publish","type":"post","link":"http:\/\/diadianews.com\/index.php\/2026\/08\/16\/alex-manente-da-inicio-a-campanha-e-aparece-em-primeiro-lugar-em-pesquisa-no-abc\/","title":{"rendered":"Alex Manente d\u00e1 in\u00edcio \u00e0 campanha e aparece em primeiro lugar em pesquisa no ABC"},"content":{"rendered":"<div>\n<p class=\"wp-block-paragraph\">No mesmo fim de semana em que Alex Manente (Cidadania-SP) deu a largada simb\u00f3lica em sua campanha \u00e0 reelei\u00e7\u00e3o durante uma corrida em Mau\u00e1, uma pesquisa de inten\u00e7\u00e3o de voto divulgada neste domingo (16) aponta o deputado federal na lideran\u00e7a da disputa pela C\u00e2mara dos Deputados na regi\u00e3o.<\/p>\n<p class=\"wp-block-paragraph\">O levantamento realizado pelo Instituto Vox Brasil ouviu presencialmente 2 mil eleitores em seus domic\u00edlios, nas sete cidades do ABCDMRR, entre os dias 11 e 14 de agosto. Na pesquisa espont\u00e2nea, quando os entrevistados n\u00e3o recebem uma lista de nomes, Alex Manente aparece em primeiro lugar, com 7,3% das inten\u00e7\u00f5es de voto. O ex-prefeito de Santo Andr\u00e9 Paulo Serra aparece na sequ\u00eancia, com 5,6%. Ao todo, 15 nomes foram citados pelos eleitores para deputado federal.<\/p>\n<p class=\"wp-block-paragraph\">Os n\u00fameros d\u00e3o contexto ao in\u00edcio da caminhada eleitoral de Manente. Neste domingo, o deputado escolheu a Corrida Lauroenche RUN, realizada em Mau\u00e1, para marcar o in\u00edcio oficial da campanha \u00e0 reelei\u00e7\u00e3o. Com o n\u00famero 23 no peito e fazendo refer\u00eancia ao n\u00famero eleitoral 2323, Manente participou da prova ao lado de apoiadores, interagiu com o p\u00fablico e agradeceu a pessoas que, segundo ele, contribu\u00edram para sua trajet\u00f3ria pol\u00edtica.<\/p>\n<p class=\"wp-block-paragraph\">Durante o evento, o parlamentar associou a largada da corrida ao come\u00e7o da jornada eleitoral e destacou disposi\u00e7\u00e3o para seguir representando a popula\u00e7\u00e3o. A escolha de uma atividade esportiva tamb\u00e9m refor\u00e7ou uma mensagem de proximidade com o p\u00fablico e de disposi\u00e7\u00e3o para enfrentar o per\u00edodo eleitoral, em uma estrat\u00e9gia que conecta a imagem de esfor\u00e7o, presen\u00e7a nas ruas e contato direto com os moradores do ABC.<\/p>\n<p class=\"wp-block-paragraph\">A pesquisa e o epis\u00f3dio em Mau\u00e1, portanto, colocam Manente em dois movimentos simult\u00e2neos neste in\u00edcio de campanha: de um lado, o desempenho eleitoral indicado pelo levantamento, que o posiciona na lideran\u00e7a entre os nomes lembrados espontaneamente para deputado federal no ABC; de outro, o in\u00edcio p\u00fablico de uma nova jornada pela reelei\u00e7\u00e3o, marcado por um evento popular e pela presen\u00e7a do parlamentar junto a apoiadores.<\/p>\n<p class=\"wp-block-paragraph\">O levantamento tem margem de erro de 2,2 pontos percentuais, para mais ou para menos, e n\u00edvel de confian\u00e7a de 95%. A pesquisa est\u00e1 registrada no TRE sob o n\u00famero 05511\/2026 para governador, senador, deputado estadual e deputado federal. Segundo o ABC Rep\u00f3rter, o estudo foi realizado com recursos pr\u00f3prios do Instituto Vox Brasil Opini\u00e3o e Pesquisas Ltda.<\/p>\n<p class=\"wp-block-paragraph\">Assim, a largada da campanha ocorre em um cen\u00e1rio de aten\u00e7\u00e3o pol\u00edtica para o deputado no ABC: enquanto Manente inicia oficialmente sua caminhada rumo \u00e0 reelei\u00e7\u00e3o, os primeiros n\u00fameros divulgados sobre a corrida para deputado federal colocam seu nome \u00e0 frente entre os eleitores que j\u00e1 manifestam espontaneamente sua prefer\u00eancia.<\/p>\n<p class=\"wp-block-paragraph\">Tiago Santiago<\/p>\n<p><!-- bloco-portais-jbr --><\/p>\n<div class=\"box-portais-jbr\" style=\"border:1px solid #e0e0e0;padding:16px 18px;margin:24px 0;border-radius:8px;background:#f9f9f9;font-size:0.95rem;\">\n<p style=\"margin:0 0 10px 0;font-weight:600;\">\n        Continue sempre bem informado acessando nossos portais:\n    <\/p>\n<ul style=\"margin:0;padding-left:20px;\">\n<li style=\"margin-bottom:8px;\">\n            <strong><a href=\"https:\/\/jornaldiadia.com.br\/\" target=\"_blank\" rel=\"noopener\" style=\"text-decoration:none;\">Jornal Dia Dia<\/a><\/strong> \u2013<br \/>\n            Sua fonte confi\u00e1vel para as melhores not\u00edcias e artigos \u00fateis. Fique por dentro dos acontecimentos mais importantes, dicas pr\u00e1ticas e conte\u00fados de qualidade.\n        <\/li>\n<li style=\"margin-bottom:8px;\">\n            <strong><a href=\"https:\/\/jbr.jor.br\/\" target=\"_blank\" rel=\"noopener\" style=\"text-decoration:none;\">Jornal Brasil Regional (JBR)<\/a><\/strong> \u2013<br \/>\n            O pulso do pa\u00eds em tempo real. Not\u00edcias nacionais, regionais e internacionais com \u00e9tica e credibilidade.\n        <\/li>\n<li style=\"margin-bottom:8px;\">\n            <strong><a href=\"https:\/\/castilho.jor.br\/\" target=\"_blank\" rel=\"noopener\" style=\"text-decoration:none;\">Castilho Not\u00edcias (News)<\/a><\/strong> \u2013<br \/>\n            O seu di\u00e1rio local com cobertura de Castilho e Regi\u00e3o (SP). Jornalismo com credibilidade.\n        <\/li>\n<li style=\"margin-bottom:8px;\">\n            <strong><a href=\"https:\/\/casaejardim.net.br\/\" target=\"_blank\" rel=\"noopener\" style=\"text-decoration:none;\">Casa e Jardim<\/a><\/strong> \u2013<br \/>\n            Dicas exclusivas sobre decora\u00e7\u00e3o, jardinagem, arquitetura, DIY, reformas e muito mais. Tend\u00eancias, solu\u00e7\u00f5es pr\u00e1ticas e ideias criativas para todos os estilos e or\u00e7amentos.\n        <\/li>\n<li style=\"margin-bottom:0;\">\n            <strong><a href=\"https:\/\/b10.net.br\/\" target=\"_blank\" rel=\"noopener\" style=\"text-decoration:none;\">B10 Brasil<\/a><\/strong> \u2013<br \/>\n            As principais not\u00edcias, an\u00e1lises e insights sobre neg\u00f3cios, economia e soberania nacional. Conectando o Brasil ao mundo com intelig\u00eancia e estrat\u00e9gia.\n        <\/li>\n<\/ul>\n<\/div>\n<p><!-- \/bloco-portais-jbr --><\/div>\n","protected":false},"excerpt":{"rendered":"<p>No mesmo fim de semana em que Alex Manente (Cidadania-SP) deu a largada simb\u00f3lica em sua campanha \u00e0 reelei\u00e7\u00e3o durante uma corrida em Mau\u00e1, uma pesquisa de inten\u00e7\u00e3o de voto divulgada neste domingo (16) aponta o deputado federal na lideran\u00e7a da disputa pela C\u00e2mara dos Deputados na regi\u00e3o. O levantamento<span class=\"more-link\"><a href=\"http:\/\/diadianews.com\/index.php\/2026\/08\/16\/alex-manente-da-inicio-a-campanha-e-aparece-em-primeiro-lugar-em-pesquisa-no-abc\/\">Continue Reading<\/a><\/span><\/p>\n","protected":false},"author":1,"featured_media":6813,"comment_status":"closed","ping_status":"closed","sticky":false,"template":"","format":"standard","meta":{"footnotes":""},"categories":[1],"tags":[],"class_list":["entry","author-valdei","post-6812","post","type-post","status-publish","format-standard","has-post-thumbnail","category-news-do-dia"],"_links":{"self":[{"href":"http:\/\/diadianews.com\/index.php\/wp-json\/wp\/v2\/posts\/6812","targetHints":{"allow":["GET"]}}],"collection":[{"href":"http:\/\/diadianews.com\/index.php\/wp-json\/wp\/v2\/posts"}],"about":[{"href":"http:\/\/diadianews.com\/index.php\/wp-json\/wp\/v2\/types\/post"}],"author":[{"embeddable":true,"href":"http:\/\/diadianews.com\/index.php\/wp-json\/wp\/v2\/users\/1"}],"replies":[{"embeddable":true,"href":"http:\/\/diadianews.com\/index.php\/wp-json\/wp\/v2\/comments?post=6812"}],"version-history":[{"count":0,"href":"http:\/\/diadianews.com\/index.php\/wp-json\/wp\/v2\/posts\/6812\/revisions"}],"wp:featuredmedia":[{"embeddable":true,"href":"http:\/\/diadianews.com\/index.php\/wp-json\/wp\/v2\/media\/6813"}],"wp:attachment":[{"href":"http:\/\/diadianews.com\/index.php\/wp-json\/wp\/v2\/media?parent=6812"}],"wp:term":[{"taxonomy":"category","embeddable":true,"href":"http:\/\/diadianews.com\/index.php\/wp-json\/wp\/v2\/categories?post=6812"},{"taxonomy":"post_tag","embeddable":true,"href":"http:\/\/diadianews.com\/index.php\/wp-json\/wp\/v2\/tags?post=6812"}],"curies":[{"name":"wp","href":"https:\/\/api.w.org\/{rel}","templated":true}]}}