{"id":6814,"date":"2026-08-16T15:48:55","date_gmt":"2026-08-16T18:48:55","guid":{"rendered":"https:\/\/diadianews.com\/index.php\/2026\/08\/16\/mulher-e-morta-a-facadas-em-corumba-e-ms-registra-2o-feminicidio-em-menos-de-24h\/"},"modified":"2026-08-16T15:48:55","modified_gmt":"2026-08-16T18:48:55","slug":"mulher-e-morta-a-facadas-em-corumba-e-ms-registra-2o-feminicidio-em-menos-de-24h","status":"publish","type":"post","link":"http:\/\/diadianews.com\/index.php\/2026\/08\/16\/mulher-e-morta-a-facadas-em-corumba-e-ms-registra-2o-feminicidio-em-menos-de-24h\/","title":{"rendered":"Mulher \u00e9 morta a facadas em Corumb\u00e1 e MS registra 2\u00ba feminic\u00eddio em menos de 24h"},"content":{"rendered":"<div>\n<p class=\"wp-block-paragraph\">V\u00edtima foi assassinada menos de 24h depois de feminic\u00eddio ocorrido em \u00c1gua Clara<\/p>\n<p class=\"wp-block-paragraph\">L\u00edvia Bezerra \u2013 31\/07\/2026 \u2013 11:03<\/p>\n<p class=\"wp-block-paragraph\">Marcas de sangue. (Foto: L\u00e9o de Fran\u00e7a, Midiamax)<\/p>\n<p class=\"wp-block-paragraph\">Adrielle Encarna\u00e7\u00e3o Rodrigues, de 26 anos, foi morta a facadas no bairro Maria Leite, em Corumb\u00e1, a 429 quil\u00f4metros de Campo Grande, na manh\u00e3 desta sexta-feira (31). O suspeito, Douglas Richard Ribeiro, de 49 anos, foi preso em flagrante e levado ao hospital com les\u00f5es pelo corpo.<\/p>\n<p class=\"wp-block-paragraph\">Segundo o boletim de ocorr\u00eancia, a PM (Pol\u00edcia Militar) foi acionada e, quando chegou ao local, encontrou o suspeito e seu irm\u00e3o, que teria sido contatado pela v\u00edtima.<\/p>\n<p class=\"wp-block-paragraph\">Aos policiais, o suspeito alegou que estava com a v\u00edtima no Porto Geral de Corumb\u00e1 e, depois, foram at\u00e9 o local do crime. Os dois tiveram uma discuss\u00e3o e se agrediram. Douglas alegou ter sido atingido com uma tijolada na cabe\u00e7a.<\/p>\n<p class=\"wp-block-paragraph\">Durante o desentendimento, Douglas tamb\u00e9m teria sido esfaqueado pela mulher, momento em que desferiu dois golpes na regi\u00e3o do t\u00f3rax dela. Adrielle morreu antes da chegada do Samu (Servi\u00e7o de Atendimento M\u00f3vel de Urg\u00eancia).<\/p>\n<p class=\"wp-block-paragraph\">Ap\u00f3s a constata\u00e7\u00e3o do \u00f3bito por parte do Samu, a PM acionou a Pol\u00edcia Civil, juntamente com a per\u00edcia. Preso em flagrante, Douglas optou por ficar em sil\u00eancio sobre mais detalhes e foi encaminhado ao hospital com escoria\u00e7\u00f5es nas costas e les\u00f5es no bra\u00e7o, no dedo e na regi\u00e3o do t\u00f3rax.<\/p>\n<p class=\"wp-block-paragraph\">Adrielle \u00e9 a segunda v\u00edtima de feminic\u00eddio registrada em Mato Grosso do Sul em menos de 24 horas. Na tarde de quinta-feira (30), <strong><a href=\"https:\/\/midiamax.com.br\/policia\/2026\/neta-5-anos-viu-mulher-sendo-esfaqueada-14-vezes-ex-agua-clara\/\">Ana Carolina Goes, de 45 anos, foi assassinada com 14 facadas pelo ex-namorado Daniel Paz dos Santos<\/a><\/strong>, preso ap\u00f3s ser encontrado em um Fiat Strada, em <a href=\"https:\/\/midiamax.com.br\/municipios\/agua-clara\/\">\u00c1gua Clara<\/a>. At\u00e9 esta sexta (31), o Estado registrou 18 feminic\u00eddios neste ano de 2026.<\/p>\n<h2 class=\"wp-block-heading\">Feminic\u00eddios em 2026 em MS:<\/h2>\n<ul class=\"wp-block-list\">\n<li>Josefa dos Santos (Bela Vista) \u2013 16 de janeiro;<\/li>\n<li>Rosana Candia Ohara (Corumb\u00e1) \u2013 24 de janeiro;<\/li>\n<li>Nilza de Almeida Lima (<a href=\"https:\/\/midiamax.com.br\/municipios\/coxim\/\">Coxim<\/a>) \u2013 22 de fevereiro;<\/li>\n<li>Beatriz Benevides (Tr\u00eas Lagoas) \u2013 25 de fevereiro;<\/li>\n<li>Liliane de Souza Bonfim Duarte (<a href=\"https:\/\/midiamax.com.br\/municipios\/ponta-pora\/\">Ponta Por\u00e3<\/a>) \u2013 6 de mar\u00e7o;<\/li>\n<li>Leise Aparecida Cruz (<a href=\"https:\/\/midiamax.com.br\/municipios\/anastacio\/\">Anast\u00e1cio<\/a>) \u2013 6 de mar\u00e7o;<\/li>\n<li>Ereni Benites (<a href=\"https:\/\/midiamax.com.br\/municipios\/paranhos\/\">Paranhos<\/a>) \u2013 8 de mar\u00e7o;<\/li>\n<li>F\u00e1tima Aparecida da Silva (Selv\u00edria) \u2013 23 de mar\u00e7o;<\/li>\n<li>Marlene de Brito Rodrigues (Campo Grande) \u2013 6 de abril;<\/li>\n<li>Vera L\u00facia da Silva (<a href=\"https:\/\/midiamax.com.br\/municipios\/eldorado\/\">Eldorado<\/a>) \u2013 12 de abril;<\/li>\n<li>Zelita Rodrigues de Souza (Mundo Novo) \u2013 30 de abril;<\/li>\n<li>Fab\u00edola Marcotti (Campo Grande) \u2013 18 de maio;<\/li>\n<li>Maria do Carmo de Souza (<a href=\"https:\/\/midiamax.com.br\/municipios\/navirai\/\">Navira\u00ed<\/a>) \u2013 28 de junho;<\/li>\n<li>Paula de Souza Concei\u00e7\u00e3o (F\u00e1tima do Sul) \u2013 11 de julho;<\/li>\n<li>Rosenilda de Oliveira Candelario (Nioaque) \u2013 17 de julho;<\/li>\n<li>Terezinha Nantes de Arruda (Campo Grande) \u2013 27 de julho;<\/li>\n<li>Ana Carolina Goes (\u00c1gua Clara) \u2013 30 de julho;<\/li>\n<li>Adrielle Encarna\u00e7\u00e3o Rodrigues (Corumb\u00e1) \u2013 31 de julho.<\/li>\n<\/ul>\n<h2 class=\"wp-block-heading\"><img decoding=\"async\" src=\"https:\/\/s.w.org\/images\/core\/emoji\/17.0.2\/72x72\/1f4cd.png\" alt=\"\ud83d\udccd\" class=\"wp-smiley\" style=\"height: 1em; max-height: 1em;\"> Onde buscar ajuda em MS<\/h2>\n<p class=\"wp-block-paragraph\">Em\u00a0<a href=\"https:\/\/midiamax.com.br\/municipios\/campo-grande\/\">Campo Grande<\/a>, a <strong>Casa da Mulher Brasileira<\/strong> est\u00e1 localizada na Rua\u00a0<a href=\"https:\/\/midiamax.com.br\/municipios\/brasilia\/\">Bras\u00edlia<\/a>, s\/n, no Jardim Im\u00e1, 24 horas por dia, inclusive aos fins de semana.<\/p>\n<p class=\"wp-block-paragraph\">Al\u00e9m da Deam, funcionam na Casa da Mulher Brasileira a Defensoria P\u00fablica; o Minist\u00e9rio P\u00fablico; a Vara Judicial de Medidas Protetivas; atendimento social e psicol\u00f3gico; alojamento; espa\u00e7o de cuidado das crian\u00e7as \u2013 brinquedoteca; Patrulha Maria da Penha; e Guarda Municipal.\u00a0<strong>\u00c9 poss\u00edvel ligar para 153<\/strong>.<\/p>\n<p class=\"wp-block-paragraph\">Midiamax<\/p>\n<p><!-- bloco-portais-jbr --><\/p>\n<div class=\"box-portais-jbr\" style=\"border:1px solid #e0e0e0;padding:16px 18px;margin:24px 0;border-radius:8px;background:#f9f9f9;font-size:0.95rem;\">\n<p style=\"margin:0 0 10px 0;font-weight:600;\">\n        Continue sempre bem informado acessando nossos portais:\n    <\/p>\n<ul style=\"margin:0;padding-left:20px;\">\n<li style=\"margin-bottom:8px;\">\n            <strong><a href=\"https:\/\/jornaldiadia.com.br\/\" target=\"_blank\" rel=\"noopener\" style=\"text-decoration:none;\">Jornal Dia Dia<\/a><\/strong> \u2013<br \/>\n            Sua fonte confi\u00e1vel para as melhores not\u00edcias e artigos \u00fateis. Fique por dentro dos acontecimentos mais importantes, dicas pr\u00e1ticas e conte\u00fados de qualidade.\n        <\/li>\n<li style=\"margin-bottom:8px;\">\n            <strong><a href=\"https:\/\/jbr.jor.br\/\" target=\"_blank\" rel=\"noopener\" style=\"text-decoration:none;\">Jornal Brasil Regional (JBR)<\/a><\/strong> \u2013<br \/>\n            O pulso do pa\u00eds em tempo real. Not\u00edcias nacionais, regionais e internacionais com \u00e9tica e credibilidade.\n        <\/li>\n<li style=\"margin-bottom:8px;\">\n            <strong><a href=\"https:\/\/castilho.jor.br\/\" target=\"_blank\" rel=\"noopener\" style=\"text-decoration:none;\">Castilho Not\u00edcias (News)<\/a><\/strong> \u2013<br \/>\n            O seu di\u00e1rio local com cobertura de Castilho e Regi\u00e3o (SP). Jornalismo com credibilidade.\n        <\/li>\n<li style=\"margin-bottom:8px;\">\n            <strong><a href=\"https:\/\/casaejardim.net.br\/\" target=\"_blank\" rel=\"noopener\" style=\"text-decoration:none;\">Casa e Jardim<\/a><\/strong> \u2013<br \/>\n            Dicas exclusivas sobre decora\u00e7\u00e3o, jardinagem, arquitetura, DIY, reformas e muito mais. Tend\u00eancias, solu\u00e7\u00f5es pr\u00e1ticas e ideias criativas para todos os estilos e or\u00e7amentos.\n        <\/li>\n<li style=\"margin-bottom:0;\">\n            <strong><a href=\"https:\/\/b10.net.br\/\" target=\"_blank\" rel=\"noopener\" style=\"text-decoration:none;\">B10 Brasil<\/a><\/strong> \u2013<br \/>\n            As principais not\u00edcias, an\u00e1lises e insights sobre neg\u00f3cios, economia e soberania nacional. Conectando o Brasil ao mundo com intelig\u00eancia e estrat\u00e9gia.\n        <\/li>\n<\/ul>\n<\/div>\n<p><!-- \/bloco-portais-jbr --><\/div>\n","protected":false},"excerpt":{"rendered":"<p>V\u00edtima foi assassinada menos de 24h depois de feminic\u00eddio ocorrido em \u00c1gua Clara L\u00edvia Bezerra \u2013 31\/07\/2026 \u2013 11:03 Marcas de sangue. (Foto: L\u00e9o de Fran\u00e7a, Midiamax) Adrielle Encarna\u00e7\u00e3o Rodrigues, de 26 anos, foi morta a facadas no bairro Maria Leite, em Corumb\u00e1, a 429 quil\u00f4metros de Campo Grande, na<span class=\"more-link\"><a href=\"http:\/\/diadianews.com\/index.php\/2026\/08\/16\/mulher-e-morta-a-facadas-em-corumba-e-ms-registra-2o-feminicidio-em-menos-de-24h\/\">Continue Reading<\/a><\/span><\/p>\n","protected":false},"author":1,"featured_media":6815,"comment_status":"closed","ping_status":"closed","sticky":false,"template":"","format":"standard","meta":{"footnotes":""},"categories":[1],"tags":[],"class_list":["entry","author-valdei","post-6814","post","type-post","status-publish","format-standard","has-post-thumbnail","category-news-do-dia"],"_links":{"self":[{"href":"http:\/\/diadianews.com\/index.php\/wp-json\/wp\/v2\/posts\/6814","targetHints":{"allow":["GET"]}}],"collection":[{"href":"http:\/\/diadianews.com\/index.php\/wp-json\/wp\/v2\/posts"}],"about":[{"href":"http:\/\/diadianews.com\/index.php\/wp-json\/wp\/v2\/types\/post"}],"author":[{"embeddable":true,"href":"http:\/\/diadianews.com\/index.php\/wp-json\/wp\/v2\/users\/1"}],"replies":[{"embeddable":true,"href":"http:\/\/diadianews.com\/index.php\/wp-json\/wp\/v2\/comments?post=6814"}],"version-history":[{"count":0,"href":"http:\/\/diadianews.com\/index.php\/wp-json\/wp\/v2\/posts\/6814\/revisions"}],"wp:featuredmedia":[{"embeddable":true,"href":"http:\/\/diadianews.com\/index.php\/wp-json\/wp\/v2\/media\/6815"}],"wp:attachment":[{"href":"http:\/\/diadianews.com\/index.php\/wp-json\/wp\/v2\/media?parent=6814"}],"wp:term":[{"taxonomy":"category","embeddable":true,"href":"http:\/\/diadianews.com\/index.php\/wp-json\/wp\/v2\/categories?post=6814"},{"taxonomy":"post_tag","embeddable":true,"href":"http:\/\/diadianews.com\/index.php\/wp-json\/wp\/v2\/tags?post=6814"}],"curies":[{"name":"wp","href":"https:\/\/api.w.org\/{rel}","templated":true}]}}