{"id":6816,"date":"2026-08-16T15:58:38","date_gmt":"2026-08-16T18:58:38","guid":{"rendered":"https:\/\/diadianews.com\/index.php\/2026\/08\/16\/casas-bahia-tem-prejuizo-de-r-101-bilhoes-e-avalia-pedir-recuperacao-judicial\/"},"modified":"2026-08-16T15:58:38","modified_gmt":"2026-08-16T18:58:38","slug":"casas-bahia-tem-prejuizo-de-r-101-bilhoes-e-avalia-pedir-recuperacao-judicial","status":"publish","type":"post","link":"http:\/\/diadianews.com\/index.php\/2026\/08\/16\/casas-bahia-tem-prejuizo-de-r-101-bilhoes-e-avalia-pedir-recuperacao-judicial\/","title":{"rendered":"Casas Bahia tem preju\u00edzo de R$ 10,1 bilh\u00f5es e avalia pedir recupera\u00e7\u00e3o judicial"},"content":{"rendered":"<div>\n<p class=\"wp-block-paragraph\">Em Mato Grosso do Sul ao menos 6 lojas fecharam<\/p>\n<p class=\"wp-block-paragraph\">Ag\u00eancia Estado \u2013 16\/08\/2026 \u2013 14:00 \u2013 Casas Bahia em Campo Grande (Foto: Madu Livramento, Midiamax)<\/p>\n<p class=\"wp-block-paragraph\">A Casas Bahia registrou um preju\u00edzo l\u00edquido de R$ 10,1 bilh\u00f5es no segundo trimestre deste ano e anunciou o fechamento de 298 lojas. <a href=\"https:\/\/midiamax.com.br\/cotidiano\/economia\/2026\/funcionarios-foram-surpreendidos-fechamento-casas-bahia-campo-grande-saindo-lote\/\">Em Mato Grosso do Sul, s\u00e3o ao menos 6 lojas<\/a>, duas em Dourados, uma em <a href=\"https:\/\/midiamax.com.br\/municipios\/navirai\/\">Navira\u00ed<\/a>, uma em Tr\u00eas Lagoas, uma em <a href=\"https:\/\/midiamax.com.br\/municipios\/nova-andradina\/\">Nova Andradina<\/a> e uma em <a href=\"https:\/\/midiamax.com.br\/municipios\/campo-grande\/\">Campo Grande<\/a>.<\/p>\n<p class=\"wp-block-paragraph\">Este \u00e9 o oitavo trimestre seguido de preju\u00edzos e j\u00e1 levou a companhia a reduzir o tamanho da opera\u00e7\u00e3o, com fechamento de lojas e revis\u00e3o do quadro de funcion\u00e1rios. A empresa tamb\u00e9m avalia mudan\u00e7as no modelo de neg\u00f3cio e at\u00e9 uma nova recupera\u00e7\u00e3o extrajudicial ou judicial.<\/p>\n<p class=\"wp-block-paragraph\">Segundo a empresa, o movimento \u00e9 impulsionado por um \u201cambiente macroecon\u00f4mico desafiador para o varejo brasileiro de bens dur\u00e1veis, caracterizado por elevado custo de cr\u00e9dito e press\u00e3o sobre a capacidade financeira dos consumidores\u201d.<\/p>\n<p class=\"wp-block-paragraph\">\u201cAl\u00e9m disso, houve uma redu\u00e7\u00e3o nos limites de cr\u00e9dito concedidos por seguradoras a fornecedores, o que obrigou a companhia a reduzir seu volume de compras e, consequentemente, operar em uma escala menor\u201d, afirmou a empresa na divulga\u00e7\u00e3o dos resultados financeiros do segundo trimestre.<\/p>\n<p class=\"wp-block-paragraph\">Nesse cen\u00e1rio, a empresa admite explicitamente a possibilidade da RJ. \u201cDentre as medidas avalias pela Companhia e pass\u00edveis de potencial implementa\u00e7\u00e3o est\u00e3o medidas de reorganiza\u00e7\u00e3o formal de seus passivos e obriga\u00e7\u00f5es, incluindo poss\u00edvel nova recupera\u00e7\u00e3o extrajudicial ou recupera\u00e7\u00e3o judicial\u201d, disse.<\/p>\n<p class=\"wp-block-paragraph\"><strong>Reestrutura\u00e7\u00e3o da empresa<\/strong><\/p>\n<p class=\"wp-block-paragraph\">A administra\u00e7\u00e3o ressalta que R$ 9,1 bilh\u00f5es do preju\u00edzo referem-se a itens n\u00e3o recorrentes e sem efeito imediato no caixa. Esses ajustes ocorreram porque a empresa revisou suas proje\u00e7\u00f5es de lucro futuro, o que a obrigou a dar baixa em ativos que n\u00e3o seriam mais recuper\u00e1veis, como IR diferido, baixa de \u00e1gio e ativos e gastos com a reestrutura\u00e7\u00e3o.<\/p>\n<p class=\"wp-block-paragraph\">Ao mesmo tempo, a d\u00edvida l\u00edquida da empresa ficou em R$ 1,2 bilh\u00e3o no trimestre encerrado em junho e o patrim\u00f4nio l\u00edquido est\u00e1 negativo em R$ 8,2 bilh\u00f5es. Al\u00e9m do fechamento das lojas e redu\u00e7\u00e3o no quadro de colaboradores, a Casas Bahia prev\u00ea um redimensionamento dos investimentos, com foco em projetos de tecnologia e log\u00edstica.<\/p>\n<p class=\"wp-block-paragraph\">Na pr\u00e1tica, a companhia deve priorizar a comercializa\u00e7\u00e3o de produtos por canais digitais pr\u00f3prios, reduzir os estoques e vender participa\u00e7\u00f5es em ativos para aumentar a liquidez. \u201cTamanho \u00e9 consequ\u00eancia, n\u00e3o objetivo. Em um ambiente de maior custo de capital, a escala deve refletir a capacidade de gerar retorno\u201d, informou a empresa no documento de divulga\u00e7\u00e3o dos resultados.<\/p>\n<p class=\"wp-block-paragraph\"><strong>Absten\u00e7\u00e3o de conclus\u00e3o<\/strong><\/p>\n<p class=\"wp-block-paragraph\">Embora o preju\u00edzo cont\u00e1bil seja massivo, a Casas Bahia apresentou uma gera\u00e7\u00e3o de fluxo de caixa livre de R$ 798 milh\u00f5es no trimestre. Ainda assim, a situa\u00e7\u00e3o da empresa \u00e9 t\u00e3o desafiadora que a auditoria Ernst &amp; Young emitiu um relat\u00f3rio com absten\u00e7\u00e3o de conclus\u00e3o sobre as demonstra\u00e7\u00f5es financeiras.<\/p>\n<p class=\"wp-block-paragraph\">Os auditores destacaram uma incerteza relevante sobre a capacidade de continuidade operacional da companhia, citando o patrim\u00f4nio l\u00edquido negativo e o fato de as obriga\u00e7\u00f5es de curto prazo (passivo circulante) excederem os ativos dispon\u00edveis (ativo circulante).<\/p>\n<p class=\"wp-block-paragraph\">\u201cA Companhia depende da implementa\u00e7\u00e3o bem-sucedida de determinadas medidas operacionais e financeiras para suportar suas necessidades de capital de giro e cumprir suas obriga\u00e7\u00f5es nos vencimentos contratados\u201d, disse a auditoria, o que refor\u00e7aria a necessidade de uma eventual recupera\u00e7\u00e3o judicial ou extrajudicial.<\/p>\n<p class=\"wp-block-paragraph\"><strong>Mobiliza\u00e7\u00e3o de funcion\u00e1rios<\/strong><\/p>\n<p class=\"wp-block-paragraph\">Na \u00faltima sexta, 14, o Sindicato dos Empregados no Com\u00e9rcio de Osasco e Regi\u00e3o (SECOR) manifestou preocupa\u00e7\u00e3o com o fechamento repentino de unidades da rede Casas Bahia na regi\u00e3o metropolitana de S\u00e3o Paulo.<\/p>\n<h2 class=\"wp-block-heading\"><img decoding=\"async\" src=\"https:\/\/s.w.org\/images\/core\/emoji\/17.0.2\/72x72\/1f4ac.png\" alt=\"\ud83d\udcac\" class=\"wp-smiley\" style=\"height: 1em; max-height: 1em;\"> Fale com os jornalistas do Midiamax<\/h2>\n<p class=\"wp-block-paragraph\">Tem alguma <strong>den\u00fancia<\/strong>, <strong>flagrante<\/strong>, <strong>reclama\u00e7\u00e3o <\/strong>ou <strong>sugest\u00e3o <\/strong>de pauta para o <strong>Jornal Midiamax<\/strong>?<\/p>\n<p><img decoding=\"async\" src=\"https:\/\/s.w.org\/images\/core\/emoji\/17.0.2\/72x72\/1f5e3.png\" alt=\"\ud83d\udde3\" class=\"wp-smiley\" style=\"height: 1em; max-height: 1em;\"> Envie direto para nossos jornalistas pelo <a href=\"https:\/\/api.whatsapp.com\/send?phone=5567992074330&amp;text=Digite%20aqui%20sua%20den%C3%BAncia.%20Se%20tiver%20fotos%20e%20v%C3%ADdeo%2C%20envie%20tamb%C3%A9m.\">WhatsApp (67) 99207-4330<\/a>. O sigilo est\u00e1 garantido na lei.<\/p>\n<p class=\"wp-block-paragraph\"><img decoding=\"async\" src=\"https:\/\/s.w.org\/images\/core\/emoji\/17.0.2\/72x72\/2705.png\" alt=\"\u2705\" class=\"wp-smiley\" style=\"height: 1em; max-height: 1em;\"> Clique no nome de qualquer uma das plataformas abaixo para nos encontrar nas redes sociais:<br \/><a href=\"https:\/\/www.instagram.com\/midiamax\/\">Instagram<\/a>, <a href=\"https:\/\/www.facebook.com\/midiamax\">Facebook<\/a>, <a href=\"https:\/\/www.tiktok.com\/@midiamax\">TikTok<\/a>, <a href=\"https:\/\/www.youtube.com\/@jornal.midiamax\">YouTube<\/a>, <a href=\"https:\/\/whatsapp.com\/channel\/0029Va7FGJa9cDDXCIIEOn3d\">WhatsApp<\/a>, <a href=\"https:\/\/bsky.app\/profile\/midiamax.bsky.social\">Bluesky<\/a> e <a href=\"https:\/\/www.threads.net\/@midiamax?hl=pt-br\">Threads<\/a>.<\/p>\n<p class=\"wp-block-paragraph\">Midiamax<\/p>\n<p><!-- bloco-portais-jbr --><\/p>\n<div class=\"box-portais-jbr\" style=\"border:1px solid #e0e0e0;padding:16px 18px;margin:24px 0;border-radius:8px;background:#f9f9f9;font-size:0.95rem;\">\n<p style=\"margin:0 0 10px 0;font-weight:600;\">\n        Continue sempre bem informado acessando nossos portais:\n    <\/p>\n<ul style=\"margin:0;padding-left:20px;\">\n<li style=\"margin-bottom:8px;\">\n            <strong><a href=\"https:\/\/jornaldiadia.com.br\/\" target=\"_blank\" rel=\"noopener\" style=\"text-decoration:none;\">Jornal Dia Dia<\/a><\/strong> \u2013<br \/>\n            Sua fonte confi\u00e1vel para as melhores not\u00edcias e artigos \u00fateis. Fique por dentro dos acontecimentos mais importantes, dicas pr\u00e1ticas e conte\u00fados de qualidade.\n        <\/li>\n<li style=\"margin-bottom:8px;\">\n            <strong><a href=\"https:\/\/jbr.jor.br\/\" target=\"_blank\" rel=\"noopener\" style=\"text-decoration:none;\">Jornal Brasil Regional (JBR)<\/a><\/strong> \u2013<br \/>\n            O pulso do pa\u00eds em tempo real. Not\u00edcias nacionais, regionais e internacionais com \u00e9tica e credibilidade.\n        <\/li>\n<li style=\"margin-bottom:8px;\">\n            <strong><a href=\"https:\/\/castilho.jor.br\/\" target=\"_blank\" rel=\"noopener\" style=\"text-decoration:none;\">Castilho Not\u00edcias (News)<\/a><\/strong> \u2013<br \/>\n            O seu di\u00e1rio local com cobertura de Castilho e Regi\u00e3o (SP). Jornalismo com credibilidade.\n        <\/li>\n<li style=\"margin-bottom:8px;\">\n            <strong><a href=\"https:\/\/casaejardim.net.br\/\" target=\"_blank\" rel=\"noopener\" style=\"text-decoration:none;\">Casa e Jardim<\/a><\/strong> \u2013<br \/>\n            Dicas exclusivas sobre decora\u00e7\u00e3o, jardinagem, arquitetura, DIY, reformas e muito mais. Tend\u00eancias, solu\u00e7\u00f5es pr\u00e1ticas e ideias criativas para todos os estilos e or\u00e7amentos.\n        <\/li>\n<li style=\"margin-bottom:0;\">\n            <strong><a href=\"https:\/\/b10.net.br\/\" target=\"_blank\" rel=\"noopener\" style=\"text-decoration:none;\">B10 Brasil<\/a><\/strong> \u2013<br \/>\n            As principais not\u00edcias, an\u00e1lises e insights sobre neg\u00f3cios, economia e soberania nacional. Conectando o Brasil ao mundo com intelig\u00eancia e estrat\u00e9gia.\n        <\/li>\n<\/ul>\n<\/div>\n<p><!-- \/bloco-portais-jbr --><\/div>\n","protected":false},"excerpt":{"rendered":"<p>Em Mato Grosso do Sul ao menos 6 lojas fecharam Ag\u00eancia Estado \u2013 16\/08\/2026 \u2013 14:00 \u2013 Casas Bahia em Campo Grande (Foto: Madu Livramento, Midiamax) A Casas Bahia registrou um preju\u00edzo l\u00edquido de R$ 10,1 bilh\u00f5es no segundo trimestre deste ano e anunciou o fechamento de 298 lojas. Em<span class=\"more-link\"><a href=\"http:\/\/diadianews.com\/index.php\/2026\/08\/16\/casas-bahia-tem-prejuizo-de-r-101-bilhoes-e-avalia-pedir-recuperacao-judicial\/\">Continue Reading<\/a><\/span><\/p>\n","protected":false},"author":1,"featured_media":6817,"comment_status":"closed","ping_status":"closed","sticky":false,"template":"","format":"standard","meta":{"footnotes":""},"categories":[1],"tags":[],"class_list":["entry","author-valdei","post-6816","post","type-post","status-publish","format-standard","has-post-thumbnail","category-news-do-dia"],"_links":{"self":[{"href":"http:\/\/diadianews.com\/index.php\/wp-json\/wp\/v2\/posts\/6816","targetHints":{"allow":["GET"]}}],"collection":[{"href":"http:\/\/diadianews.com\/index.php\/wp-json\/wp\/v2\/posts"}],"about":[{"href":"http:\/\/diadianews.com\/index.php\/wp-json\/wp\/v2\/types\/post"}],"author":[{"embeddable":true,"href":"http:\/\/diadianews.com\/index.php\/wp-json\/wp\/v2\/users\/1"}],"replies":[{"embeddable":true,"href":"http:\/\/diadianews.com\/index.php\/wp-json\/wp\/v2\/comments?post=6816"}],"version-history":[{"count":0,"href":"http:\/\/diadianews.com\/index.php\/wp-json\/wp\/v2\/posts\/6816\/revisions"}],"wp:featuredmedia":[{"embeddable":true,"href":"http:\/\/diadianews.com\/index.php\/wp-json\/wp\/v2\/media\/6817"}],"wp:attachment":[{"href":"http:\/\/diadianews.com\/index.php\/wp-json\/wp\/v2\/media?parent=6816"}],"wp:term":[{"taxonomy":"category","embeddable":true,"href":"http:\/\/diadianews.com\/index.php\/wp-json\/wp\/v2\/categories?post=6816"},{"taxonomy":"post_tag","embeddable":true,"href":"http:\/\/diadianews.com\/index.php\/wp-json\/wp\/v2\/tags?post=6816"}],"curies":[{"name":"wp","href":"https:\/\/api.w.org\/{rel}","templated":true}]}}