{"id":6822,"date":"2026-08-16T16:03:51","date_gmt":"2026-08-16T19:03:51","guid":{"rendered":"https:\/\/diadianews.com\/index.php\/2026\/08\/16\/de-colete-a-prova-de-balas-flavio-bolsonaro-inicia-campanha-no-rio-de-janeiro\/"},"modified":"2026-08-16T16:03:51","modified_gmt":"2026-08-16T19:03:51","slug":"de-colete-a-prova-de-balas-flavio-bolsonaro-inicia-campanha-no-rio-de-janeiro","status":"publish","type":"post","link":"http:\/\/diadianews.com\/index.php\/2026\/08\/16\/de-colete-a-prova-de-balas-flavio-bolsonaro-inicia-campanha-no-rio-de-janeiro\/","title":{"rendered":"De colete \u00e0 prova de balas, Fl\u00e1vio Bolsonaro inicia campanha no Rio de Janeiro"},"content":{"rendered":"<div>\n<p class=\"wp-block-paragraph\">Candidato participou de um com\u00edcio na Praia de Copacabana<\/p>\n<p class=\"wp-block-paragraph\">Renata Portela \u2013 16\/08\/2026 \u2013 12:09 \u2013 Fl\u00e1vio Bolsonaro durante com\u00edcio. (Reprodu\u00e7\u00e3o, Instagram)<\/p>\n<p class=\"wp-block-paragraph\">Neste domingo (16), no primeiro dia de campanha eleitoral, Fl\u00e1vio Bolsonaro deu in\u00edcio \u00e0 campanha no <a href=\"https:\/\/midiamax.com.br\/municipios\/rio-de-janeiro\/\">Rio de Janeiro<\/a>. O primeiro compromisso do presidenci\u00e1vel foi na Praia de Copacabana, em um com\u00edcio.<\/p>\n<p class=\"wp-block-paragraph\">A campanha tem in\u00edcio neste domingo, com a libera\u00e7\u00e3o dos candidatos a pedirem votos do eleitorado. Fl\u00e1vio participou do com\u00edcio com colete \u00e0 prova de balas, em cima de um trio el\u00e9trico.<\/p>\n<p class=\"wp-block-paragraph\">O candidato usou uma camisa do Brasil por cima do colete, com a frase \u201cMeu partido \u00e9 o Brasil\u201d. O evento ainda teve men\u00e7\u00f5es a Jair Bolsonaro (PL) e pedidos de \u201cVolta Bolsonaro\u201d.\u00a0<\/p>\n<h3 class=\"wp-block-heading\">Confus\u00e3o na candidatura<\/h3>\n<p class=\"wp-block-paragraph\">O Miss\u00e3o protocolou uma not\u00edcia-crime no TSE (Tribunal Superior Eleitoral) para solicitar que a filia\u00e7\u00e3o falsa do candidato \u00e0 Presid\u00eancia da Rep\u00fablica Fl\u00e1vio Bolsonaro (PL) ao partido seja investigada.<\/p>\n<p class=\"wp-block-paragraph\">O documento foi assinado por Renan Santos, que tamb\u00e9m \u00e9 candidato ao cargo, e aponta suspeita de falsidade ideol\u00f3gica e \u201caltera\u00e7\u00e3o intencional de dados no processo de filia\u00e7\u00e3o\u201d.<\/p>\n<p class=\"wp-block-paragraph\">Ap\u00f3s a repercuss\u00e3o do caso, o TSE negou que a inclus\u00e3o do nome de Fl\u00e1vio tenha ocorrido por meio do hackeamento do sistema eletr\u00f4nico da Corte e disse que houve \u201cuso indevido\u201d da ferramenta por um usu\u00e1rio ligado ao Miss\u00e3o.<\/p>\n<p class=\"wp-block-paragraph\">Diante da situa\u00e7\u00e3o, o presidente do tribunal, ministro Kassio Nunes Marques, determinou que a filia\u00e7\u00e3o de Fl\u00e1vio ao PL fosse restabelecida. Em seguida, a campanha de Fl\u00e1vio realizou o processo de registro de candidatura normalmente.<\/p>\n<h3 class=\"wp-block-heading\">Suspens\u00e3o<\/h3>\n<p class=\"wp-block-paragraph\">A filia\u00e7\u00e3o irregular de Fl\u00e1vio ao Miss\u00e3o levou o TSE a suspender temporariamente o processamento de novos registros no Filia (Sistema de Filia\u00e7\u00e3o Partid\u00e1ria), plataforma da Justi\u00e7a Eleitoral respons\u00e1vel pelo registro de filia\u00e7\u00f5es a partidos pol\u00edticos.<\/p>\n<p class=\"wp-block-paragraph\">Segundo o TSE, tamb\u00e9m foi identificada tentativa de filia\u00e7\u00e3o falsa do presidente Luiz In\u00e1cio Lula da Silva (PT) a outro partido. Contudo, o registro falso n\u00e3o foi efetivado.<\/p>\n<h2 class=\"wp-block-heading\"><img decoding=\"async\" src=\"https:\/\/s.w.org\/images\/core\/emoji\/17.0.2\/72x72\/1f4ac.png\" alt=\"\ud83d\udcac\" class=\"wp-smiley\" style=\"height: 1em; max-height: 1em;\"> Fale com os jornalistas do Midiamax<\/h2>\n<p class=\"wp-block-paragraph\">Tem alguma <strong>den\u00fancia<\/strong>, <strong>flagrante<\/strong>, <strong>reclama\u00e7\u00e3o <\/strong>ou <strong>sugest\u00e3o <\/strong>de pauta para o <strong>Jornal Midiamax<\/strong>?<\/p>\n<p><img decoding=\"async\" src=\"https:\/\/s.w.org\/images\/core\/emoji\/17.0.2\/72x72\/1f5e3.png\" alt=\"\ud83d\udde3\" class=\"wp-smiley\" style=\"height: 1em; max-height: 1em;\"> Envie direto para nossos jornalistas pelo <a href=\"https:\/\/api.whatsapp.com\/send?phone=5567992074330&amp;text=Digite%20aqui%20sua%20den%C3%BAncia.%20Se%20tiver%20fotos%20e%20v%C3%ADdeo%2C%20envie%20tamb%C3%A9m.\">WhatsApp (67) 99207-4330<\/a>. O sigilo est\u00e1 garantido na lei.<\/p>\n<p class=\"wp-block-paragraph\"><img decoding=\"async\" src=\"https:\/\/s.w.org\/images\/core\/emoji\/17.0.2\/72x72\/2705.png\" alt=\"\u2705\" class=\"wp-smiley\" style=\"height: 1em; max-height: 1em;\"> Clique no nome de qualquer uma das plataformas abaixo para nos encontrar nas redes sociais:<br \/><a href=\"https:\/\/www.instagram.com\/midiamax\/\">Instagram<\/a>, <a href=\"https:\/\/www.facebook.com\/midiamax\">Facebook<\/a>, <a href=\"https:\/\/www.tiktok.com\/@midiamax\">TikTok<\/a>, <a href=\"https:\/\/www.youtube.com\/@jornal.midiamax\">YouTube<\/a>, <a href=\"https:\/\/whatsapp.com\/channel\/0029Va7FGJa9cDDXCIIEOn3d\">WhatsApp<\/a>, <a href=\"https:\/\/bsky.app\/profile\/midiamax.bsky.social\">Bluesky<\/a> e <a href=\"https:\/\/www.threads.net\/@midiamax?hl=pt-br\">Threads<\/a>.<\/p>\n<p class=\"wp-block-paragraph\">(Revis\u00e3o: D\u00e1fini Lisboa)<\/p>\n<p><!-- bloco-portais-jbr --><\/p>\n<div class=\"box-portais-jbr\" style=\"border:1px solid #e0e0e0;padding:16px 18px;margin:24px 0;border-radius:8px;background:#f9f9f9;font-size:0.95rem;\">\n<p style=\"margin:0 0 10px 0;font-weight:600;\">\n        Continue sempre bem informado acessando nossos portais:\n    <\/p>\n<ul style=\"margin:0;padding-left:20px;\">\n<li style=\"margin-bottom:8px;\">\n            <strong><a href=\"https:\/\/jornaldiadia.com.br\/\" target=\"_blank\" rel=\"noopener\" style=\"text-decoration:none;\">Jornal Dia Dia<\/a><\/strong> \u2013<br \/>\n            Sua fonte confi\u00e1vel para as melhores not\u00edcias e artigos \u00fateis. Fique por dentro dos acontecimentos mais importantes, dicas pr\u00e1ticas e conte\u00fados de qualidade.\n        <\/li>\n<li style=\"margin-bottom:8px;\">\n            <strong><a href=\"https:\/\/jbr.jor.br\/\" target=\"_blank\" rel=\"noopener\" style=\"text-decoration:none;\">Jornal Brasil Regional (JBR)<\/a><\/strong> \u2013<br \/>\n            O pulso do pa\u00eds em tempo real. Not\u00edcias nacionais, regionais e internacionais com \u00e9tica e credibilidade.\n        <\/li>\n<li style=\"margin-bottom:8px;\">\n            <strong><a href=\"https:\/\/castilho.jor.br\/\" target=\"_blank\" rel=\"noopener\" style=\"text-decoration:none;\">Castilho Not\u00edcias (News)<\/a><\/strong> \u2013<br \/>\n            O seu di\u00e1rio local com cobertura de Castilho e Regi\u00e3o (SP). Jornalismo com credibilidade.\n        <\/li>\n<li style=\"margin-bottom:8px;\">\n            <strong><a href=\"https:\/\/casaejardim.net.br\/\" target=\"_blank\" rel=\"noopener\" style=\"text-decoration:none;\">Casa e Jardim<\/a><\/strong> \u2013<br \/>\n            Dicas exclusivas sobre decora\u00e7\u00e3o, jardinagem, arquitetura, DIY, reformas e muito mais. Tend\u00eancias, solu\u00e7\u00f5es pr\u00e1ticas e ideias criativas para todos os estilos e or\u00e7amentos.\n        <\/li>\n<li style=\"margin-bottom:0;\">\n            <strong><a href=\"https:\/\/b10.net.br\/\" target=\"_blank\" rel=\"noopener\" style=\"text-decoration:none;\">B10 Brasil<\/a><\/strong> \u2013<br \/>\n            As principais not\u00edcias, an\u00e1lises e insights sobre neg\u00f3cios, economia e soberania nacional. Conectando o Brasil ao mundo com intelig\u00eancia e estrat\u00e9gia.\n        <\/li>\n<\/ul>\n<\/div>\n<p><!-- \/bloco-portais-jbr --><\/div>\n","protected":false},"excerpt":{"rendered":"<p>Candidato participou de um com\u00edcio na Praia de Copacabana Renata Portela \u2013 16\/08\/2026 \u2013 12:09 \u2013 Fl\u00e1vio Bolsonaro durante com\u00edcio. (Reprodu\u00e7\u00e3o, Instagram) Neste domingo (16), no primeiro dia de campanha eleitoral, Fl\u00e1vio Bolsonaro deu in\u00edcio \u00e0 campanha no Rio de Janeiro. O primeiro compromisso do presidenci\u00e1vel foi na Praia de<span class=\"more-link\"><a href=\"http:\/\/diadianews.com\/index.php\/2026\/08\/16\/de-colete-a-prova-de-balas-flavio-bolsonaro-inicia-campanha-no-rio-de-janeiro\/\">Continue Reading<\/a><\/span><\/p>\n","protected":false},"author":1,"featured_media":6823,"comment_status":"closed","ping_status":"closed","sticky":false,"template":"","format":"standard","meta":{"footnotes":""},"categories":[1],"tags":[],"class_list":["entry","author-valdei","post-6822","post","type-post","status-publish","format-standard","has-post-thumbnail","category-news-do-dia"],"_links":{"self":[{"href":"http:\/\/diadianews.com\/index.php\/wp-json\/wp\/v2\/posts\/6822","targetHints":{"allow":["GET"]}}],"collection":[{"href":"http:\/\/diadianews.com\/index.php\/wp-json\/wp\/v2\/posts"}],"about":[{"href":"http:\/\/diadianews.com\/index.php\/wp-json\/wp\/v2\/types\/post"}],"author":[{"embeddable":true,"href":"http:\/\/diadianews.com\/index.php\/wp-json\/wp\/v2\/users\/1"}],"replies":[{"embeddable":true,"href":"http:\/\/diadianews.com\/index.php\/wp-json\/wp\/v2\/comments?post=6822"}],"version-history":[{"count":0,"href":"http:\/\/diadianews.com\/index.php\/wp-json\/wp\/v2\/posts\/6822\/revisions"}],"wp:featuredmedia":[{"embeddable":true,"href":"http:\/\/diadianews.com\/index.php\/wp-json\/wp\/v2\/media\/6823"}],"wp:attachment":[{"href":"http:\/\/diadianews.com\/index.php\/wp-json\/wp\/v2\/media?parent=6822"}],"wp:term":[{"taxonomy":"category","embeddable":true,"href":"http:\/\/diadianews.com\/index.php\/wp-json\/wp\/v2\/categories?post=6822"},{"taxonomy":"post_tag","embeddable":true,"href":"http:\/\/diadianews.com\/index.php\/wp-json\/wp\/v2\/tags?post=6822"}],"curies":[{"name":"wp","href":"https:\/\/api.w.org\/{rel}","templated":true}]}}