{"id":6824,"date":"2026-08-16T16:08:22","date_gmt":"2026-08-16T19:08:22","guid":{"rendered":"https:\/\/diadianews.com\/index.php\/2026\/08\/16\/de-volta-a-vila-euclides-lula-lanca-campanha-de-reeleicao-e-fala-sobre-combate-a-violencia-contra-as-mulheres\/"},"modified":"2026-08-16T16:08:22","modified_gmt":"2026-08-16T19:08:22","slug":"de-volta-a-vila-euclides-lula-lanca-campanha-de-reeleicao-e-fala-sobre-combate-a-violencia-contra-as-mulheres","status":"publish","type":"post","link":"http:\/\/diadianews.com\/index.php\/2026\/08\/16\/de-volta-a-vila-euclides-lula-lanca-campanha-de-reeleicao-e-fala-sobre-combate-a-violencia-contra-as-mulheres\/","title":{"rendered":"De volta \u00e0 Vila Euclides, Lula lan\u00e7a campanha de reelei\u00e7\u00e3o e fala sobre combate \u00e0 viol\u00eancia contra as mulheres"},"content":{"rendered":"<div>\n<p class=\"wp-block-paragraph\">Atual presidente deu in\u00edcio \u00e0 corrida eleitoral de 2026 em local considerado \u2018ber\u00e7o\u2019 pol\u00edtico do petista<\/p>\n<p class=\"wp-block-paragraph\">Idaicy Solano \u2013 16\/08\/2026 \u2013 12:30 \u2013 Lula durante com\u00edcio neste domingo (16). (Foto: Taba Benedicto\/Estad\u00e3o)<\/p>\n<p class=\"wp-block-paragraph\">O presidente Luiz In\u00e1cio Lula da Silva (PT) realizou seu primeiro discurso como candidato oficial \u00e0 reelei\u00e7\u00e3o na cidade de S\u00e3o Bernardo do Campo, em <a href=\"https:\/\/midiamax.com.br\/municipios\/sao-paulo\/\">S\u00e3o Paulo<\/a>, na manh\u00e3 deste domingo (16). <\/p>\n<p class=\"wp-block-paragraph\">A largada do atual presidente na corrida eleitoral foi marcada pelo endosso ao discurso de Janja sobre a participa\u00e7\u00e3o ativa das mulheres na sociedade e pela leitura de uma carta para si mesmo.<\/p>\n<p class=\"wp-block-paragraph\">O evento ocorreu no Est\u00e1dio Municipal 1\u00ba de Maio, conhecido como Vila Euclides. O local \u00e9 considerado o \u201cber\u00e7o\u201d pol\u00edtico de Lula, pois foi o palco das greves dos metal\u00fargicos lideradas pelo petista no fim da d\u00e9cada de 1970, durante a ditadura militar.<\/p>\n<p class=\"wp-block-paragraph\">O petista iniciou seu discurso compartilhando que precisou usar um chap\u00e9u durante a cerim\u00f4nia para se proteger do sol, pois realizou recentemente um procedimento de radioterapia, a fim de tratar um c\u00e2ncer de pele. No entanto, declarou que \u2018tiraria o chap\u00e9u\u2019 para a plateia.<\/p>\n<p class=\"wp-block-paragraph\">O atual presidente tamb\u00e9m aproveitou o espa\u00e7o para agradecer \u00e0 m\u00e3e, dona Lind\u00fa, por ter tido papel importante nas conquistas dele e para frisar o discurso da primeira-dama, Ros\u00e2ngela da Silva, a Janja, sobre a import\u00e2ncia e participa\u00e7\u00e3o ativa das mulheres na sociedade.<\/p>\n<p class=\"wp-block-paragraph\">Al\u00e9m disso, o petista refor\u00e7ou a necessidade de combater a viol\u00eancia contra as mulheres. \u201cMulheres desse pa\u00eds, n\u00e3o baixem a cabe\u00e7a nunca, porque os homens t\u00eam que aprender a respeitar voc\u00eas. Deus fez a gente igual. N\u00e3o \u00e9 poss\u00edvel que n\u00e3o termine com essa viol\u00eancia.\u201d<\/p>\n<p class=\"wp-block-paragraph\">Durante o com\u00edcio, tamb\u00e9m foi apresentado um v\u00eddeo em que Lula aparecia lendo uma carta para si mesmo, por\u00e9m de 1979, quando lutava no movimento sindical. <\/p>\n<p class=\"wp-block-paragraph\">\u201cAp\u00f3s 47 anos e ganhar tr\u00eas elei\u00e7\u00f5es para a Presid\u00eancia da Rep\u00fablica, nem imaginava que poderia reconstruir o Brasil\u201d. No entanto, disse que ainda n\u00e3o est\u00e1 satisfeito, porque o \u201cBrasil est\u00e1 pronto para muito mais\u201d.<\/p>\n<p class=\"wp-block-paragraph\">Ex-ministro da Fazenda de Lula e candidato do PT (Partido dos Trabalhadores) ao Governo de S\u00e3o Paulo, Fernando Haddad afirmou, durante seu discurso no lan\u00e7amento da campanha, que o presidente conseguiu controlar a infla\u00e7\u00e3o pela segunda vez, al\u00e9m de atribuir ao governo a retomada do crescimento econ\u00f4mico e do emprego. <\/p>\n<p class=\"wp-block-paragraph\">\u201cEu poderia falar da retomada do crescimento, da retomada do emprego, de como o presidente Lula, pela segunda vez, coloca a infla\u00e7\u00e3o de joelhos, como fez no seu segundo mandato. Ele j\u00e1 era o recordista e bateu o pr\u00f3prio recorde.\u201d<\/p>\n<p class=\"wp-block-paragraph\">Haddad tamb\u00e9m destacou as pol\u00edticas educacionais promovidas pelo petista e declarou que Lula foi respons\u00e1vel por abrir as universidades aos filhos dos trabalhadores, por meio da expans\u00e3o do ensino p\u00fablico e da cria\u00e7\u00e3o de programas como o ProUni e o Fies, nos quais trabalhou durante sua passagem como ministro da Educa\u00e7\u00e3o.<\/p>\n<h2 class=\"wp-block-heading\"><img decoding=\"async\" src=\"https:\/\/s.w.org\/images\/core\/emoji\/17.0.2\/72x72\/2705.png\" alt=\"\u2705\" class=\"wp-smiley\" style=\"height: 1em; max-height: 1em;\"> <strong>Siga o Jornal Midiamax nas redes sociais<\/strong><\/h2>\n<p class=\"wp-block-paragraph\">Voc\u00ea tamb\u00e9m pode <mark>acompanhar as \u00faltimas not\u00edcias e atualiza\u00e7\u00f5es do <strong>Jornal Midiamax<\/strong> direto das redes sociais<\/mark>. Siga nossos perfis nas redes que voc\u00ea mais usa. <img decoding=\"async\" src=\"https:\/\/s.w.org\/images\/core\/emoji\/17.0.2\/72x72\/1f447.png\" alt=\"\ud83d\udc47\" class=\"wp-smiley\" style=\"height: 1em; max-height: 1em;\"><\/p>\n<p>\u00c9 f\u00e1cil! <img decoding=\"async\" src=\"https:\/\/s.w.org\/images\/core\/emoji\/17.0.2\/72x72\/1f609.png\" alt=\"\ud83d\ude09\" class=\"wp-smiley\" style=\"height: 1em; max-height: 1em;\"> Clique no nome de qualquer uma das plataformas abaixo para nos encontrar:<br \/><a href=\"https:\/\/www.instagram.com\/midiamax\/\">Instagram<\/a>, <a href=\"https:\/\/www.facebook.com\/midiamax\">Facebook<\/a>, <a href=\"https:\/\/www.tiktok.com\/@midiamax\">TikTok<\/a>, <a href=\"https:\/\/www.youtube.com\/@jornal.midiamax\">YouTube<\/a>, <a href=\"https:\/\/whatsapp.com\/channel\/0029Va7FGJa9cDDXCIIEOn3d\">WhatsApp<\/a>, <a href=\"https:\/\/bsky.app\/profile\/midiamax.bsky.social\">Bluesky<\/a> e <a href=\"https:\/\/www.threads.net\/@midiamax?hl=pt-br\">Threads<\/a>.<\/p>\n<p><img decoding=\"async\" src=\"https:\/\/s.w.org\/images\/core\/emoji\/17.0.2\/72x72\/1f4ac.png\" alt=\"\ud83d\udcac\" class=\"wp-smiley\" style=\"height: 1em; max-height: 1em;\"> Fique atualizado com o <strong>melhor do jornalismo local<\/strong> e participe das nossas coberturas!<\/p>\n<p class=\"wp-block-paragraph\">(Revis\u00e3o: D\u00e1fini Lisboa)<\/p>\n<p><!-- bloco-portais-jbr --><\/p>\n<div class=\"box-portais-jbr\" style=\"border:1px solid #e0e0e0;padding:16px 18px;margin:24px 0;border-radius:8px;background:#f9f9f9;font-size:0.95rem;\">\n<p style=\"margin:0 0 10px 0;font-weight:600;\">\n        Continue sempre bem informado acessando nossos portais:\n    <\/p>\n<ul style=\"margin:0;padding-left:20px;\">\n<li style=\"margin-bottom:8px;\">\n            <strong><a href=\"https:\/\/jornaldiadia.com.br\/\" target=\"_blank\" rel=\"noopener\" style=\"text-decoration:none;\">Jornal Dia Dia<\/a><\/strong> \u2013<br \/>\n            Sua fonte confi\u00e1vel para as melhores not\u00edcias e artigos \u00fateis. Fique por dentro dos acontecimentos mais importantes, dicas pr\u00e1ticas e conte\u00fados de qualidade.\n        <\/li>\n<li style=\"margin-bottom:8px;\">\n            <strong><a href=\"https:\/\/jbr.jor.br\/\" target=\"_blank\" rel=\"noopener\" style=\"text-decoration:none;\">Jornal Brasil Regional (JBR)<\/a><\/strong> \u2013<br \/>\n            O pulso do pa\u00eds em tempo real. Not\u00edcias nacionais, regionais e internacionais com \u00e9tica e credibilidade.\n        <\/li>\n<li style=\"margin-bottom:8px;\">\n            <strong><a href=\"https:\/\/castilho.jor.br\/\" target=\"_blank\" rel=\"noopener\" style=\"text-decoration:none;\">Castilho Not\u00edcias (News)<\/a><\/strong> \u2013<br \/>\n            O seu di\u00e1rio local com cobertura de Castilho e Regi\u00e3o (SP). Jornalismo com credibilidade.\n        <\/li>\n<li style=\"margin-bottom:8px;\">\n            <strong><a href=\"https:\/\/casaejardim.net.br\/\" target=\"_blank\" rel=\"noopener\" style=\"text-decoration:none;\">Casa e Jardim<\/a><\/strong> \u2013<br \/>\n            Dicas exclusivas sobre decora\u00e7\u00e3o, jardinagem, arquitetura, DIY, reformas e muito mais. Tend\u00eancias, solu\u00e7\u00f5es pr\u00e1ticas e ideias criativas para todos os estilos e or\u00e7amentos.\n        <\/li>\n<li style=\"margin-bottom:0;\">\n            <strong><a href=\"https:\/\/b10.net.br\/\" target=\"_blank\" rel=\"noopener\" style=\"text-decoration:none;\">B10 Brasil<\/a><\/strong> \u2013<br \/>\n            As principais not\u00edcias, an\u00e1lises e insights sobre neg\u00f3cios, economia e soberania nacional. Conectando o Brasil ao mundo com intelig\u00eancia e estrat\u00e9gia.\n        <\/li>\n<\/ul>\n<\/div>\n<p><!-- \/bloco-portais-jbr --><\/div>\n","protected":false},"excerpt":{"rendered":"<p>Atual presidente deu in\u00edcio \u00e0 corrida eleitoral de 2026 em local considerado \u2018ber\u00e7o\u2019 pol\u00edtico do petista Idaicy Solano \u2013 16\/08\/2026 \u2013 12:30 \u2013 Lula durante com\u00edcio neste domingo (16). (Foto: Taba Benedicto\/Estad\u00e3o) O presidente Luiz In\u00e1cio Lula da Silva (PT) realizou seu primeiro discurso como candidato oficial \u00e0 reelei\u00e7\u00e3o na<span class=\"more-link\"><a href=\"http:\/\/diadianews.com\/index.php\/2026\/08\/16\/de-volta-a-vila-euclides-lula-lanca-campanha-de-reeleicao-e-fala-sobre-combate-a-violencia-contra-as-mulheres\/\">Continue Reading<\/a><\/span><\/p>\n","protected":false},"author":1,"featured_media":6825,"comment_status":"closed","ping_status":"closed","sticky":false,"template":"","format":"standard","meta":{"footnotes":""},"categories":[1],"tags":[],"class_list":["entry","author-valdei","post-6824","post","type-post","status-publish","format-standard","has-post-thumbnail","category-news-do-dia"],"_links":{"self":[{"href":"http:\/\/diadianews.com\/index.php\/wp-json\/wp\/v2\/posts\/6824","targetHints":{"allow":["GET"]}}],"collection":[{"href":"http:\/\/diadianews.com\/index.php\/wp-json\/wp\/v2\/posts"}],"about":[{"href":"http:\/\/diadianews.com\/index.php\/wp-json\/wp\/v2\/types\/post"}],"author":[{"embeddable":true,"href":"http:\/\/diadianews.com\/index.php\/wp-json\/wp\/v2\/users\/1"}],"replies":[{"embeddable":true,"href":"http:\/\/diadianews.com\/index.php\/wp-json\/wp\/v2\/comments?post=6824"}],"version-history":[{"count":0,"href":"http:\/\/diadianews.com\/index.php\/wp-json\/wp\/v2\/posts\/6824\/revisions"}],"wp:featuredmedia":[{"embeddable":true,"href":"http:\/\/diadianews.com\/index.php\/wp-json\/wp\/v2\/media\/6825"}],"wp:attachment":[{"href":"http:\/\/diadianews.com\/index.php\/wp-json\/wp\/v2\/media?parent=6824"}],"wp:term":[{"taxonomy":"category","embeddable":true,"href":"http:\/\/diadianews.com\/index.php\/wp-json\/wp\/v2\/categories?post=6824"},{"taxonomy":"post_tag","embeddable":true,"href":"http:\/\/diadianews.com\/index.php\/wp-json\/wp\/v2\/tags?post=6824"}],"curies":[{"name":"wp","href":"https:\/\/api.w.org\/{rel}","templated":true}]}}