{"id":6834,"date":"2026-08-16T18:29:09","date_gmt":"2026-08-16T21:29:09","guid":{"rendered":"https:\/\/diadianews.com\/index.php\/2026\/08\/16\/veja-as-agendas-dos-candidatos-a-presidencia-para-este-domingo-16\/"},"modified":"2026-08-16T18:29:09","modified_gmt":"2026-08-16T21:29:09","slug":"veja-as-agendas-dos-candidatos-a-presidencia-para-este-domingo-16","status":"publish","type":"post","link":"http:\/\/diadianews.com\/index.php\/2026\/08\/16\/veja-as-agendas-dos-candidatos-a-presidencia-para-este-domingo-16\/","title":{"rendered":"Veja as agendas dos candidatos \u00e0 presid\u00eancia para este domingo (16)"},"content":{"rendered":"<div>\n<p class=\"wp-block-paragraph\">Candidatos fazem com\u00edcios, panfletagem, encontros e lives<\/p>\n<p class=\"wp-block-paragraph\">Ag\u00eancia Brasil<\/p>\n<p class=\"wp-block-paragraph\">Publicado em 16\/08\/2026 \u2013 09:21 \u2013 Foto Montagem\/Divulga\u00e7\u00e3o<\/p>\n<p class=\"wp-block-paragraph\">S\u00e3o Paulo<a href=\"https:\/\/api.whatsapp.com\/send?text=Veja+as+agendas+dos+candidatos+%C3%A0+presid%C3%AAncia+para+este+domingo+%2816%29+%7C+Ag%C3%AAncia+Brasil+%7C+Ag%C3%AAncia+Brasil+%7C+https%3A%2F%2Fagenciabrasil.ebc.com.br%2Fpolitica%2Fnoticia%2F2026-08%2Fveja-agendas-dos-candidatos-presidencia-para-este-domingo-16\" target=\"_blank\" rel=\"noreferrer noopener\"> <\/a><a href=\"https:\/\/api.whatsapp.com\/send?text=Veja+as+agendas+dos+candidatos+%C3%A0+presid%C3%AAncia+para+este+domingo+%2816%29+%7C+Ag%C3%AAncia+Brasil+%7C+Ag%C3%AAncia+Brasil+%7C+https%3A%2F%2Fagenciabrasil.ebc.com.br%2Fpolitica%2Fnoticia%2F2026-08%2Fveja-agendas-dos-candidatos-presidencia-para-este-domingo-16\" target=\"_blank\" rel=\"noreferrer noopener\"><\/a><a href=\"https:\/\/api.whatsapp.com\/send?text=Veja+as+agendas+dos+candidatos+%C3%A0+presid%C3%AAncia+para+este+domingo+%2816%29+%7C+Ag%C3%AAncia+Brasil+%7C+Ag%C3%AAncia+Brasil+%7C+https%3A%2F%2Fagenciabrasil.ebc.com.br%2Fpolitica%2Fnoticia%2F2026-08%2Fveja-agendas-dos-candidatos-presidencia-para-este-domingo-16\" target=\"_blank\" rel=\"noreferrer noopener\"> <\/a><a href=\"https:\/\/facebook.com\/sharer.php?u=https%3A%2F%2Fagenciabrasil.ebc.com.br%2Fpolitica%2Fnoticia%2F2026-08%2Fveja-agendas-dos-candidatos-presidencia-para-este-domingo-16&amp;t=Veja+as+agendas+dos+candidatos+%C3%A0+presid%C3%AAncia+para+este+domingo+%2816%29+%7C+Ag%C3%AAncia+Brasil\" target=\"_blank\" rel=\"noreferrer noopener\"><\/a><a href=\"https:\/\/facebook.com\/sharer.php?u=https%3A%2F%2Fagenciabrasil.ebc.com.br%2Fpolitica%2Fnoticia%2F2026-08%2Fveja-agendas-dos-candidatos-presidencia-para-este-domingo-16&amp;t=Veja+as+agendas+dos+candidatos+%C3%A0+presid%C3%AAncia+para+este+domingo+%2816%29+%7C+Ag%C3%AAncia+Brasil\" target=\"_blank\" rel=\"noreferrer noopener\"> <\/a><a href=\"https:\/\/facebook.com\/sharer.php?u=https%3A%2F%2Fagenciabrasil.ebc.com.br%2Fpolitica%2Fnoticia%2F2026-08%2Fveja-agendas-dos-candidatos-presidencia-para-este-domingo-16&amp;t=Veja+as+agendas+dos+candidatos+%C3%A0+presid%C3%AAncia+para+este+domingo+%2816%29+%7C+Ag%C3%AAncia+Brasil\" target=\"_blank\" rel=\"noreferrer noopener\"><\/a><a href=\"https:\/\/twitter.com\/intent\/tweet?url=https%3A%2F%2Fagenciabrasil.ebc.com.br%2Fpolitica%2Fnoticia%2F2026-08%2Fveja-agendas-dos-candidatos-presidencia-para-este-domingo-16&amp;text=Veja+as+agendas+dos+candidatos+%C3%A0+presid%C3%AAncia+para+este+domingo+%2816%29+%7C+Ag%C3%AAncia+Brasil\" target=\"_blank\" rel=\"noreferrer noopener\"> <\/a><a href=\"https:\/\/twitter.com\/intent\/tweet?url=https%3A%2F%2Fagenciabrasil.ebc.com.br%2Fpolitica%2Fnoticia%2F2026-08%2Fveja-agendas-dos-candidatos-presidencia-para-este-domingo-16&amp;text=Veja+as+agendas+dos+candidatos+%C3%A0+presid%C3%AAncia+para+este+domingo+%2816%29+%7C+Ag%C3%AAncia+Brasil\" target=\"_blank\" rel=\"noreferrer noopener\"><\/a><a href=\"https:\/\/tts-app.ebc.com.br\/media\/tts\/261038.mp3\"> <\/a><a href=\"https:\/\/www.linkedin.com\/shareArticle?url=https%3A%2F%2Fagenciabrasil.ebc.com.br%2Fpolitica%2Fnoticia%2F2026-08%2Fveja-agendas-dos-candidatos-presidencia-para-este-domingo-16&amp;summary=Veja+as+agendas+dos+candidatos+%C3%A0+presid%C3%AAncia+para+este+domingo+%2816%29+%7C+Ag%C3%AAncia+Brasil\" target=\"_blank\" rel=\"noreferrer noopener\"><\/a><a href=\"https:\/\/www.linkedin.com\/shareArticle?url=https%3A%2F%2Fagenciabrasil.ebc.com.br%2Fpolitica%2Fnoticia%2F2026-08%2Fveja-agendas-dos-candidatos-presidencia-para-este-domingo-16&amp;summary=Veja+as+agendas+dos+candidatos+%C3%A0+presid%C3%AAncia+para+este+domingo+%2816%29+%7C+Ag%C3%AAncia+Brasil\" target=\"_blank\" rel=\"noreferrer noopener\"><\/a>Vers\u00e3o em \u00e1udio<audio src=\"https:\/\/tts-app.ebc.com.br\/media\/tts\/261038.mp3\"><\/audio><\/p>\n<p class=\"wp-block-paragraph\">As campanhas eleitorais para a Presid\u00eancia da Rep\u00fablica come\u00e7am neste domingo (16), dia em que os candidatos e candidtas est\u00e3o autorizados a iniciar oficialmente a propaganda eleitoral nas ruas e na internet. <\/p>\n<p class=\"wp-block-paragraph\">Os presidenci\u00e1veis programaram atos de lan\u00e7amento em diferentes regi\u00f5es do pa\u00eds, geralmente escolhendo locais associados \u00e0 sua trajet\u00f3ria pol\u00edtica ou \u00e0s bases eleitorais de suas candidaturas.<img decoding=\"async\" src=\"https:\/\/agenciabrasil.ebc.com.br\/ebc.png?id=1699750&amp;o=node\"><img decoding=\"async\" src=\"https:\/\/agenciabrasil.ebc.com.br\/ebc.gif?id=1699750&amp;o=node\"><\/p>\n<p class=\"wp-block-paragraph\">Veja a agenda de hoje para as campanhas eleitorais que definir\u00e3o quem comandar\u00e1 o pa\u00eds pelos pr\u00f3ximos quatro anos, contados a partir de 2027.<\/p>\n<p class=\"wp-block-paragraph\"><strong>Lula<\/strong><\/p>\n<p class=\"wp-block-paragraph\">O candidato Luiz In\u00e1cio Lula da Silva (PT) participar\u00e1 do ato p\u00fablico \u201cLula: onde tudo come\u00e7ou\u201d, no Est\u00e1dio Municipal 1\u00ba de Maio (Vila Euclides), em S\u00e3o Bernardo do Campo (SP). <\/p>\n<p class=\"wp-block-paragraph\">A expectativa \u00e9 de que, durante o evento, os participantes relembrem as origens de militante sindical do atual presidente que tenta seu quarto mandato no Pal\u00e1cio do Planalto. <\/p>\n<p class=\"wp-block-paragraph\">O evento ser\u00e1 transmitido pela plataforma oficial do Lula 2026.<\/p>\n<p class=\"wp-block-paragraph\"><strong>Fl\u00e1vio Bolsonaro<\/strong><\/p>\n<p class=\"wp-block-paragraph\">O candidato Fl\u00e1vio Bolsonaro (PL) estar\u00e1, a partir das 10h na praia de Copacabana, pr\u00f3ximo ao Posto 5, no Rio de Janeiro. De acordo com sua equipe, o in\u00edcio do com\u00edcio est\u00e1 previsto para as 11h em um trio el\u00e9trico, neste tradicional ponto de encontro de sua base eleitoral. Al\u00e9m do ato p\u00fablico e da mobiliza\u00e7\u00e3o popular, est\u00e1 prevista caminhada e conversas com eleitores na orla.<\/p>\n<p class=\"wp-block-paragraph\">Ronaldo Caiado<\/p>\n<p class=\"wp-block-paragraph\">Ronaldo Caiado (PSD) far\u00e1 campanha na regi\u00e3o do entorno entre o Distrito Federal e Goi\u00e1s. Est\u00e3o previstos carreata e encontros regionais em cinco munic\u00edpios. \u00e0s 8h, o candidato estar\u00e1 em \u00c1guas Lindas de Goi\u00e1s, em frente ao Mercad\u00e3o Goiano. <\/p>\n<p class=\"wp-block-paragraph\">De l\u00e1, ele segue para Santo Ant\u00f4nio do Descoberta, para participar de evento \u00e0s 10h em frente ao Sindicato Rural. <\/p>\n<p class=\"wp-block-paragraph\">\u00c0s 11h30, Caiado vai ao Lago Azul, no Novo Gama, para um ato em frente \u00e0 garagem da Rota do Sol. Segue ent\u00e3o para o Setor C\u00e9u Azul, em Valpara\u00edso de Goi\u00e1s, onde participar\u00e1, \u00e0s 13h, de um evento no terminal de vans.<\/p>\n<p class=\"wp-block-paragraph\"> \u00c0s 14h30, estar\u00e1 no Bal\u00e3o da Santa, na Cidade Ocidental. Ele encerrar\u00e1 o dia de campanha \u00e0s 16h na Avenida 6, em Luzi\u00e2nia.<\/p>\n<p class=\"wp-block-paragraph\">Veja as agendas dos demais candidatos:<\/p>\n<p class=\"wp-block-paragraph\"><strong>Romeu Zema (Novo)<\/strong><\/p>\n<p class=\"wp-block-paragraph\">Local: Montes Claros (MG).<\/p>\n<p class=\"wp-block-paragraph\">Atividade: Encontro de mobiliza\u00e7\u00e3o e caminhada no norte de Minas Gerais.<\/p>\n<p class=\"wp-block-paragraph\">Hor\u00e1rio: N\u00e3o divulgado em grade hor\u00e1ria fechada<\/p>\n<p class=\"wp-block-paragraph\"><strong>Renan Santos (Miss\u00e3o)<\/strong><\/p>\n<p class=\"wp-block-paragraph\">Local: Largo S\u00e3o Francisco (em frente \u00e0 Faculdade de Direito da USP), S\u00e3o Paulo (SP).<\/p>\n<p class=\"wp-block-paragraph\">Atividade: Ato p\u00fablico com discurso marcado para o parlat\u00f3rio do pr\u00e9dio hist\u00f3rico.<\/p>\n<p class=\"wp-block-paragraph\">Hor\u00e1rio: 12h (meio-dia)<\/p>\n<p class=\"wp-block-paragraph\"><strong>Samara Martins (UP)<\/strong><\/p>\n<p class=\"wp-block-paragraph\">Local: Zona Leste de S\u00e3o Paulo (SP).<\/p>\n<p class=\"wp-block-paragraph\">Atividade: Evento de lan\u00e7amento de campanha com milit\u00e2ncia da Unidade Popular.<\/p>\n<p class=\"wp-block-paragraph\">Hor\u00e1rio: n\u00e3o divulgou o hor\u00e1rio exato publicamente<\/p>\n<p class=\"wp-block-paragraph\"><strong>Augusto Cury (Avante)<\/strong><\/p>\n<p class=\"wp-block-paragraph\">Local: Bairro S\u00e3o Jo\u00e3o Batista, em Santa Luzia \u2013 Regi\u00e3o Metropolitana de Belo Horizonte<\/p>\n<p class=\"wp-block-paragraph\">Atividade: Evento para lan\u00e7amento de campanha na Pra\u00e7a da Esta\u00e7\u00e3ozinha, com pol\u00edticos locais e filiados do partido. Antes, falar\u00e1 com jornalistas na Rua do Com\u00e9rcio, n\u00ba 86<\/p>\n<p class=\"wp-block-paragraph\">Hor\u00e1rio: a partir das 10h<\/p>\n<p class=\"wp-block-paragraph\"><strong>Hertz Dias (PSTU)<\/strong><\/p>\n<p class=\"wp-block-paragraph\">Local: Feira da Vila Matilde, na zona leste de S\u00e3o Paulo<\/p>\n<p class=\"wp-block-paragraph\">Atividade: Panfletagem e conversa com moradores, trabalhadores e feirantes<\/p>\n<p class=\"wp-block-paragraph\">Hor\u00e1rio: 8h<\/p>\n<p class=\"wp-block-paragraph\">Local: Avenida Paulista<\/p>\n<p class=\"wp-block-paragraph\">Atividade: caminhada e panfletagem<\/p>\n<p class=\"wp-block-paragraph\">Hor\u00e1rio: 10h<\/p>\n<p class=\"wp-block-paragraph\">Local: feira de S\u00e3o Jos\u00e9 dos Campos<\/p>\n<p class=\"wp-block-paragraph\">Atividade: Panfletagem, encontro e confraterniza\u00e7\u00e3o com apoiadores<\/p>\n<p class=\"wp-block-paragraph\">Hor\u00e1rio: 12h30<\/p>\n<p class=\"wp-block-paragraph\">Local: sede do PSTU S\u00e3o Paulo, no bairro da Bela Vista<\/p>\n<p class=\"wp-block-paragraph\">Atividade: lan\u00e7amento de candidaturas do partido<\/p>\n<p class=\"wp-block-paragraph\">Hor\u00e1rio: 16h<\/p>\n<p class=\"wp-block-paragraph\"><strong>Edimilson Costa (PCB)<\/strong><\/p>\n<p class=\"wp-block-paragraph\">Local: Internet<\/p>\n<p class=\"wp-block-paragraph\">Atividade: live no canal do Poder Popular no YouTube<\/p>\n<p class=\"wp-block-paragraph\">Hor\u00e1rio: 19h20<\/p>\n<p class=\"wp-block-paragraph\"><strong>AGENDAS N\u00c3O INFORMADAS<\/strong><\/p>\n<p class=\"wp-block-paragraph\">Clariana Bar\u00e3o (DC)<\/p>\n<p class=\"wp-block-paragraph\">Leonardo Avalanche (PRTB)<\/p>\n<p class=\"wp-block-paragraph\">Rui Costa Pimenta (PCO)<\/p>\n<p class=\"wp-block-paragraph\">Wilson Grassi (Democrata)<\/p>\n<p class=\"wp-block-paragraph\">Edi\u00e7\u00e3o:<\/p>\n<p class=\"wp-block-paragraph\">Odair Braz J\u00fanior<\/p>\n<p><!-- bloco-portais-jbr --><\/p>\n<div class=\"box-portais-jbr\" style=\"border:1px solid #e0e0e0;padding:16px 18px;margin:24px 0;border-radius:8px;background:#f9f9f9;font-size:0.95rem;\">\n<p style=\"margin:0 0 10px 0;font-weight:600;\">\n        Continue sempre bem informado acessando nossos portais:\n    <\/p>\n<ul style=\"margin:0;padding-left:20px;\">\n<li style=\"margin-bottom:8px;\">\n            <strong><a href=\"https:\/\/jornaldiadia.com.br\/\" target=\"_blank\" rel=\"noopener\" style=\"text-decoration:none;\">Jornal Dia Dia<\/a><\/strong> \u2013<br \/>\n            Sua fonte confi\u00e1vel para as melhores not\u00edcias e artigos \u00fateis. Fique por dentro dos acontecimentos mais importantes, dicas pr\u00e1ticas e conte\u00fados de qualidade.\n        <\/li>\n<li style=\"margin-bottom:8px;\">\n            <strong><a href=\"https:\/\/jbr.jor.br\/\" target=\"_blank\" rel=\"noopener\" style=\"text-decoration:none;\">Jornal Brasil Regional (JBR)<\/a><\/strong> \u2013<br \/>\n            O pulso do pa\u00eds em tempo real. Not\u00edcias nacionais, regionais e internacionais com \u00e9tica e credibilidade.\n        <\/li>\n<li style=\"margin-bottom:8px;\">\n            <strong><a href=\"https:\/\/castilho.jor.br\/\" target=\"_blank\" rel=\"noopener\" style=\"text-decoration:none;\">Castilho Not\u00edcias (News)<\/a><\/strong> \u2013<br \/>\n            O seu di\u00e1rio local com cobertura de Castilho e Regi\u00e3o (SP). Jornalismo com credibilidade.\n        <\/li>\n<li style=\"margin-bottom:8px;\">\n            <strong><a href=\"https:\/\/casaejardim.net.br\/\" target=\"_blank\" rel=\"noopener\" style=\"text-decoration:none;\">Casa e Jardim<\/a><\/strong> \u2013<br \/>\n            Dicas exclusivas sobre decora\u00e7\u00e3o, jardinagem, arquitetura, DIY, reformas e muito mais. Tend\u00eancias, solu\u00e7\u00f5es pr\u00e1ticas e ideias criativas para todos os estilos e or\u00e7amentos.\n        <\/li>\n<li style=\"margin-bottom:0;\">\n            <strong><a href=\"https:\/\/b10.net.br\/\" target=\"_blank\" rel=\"noopener\" style=\"text-decoration:none;\">B10 Brasil<\/a><\/strong> \u2013<br \/>\n            As principais not\u00edcias, an\u00e1lises e insights sobre neg\u00f3cios, economia e soberania nacional. Conectando o Brasil ao mundo com intelig\u00eancia e estrat\u00e9gia.\n        <\/li>\n<\/ul>\n<\/div>\n<p><!-- \/bloco-portais-jbr --><\/div>\n","protected":false},"excerpt":{"rendered":"<p>Candidatos fazem com\u00edcios, panfletagem, encontros e lives Ag\u00eancia Brasil Publicado em 16\/08\/2026 \u2013 09:21 \u2013 Foto Montagem\/Divulga\u00e7\u00e3o S\u00e3o Paulo Vers\u00e3o em \u00e1udio As campanhas eleitorais para a Presid\u00eancia da Rep\u00fablica come\u00e7am neste domingo (16), dia em que os candidatos e candidtas est\u00e3o autorizados a iniciar oficialmente a propaganda eleitoral nas<span class=\"more-link\"><a href=\"http:\/\/diadianews.com\/index.php\/2026\/08\/16\/veja-as-agendas-dos-candidatos-a-presidencia-para-este-domingo-16\/\">Continue Reading<\/a><\/span><\/p>\n","protected":false},"author":1,"featured_media":6835,"comment_status":"closed","ping_status":"closed","sticky":false,"template":"","format":"standard","meta":{"footnotes":""},"categories":[1],"tags":[],"class_list":["entry","author-valdei","post-6834","post","type-post","status-publish","format-standard","has-post-thumbnail","category-news-do-dia"],"_links":{"self":[{"href":"http:\/\/diadianews.com\/index.php\/wp-json\/wp\/v2\/posts\/6834","targetHints":{"allow":["GET"]}}],"collection":[{"href":"http:\/\/diadianews.com\/index.php\/wp-json\/wp\/v2\/posts"}],"about":[{"href":"http:\/\/diadianews.com\/index.php\/wp-json\/wp\/v2\/types\/post"}],"author":[{"embeddable":true,"href":"http:\/\/diadianews.com\/index.php\/wp-json\/wp\/v2\/users\/1"}],"replies":[{"embeddable":true,"href":"http:\/\/diadianews.com\/index.php\/wp-json\/wp\/v2\/comments?post=6834"}],"version-history":[{"count":0,"href":"http:\/\/diadianews.com\/index.php\/wp-json\/wp\/v2\/posts\/6834\/revisions"}],"wp:featuredmedia":[{"embeddable":true,"href":"http:\/\/diadianews.com\/index.php\/wp-json\/wp\/v2\/media\/6835"}],"wp:attachment":[{"href":"http:\/\/diadianews.com\/index.php\/wp-json\/wp\/v2\/media?parent=6834"}],"wp:term":[{"taxonomy":"category","embeddable":true,"href":"http:\/\/diadianews.com\/index.php\/wp-json\/wp\/v2\/categories?post=6834"},{"taxonomy":"post_tag","embeddable":true,"href":"http:\/\/diadianews.com\/index.php\/wp-json\/wp\/v2\/tags?post=6834"}],"curies":[{"name":"wp","href":"https:\/\/api.w.org\/{rel}","templated":true}]}}