{"id":6836,"date":"2026-08-16T18:29:10","date_gmt":"2026-08-16T21:29:10","guid":{"rendered":"https:\/\/diadianews.com\/index.php\/2026\/08\/16\/candidato-a-deputado-federal-jaime-verruck-lanca-plano-de-acao-parlamentar-2027-2030\/"},"modified":"2026-08-16T18:29:10","modified_gmt":"2026-08-16T21:29:10","slug":"candidato-a-deputado-federal-jaime-verruck-lanca-plano-de-acao-parlamentar-2027-2030","status":"publish","type":"post","link":"http:\/\/diadianews.com\/index.php\/2026\/08\/16\/candidato-a-deputado-federal-jaime-verruck-lanca-plano-de-acao-parlamentar-2027-2030\/","title":{"rendered":"Candidato a deputado federal, Jaime Verruck lan\u00e7a \u201cPlano de A\u00e7\u00e3o Parlamentar \u2014 2027\/2030\u201d"},"content":{"rendered":"<div>\n<p class=\"wp-block-paragraph\">16\/08\/2026 | Por Assessoria de Imprensa \u2013 Jaime Verruck convida a popula\u00e7\u00e3o a contribuir com sugest\u00f5es. IMG editada por IA<\/p>\n<p class=\"wp-block-paragraph\">Focado no desenvolvimento sustent\u00e1vel e inovador para Mato Grosso do Sul e para o Brasil, Jaime Verruck, candidato a deputado federal pelo Republicanos, lan\u00e7ou, neste domingo (16), o \u201cPlano de A\u00e7\u00e3o Parlamentar \u2014 2027\/2030\u201d, que apresenta sete eixos estrat\u00e9gicos para atua\u00e7\u00e3o.\u00a0<\/p>\n<p class=\"wp-block-paragraph\">Agenda verde, Bioeconomia e Transi\u00e7\u00e3o Energ\u00e9tica; Ind\u00fastria, Infraestrutura e Competitividade; Com\u00e9rcio, Servi\u00e7os e Empreendedorismo; Ci\u00eancia, Tecnologia e Inova\u00e7\u00e3o; Sa\u00fade P\u00fablica Digital; Educa\u00e7\u00e3o voltada ao Trabalho e Inova\u00e7\u00e3o, al\u00e9m de Tecnologia a favor da Seguran\u00e7a P\u00fablica comp\u00f5em o documento.\u00a0<\/p>\n<p class=\"wp-block-paragraph\"><em>\u201cNo per\u00edodo de pr\u00e9-campanha, conversei com in\u00fameras pessoas de diferentes munic\u00edpios e \u00e1reas de atua\u00e7\u00e3o, que falaram sobre a necessidade de novas propostas que tenham o objetivo do desenvolvimento. A realidade apresentada por elas e a experi\u00eancia que trago em gest\u00e3o me subsidiaram na elabora\u00e7\u00e3o deste plano, um documento aberto para receber contribui\u00e7\u00f5es de toda a popula\u00e7\u00e3o\u201d<\/em>, diz Jaime Verruck.\u00a0<\/p>\n<p class=\"wp-block-paragraph\">O \u201cPlano de A\u00e7\u00e3o Parlamentar \u2014 2027\/2030\u201d est\u00e1 dispon\u00edvel no site <a href=\"http:\/\/www.jaimeverruckms.com.br\/\">www.jaimeverruckms.com.br<\/a>, onde h\u00e1 uma aba para que a popula\u00e7\u00e3o possa enviar contribui\u00e7\u00f5es para compor o documento.\u00a0<\/p>\n<p class=\"wp-block-paragraph\">A iniciativa de disponibilizar o \u201cPlano de A\u00e7\u00e3o Parlamentar \u2014 2027\/2030\u201d refor\u00e7a o perfil qualificado de Jaime Verruck que, com sensibilidade, identifica situa\u00e7\u00f5es, tra\u00e7a estrat\u00e9gias e as executa, gerando resultados e ultrapassando metas.\u00a0<\/p>\n<p class=\"wp-block-paragraph\">A aten\u00e7\u00e3o do candidato \u00e9 focada em um trabalho transparente e participativo com \u201c<em>Desenvolvimento, Compet\u00eancia e Resultado\u201d.<\/em><\/p>\n<p><!-- bloco-portais-jbr --><\/p>\n<div class=\"box-portais-jbr\" style=\"border:1px solid #e0e0e0;padding:16px 18px;margin:24px 0;border-radius:8px;background:#f9f9f9;font-size:0.95rem;\">\n<p style=\"margin:0 0 10px 0;font-weight:600;\">\n        Continue sempre bem informado acessando nossos portais:\n    <\/p>\n<ul style=\"margin:0;padding-left:20px;\">\n<li style=\"margin-bottom:8px;\">\n            <strong><a href=\"https:\/\/jornaldiadia.com.br\/\" target=\"_blank\" rel=\"noopener\" style=\"text-decoration:none;\">Jornal Dia Dia<\/a><\/strong> \u2013<br \/>\n            Sua fonte confi\u00e1vel para as melhores not\u00edcias e artigos \u00fateis. Fique por dentro dos acontecimentos mais importantes, dicas pr\u00e1ticas e conte\u00fados de qualidade.\n        <\/li>\n<li style=\"margin-bottom:8px;\">\n            <strong><a href=\"https:\/\/jbr.jor.br\/\" target=\"_blank\" rel=\"noopener\" style=\"text-decoration:none;\">Jornal Brasil Regional (JBR)<\/a><\/strong> \u2013<br \/>\n            O pulso do pa\u00eds em tempo real. Not\u00edcias nacionais, regionais e internacionais com \u00e9tica e credibilidade.\n        <\/li>\n<li style=\"margin-bottom:8px;\">\n            <strong><a href=\"https:\/\/castilho.jor.br\/\" target=\"_blank\" rel=\"noopener\" style=\"text-decoration:none;\">Castilho Not\u00edcias (News)<\/a><\/strong> \u2013<br \/>\n            O seu di\u00e1rio local com cobertura de Castilho e Regi\u00e3o (SP). Jornalismo com credibilidade.\n        <\/li>\n<li style=\"margin-bottom:8px;\">\n            <strong><a href=\"https:\/\/casaejardim.net.br\/\" target=\"_blank\" rel=\"noopener\" style=\"text-decoration:none;\">Casa e Jardim<\/a><\/strong> \u2013<br \/>\n            Dicas exclusivas sobre decora\u00e7\u00e3o, jardinagem, arquitetura, DIY, reformas e muito mais. Tend\u00eancias, solu\u00e7\u00f5es pr\u00e1ticas e ideias criativas para todos os estilos e or\u00e7amentos.\n        <\/li>\n<li style=\"margin-bottom:0;\">\n            <strong><a href=\"https:\/\/b10.net.br\/\" target=\"_blank\" rel=\"noopener\" style=\"text-decoration:none;\">B10 Brasil<\/a><\/strong> \u2013<br \/>\n            As principais not\u00edcias, an\u00e1lises e insights sobre neg\u00f3cios, economia e soberania nacional. Conectando o Brasil ao mundo com intelig\u00eancia e estrat\u00e9gia.\n        <\/li>\n<\/ul>\n<\/div>\n<p><!-- \/bloco-portais-jbr --><\/div>\n","protected":false},"excerpt":{"rendered":"<p>16\/08\/2026 | Por Assessoria de Imprensa \u2013 Jaime Verruck convida a popula\u00e7\u00e3o a contribuir com sugest\u00f5es. IMG editada por IA Focado no desenvolvimento sustent\u00e1vel e inovador para Mato Grosso do Sul e para o Brasil, Jaime Verruck, candidato a deputado federal pelo Republicanos, lan\u00e7ou, neste domingo (16), o \u201cPlano de<span class=\"more-link\"><a href=\"http:\/\/diadianews.com\/index.php\/2026\/08\/16\/candidato-a-deputado-federal-jaime-verruck-lanca-plano-de-acao-parlamentar-2027-2030\/\">Continue Reading<\/a><\/span><\/p>\n","protected":false},"author":1,"featured_media":6837,"comment_status":"closed","ping_status":"closed","sticky":false,"template":"","format":"standard","meta":{"footnotes":""},"categories":[1],"tags":[],"class_list":["entry","author-valdei","post-6836","post","type-post","status-publish","format-standard","has-post-thumbnail","category-news-do-dia"],"_links":{"self":[{"href":"http:\/\/diadianews.com\/index.php\/wp-json\/wp\/v2\/posts\/6836","targetHints":{"allow":["GET"]}}],"collection":[{"href":"http:\/\/diadianews.com\/index.php\/wp-json\/wp\/v2\/posts"}],"about":[{"href":"http:\/\/diadianews.com\/index.php\/wp-json\/wp\/v2\/types\/post"}],"author":[{"embeddable":true,"href":"http:\/\/diadianews.com\/index.php\/wp-json\/wp\/v2\/users\/1"}],"replies":[{"embeddable":true,"href":"http:\/\/diadianews.com\/index.php\/wp-json\/wp\/v2\/comments?post=6836"}],"version-history":[{"count":0,"href":"http:\/\/diadianews.com\/index.php\/wp-json\/wp\/v2\/posts\/6836\/revisions"}],"wp:featuredmedia":[{"embeddable":true,"href":"http:\/\/diadianews.com\/index.php\/wp-json\/wp\/v2\/media\/6837"}],"wp:attachment":[{"href":"http:\/\/diadianews.com\/index.php\/wp-json\/wp\/v2\/media?parent=6836"}],"wp:term":[{"taxonomy":"category","embeddable":true,"href":"http:\/\/diadianews.com\/index.php\/wp-json\/wp\/v2\/categories?post=6836"},{"taxonomy":"post_tag","embeddable":true,"href":"http:\/\/diadianews.com\/index.php\/wp-json\/wp\/v2\/tags?post=6836"}],"curies":[{"name":"wp","href":"https:\/\/api.w.org\/{rel}","templated":true}]}}