{"id":6842,"date":"2026-08-17T11:23:12","date_gmt":"2026-08-17T14:23:12","guid":{"rendered":"https:\/\/diadianews.com\/index.php\/2026\/08\/17\/fogo-no-pantanal-empurra-oncas-para-cidade-e-caes-viram-presas-faceis-a-animais-famintos\/"},"modified":"2026-08-17T11:23:12","modified_gmt":"2026-08-17T14:23:12","slug":"fogo-no-pantanal-empurra-oncas-para-cidade-e-caes-viram-presas-faceis-a-animais-famintos","status":"publish","type":"post","link":"http:\/\/diadianews.com\/index.php\/2026\/08\/17\/fogo-no-pantanal-empurra-oncas-para-cidade-e-caes-viram-presas-faceis-a-animais-famintos\/","title":{"rendered":"Fogo no Pantanal empurra on\u00e7as para cidade e c\u00e3es viram presas f\u00e1ceis a animais famintos"},"content":{"rendered":"<div>\n<p class=\"wp-block-paragraph\">A coexist\u00eancia entre on\u00e7as e humanos \u00e9 poss\u00edvel, sendo o \u00fanico caminho para diminuir os conflitos e evitar ataques<\/p>\n<p class=\"wp-block-paragraph\">Murilo Medeiros \u2013 25\/04\/2026 \u2013 07:57 \u2013 On\u00e7a tentou entrar na casa novamente. (Reprodu\u00e7\u00e3o, C\u00e2meras de Seguran\u00e7a)<\/p>\n<figure class=\"wp-block-image size-full\"><\/figure>\n<p class=\"wp-block-paragraph\">Com a aproxima\u00e7\u00e3o de on\u00e7as-pintadas cada vez mais frequente em \u00e1reas habitadas do Pantanal, moradores temem a presen\u00e7a do maior felino das Am\u00e9ricas. O <strong>Jornal Midiamax <\/strong>entrevistou especialistas no assunto para entender por que o animal parece estar cada vez mais perto das pessoas.<\/p>\n<p class=\"wp-block-paragraph\">Em <a href=\"https:\/\/midiamax.com.br\/municipios\/corumba\/\">Corumb\u00e1<\/a>, uma on\u00e7a-pintada ronda a mesma resid\u00eancia h\u00e1 um ano. Ela <a href=\"https:\/\/midiamax.com.br\/cotidiano\/2025\/video-cadelas-dao-apavoro-em-onca-pintada-e-impedem-ataque-apos-felino-invadir-casa-em-ms\/\"><strong>passou pelo local em maio<\/strong><\/a> do ano passado, voltou e <a href=\"https:\/\/midiamax.com.br\/cotidiano\/2026\/video-onca-volta-mata-cachorra-colocou-correr-ha-ano-corumba\/\"><strong>matou uma cadela<\/strong><\/a>, na quarta-feira (22), <a href=\"https:\/\/midiamax.com.br\/cotidiano\/2026\/video-onca-volta-rondar-casa-apos-matar-cadela-colocou-correr-ha-1-ano-ms\/\"><strong>retornando<\/strong><\/a>nesta quinta-feira (23), para pegar galinhas. O animal ser\u00e1 capturado, dever\u00e1 passar por exames e ser <a href=\"https:\/\/midiamax.com.br\/cotidiano\/2026\/onca-voltou-rondar-casa-apos-matar-cadela-sera-capturada-corumba\/\"><strong>devolvido \u00e0 natureza em outro local<\/strong><\/a>.<\/p>\n<p class=\"wp-block-paragraph\">A resposta sobre essa aproxima\u00e7\u00e3o n\u00e3o \u00e9 simples, mas tem rela\u00e7\u00e3o com as <a href=\"https:\/\/midiamax.com.br\/cotidiano\/2025\/pantanal-seca-queima-20-anos-apos-francelmo-dar-vida-lutando-bioma\/\"><strong>queimadas, que destroem o habitat natural das on\u00e7as<\/strong><\/a>; com o fato de que animais dom\u00e9sticos, como c\u00e3es e galinhas, s\u00e3o presas f\u00e1ceis; e \u2014 principalmente \u2014 com a falta de educa\u00e7\u00e3o ambiental e estrutura em locais que sempre viveram com on\u00e7as por perto.<\/p>\n<h2 class=\"wp-block-heading\">Humano \u00e9 vingativo, on\u00e7a \u00e9 animal<\/h2>\n<p class=\"wp-block-paragraph\">Em maio de 2025, a on\u00e7a invadiu a casa para predar animais, mas foi enxotado por duas cadelinhas. Agora, ela voltou, mas uma das cadelas foi devorada pelo felino.\u00a0O fato de o animal ter retornado ao mesmo local\u00a0n\u00e3o passou despercebido pelos internautas, que apontaram <a href=\"https:\/\/midiamax.com.br\/midiamais\/2026\/rancorosa-ataque-onca-mesmo-lugar-apos-ano-vira-meme-voltou-terminar-servico\/\"><strong>poss\u00edvel \u2018vingan\u00e7a\u2019<\/strong><\/a>.<\/p>\n<p class=\"wp-block-paragraph\">A brincadeira das redes sociais \u00e9 assunto s\u00e9rio para quem vive de estudar o comportamento das on\u00e7as. \u201cEsse tipo de motiva\u00e7\u00e3o \u00e9 humana, os animais tomam decis\u00f5es baseadas em sobreviv\u00eancia\u201d, diz o pesquisador Diego Viana, especialista na coexist\u00eancia entre on\u00e7as e pessoas. \u201c\u00c9 uma <strong>humaniza\u00e7\u00e3o do comportamento animal\u201d<\/strong>, completa o bi\u00f3logo Gustavo Figueiroa, diretor na ONG (Organiza\u00e7\u00e3o N\u00e3o Governamental) SOS Pantanal.<\/p>\n<p class=\"wp-block-paragraph\">O retorno a um local geralmente est\u00e1 associado \u00e0 presen\u00e7a de alimento f\u00e1cil, como os c\u00e3es, ou \u00e0 familiaridade com o territ\u00f3rio. \u201cSe voltam, \u00e9 porque encontram algum benef\u00edcio ali\u201d, diz Gustavo. Al\u00e9m disso, a on\u00e7a s\u00f3 volta se o local oferecer pouco risco e se aquele ponto j\u00e1 fizer parte da \u00e1rea que ela utiliza como seu territ\u00f3rio.<\/p>\n<h2 class=\"wp-block-heading\">Habitat em chamas<\/h2>\n<figure class=\"wp-block-image\"><img decoding=\"async\" src=\"https:\/\/cdn.midiamax.com.br\/wp-content\/uploads\/2025\/03\/incendio-Pantanal-Foto-Henrique-Arakaki-Midiamax-1-1536x864-1-1024x576.webp\" alt=\"pantanal inc\u00eandio\" class=\"wp-image-1978869\"><figcaption class=\"wp-element-caption\">Inc\u00eandio no Pantanal, em 2024. (Henrique Arakaki, Midiamax)<\/figcaption><\/figure>\n<p class=\"wp-block-paragraph\">Diego Viana,\u00a0que \u00e9 pesquisador da Jaguarte, em Corumb\u00e1, diz que o aparecimento de on\u00e7as n\u00e3o \u00e9 novidade na cidade. Historicamente, elas se aproximam da popula\u00e7\u00e3o quando o Pantanal inunda, reduz \u00e1reas dispon\u00edveis, e, ent\u00e3o, os animais saem em busca de regi\u00f5es mais altas. No entanto, h\u00e1 outros fatores que intensificam essa movimenta\u00e7\u00e3o.<\/p>\n<p class=\"wp-block-paragraph\">Ano com maiores inc\u00eandios no bioma, 2020 registrou 39,7 mil km\u00b2 de \u00e1rea queimada. Em 2024, foram 27,1 mil km\u00b2 em chamas. Ano passado, queimadas atingiram 2,4 km\u00b2, \u00e1rea menor que em per\u00edodos anteriores. <strong>Quase 160 mil km\u00b2 do bioma foram destru\u00eddos pelo fogo na \u00faltima d\u00e9cada<\/strong>, segundo o Inpe (Instituto Nacional de Pesquisas Espaciais).<\/p>\n<p class=\"wp-block-paragraph\">\u201cEventos extremos, como inc\u00eandios de grande escala, tamb\u00e9m podem provocar esse tipo de deslocamento, ao alterar a disponibilidade de abrigo e de presas no ambiente natural\u201d, explica Diego Viana. Ou seja, n\u00e3o necessariamente a popula\u00e7\u00e3o de on\u00e7as aumentou, mas elas passaram a visitar a cidade com mais frequ\u00eancia.<\/p>\n<p class=\"wp-block-paragraph\">O bi\u00f3logo Gustavo Figueiroa, diretor na ONG SOS Pantanal, concorda. \u201cCidades como Corumb\u00e1, por exemplo, est\u00e3o dentro do Pantanal, uma <strong>\u00e1rea que j\u00e1 era territ\u00f3rio das on\u00e7as antes mesmo da ocupa\u00e7\u00e3o humana<\/strong>\u201d, explica. Segundo ele, a aproxima\u00e7\u00e3o desses animais j\u00e1 \u00e9 esperada. \u201cMuitas vezes, elas est\u00e3o literalmente do outro lado do rio, basta atravessarem para j\u00e1 estarem na cidade.\u201d<\/p>\n<h2 class=\"wp-block-heading\">Cadeia alimentar desequilibrada?<\/h2>\n<figure class=\"wp-block-image\"><img decoding=\"async\" src=\"https:\/\/cdn.midiamax.com.br\/wp-content\/uploads\/2024\/08\/18110211\/veado-pantanal_henrique-1024x576.jpg\" alt=\"\" class=\"wp-image-1828016\"><figcaption class=\"wp-element-caption\">Veado em meio \u00e0s pastagens queimadas. (Henrique Arakaki, Jornal Midiamax)<\/figcaption><\/figure>\n<p class=\"wp-block-paragraph\">Conforme especialistas, <strong>n\u00e3o h\u00e1 evid\u00eancias cient\u00edficas suficientes para dizer que h\u00e1 desequil\u00edbrio na cadeia alimentar<\/strong>. No entanto, \u00e9 imposs\u00edvel desconsiderar que as queimadas dos \u00faltimos anos mataram animais que poderiam servir de alimento aos felinos.\u00a0S\u00f3 em 2020, os inc\u00eandios que destru\u00edram <a href=\"https:\/\/midiamax.com.br\/cotidiano\/2020\/especialistas-em-catastrofes-ambientais-reforcam-equipes-de-resgate-de-animais-no-pantanal\">cerca de 2,9 milh\u00f5es de hectares do Pantanal sul-mato-grossense<\/a>\u00a0tamb\u00e9m\u00a0<a href=\"https:\/\/midiamax.com.br\/cotidiano\/2021\/queimadas-no-pantanal-mataram-17-milhoes-de-animais-em-2020-aponta-estudo\/\"><strong>mataram mais de 17 milh\u00f5es de animais vertebrados<\/strong><\/a>.<\/p>\n<p class=\"wp-block-paragraph\">Mesmo assim, ainda existem animais dispon\u00edveis \u00e0s on\u00e7as na natureza. \u201cC\u00e2meras-trap demonstram a presen\u00e7a de esp\u00e9cies silvestres que comp\u00f5em a dieta natural da on\u00e7a-pintada\u201d, diz Diego Viana. Por outro lado, ele ressalta que \u00e9 necess\u00e1rio realizar estudos mais amplos para tirar conclus\u00f5es sobre a cadeia alimentar.<\/p>\n<p class=\"wp-block-paragraph\">A presen\u00e7a de grandes predadores, como a on\u00e7a-pintada, \u00e9 um indicativo de que o ecossistema mant\u00e9m a funcionalidade, segundo a m\u00e9dica-veterin\u00e1ria Arleni Mesquita Mor\u00ednigo, gerente de Prote\u00e7\u00e3o e Bem-Estar Animal da Funda\u00e7\u00e3o de Meio Ambiente do Pantanal.<\/p>\n<p class=\"wp-block-paragraph\">Arleni concorda que <strong>a aproxima\u00e7\u00e3o pode ser mais justificada pelo deslocamento dos animais do que por desequil\u00edbrios na cadeia alimentar<\/strong>. \u201cExpans\u00e3o urbana, redu\u00e7\u00e3o de habitat natural ou diminui\u00e7\u00e3o de presas silvestres podem influenciar o comportamento desses animais, levando-os a explorar novas \u00e1reas\u201d, explica.<\/p>\n<h2 class=\"wp-block-heading\">C\u00e3es s\u00e3o presas f\u00e1ceis<\/h2>\n<figure class=\"wp-block-embed is-type-rich is-provider-incorporar-manipulador wp-block-embed-incorporar-manipulador\">\n<div class=\"wp-block-embed__wrapper\">\nhttps:\/\/youtube.com\/watch?v=j4xt2M7m5Rs%3Ffeature%3Doembed\n<\/div>\n<\/figure>\n<p class=\"wp-block-paragraph\">Se os animais silvestres s\u00e3o mortos pelo fogo e faltam na natureza, os animais dom\u00e9sticos sobram na cidade e t\u00eam mais dificuldade de se defender. Mesmo sem desequil\u00edbrio de cadeia, as on\u00e7as podem preferir presas mais f\u00e1ceis. \u201c[\u00c9] uma modifica\u00e7\u00e3o da oferta de recursos gerada pela atividade humana\u201d, explica Diego Viana. \u201cC\u00e3es representam uma fonte alimentar de baixo risco e alta previsibilidade\u201d, completa.<\/p>\n<p class=\"wp-block-paragraph\">Esse comportamento \u00e9 associado a fatores como a proximidade entre \u00e1reas urbanas e ambientes naturais, caracter\u00edstica marcante do Pantanal. \u201cN\u00e3o se trata, necessariamente, de uma \u2018invas\u00e3o\u2019, mas de uma sobreposi\u00e7\u00e3o de territ\u00f3rios\u201d, diz Arleni Mesquita Mor\u00ednigo.<\/p>\n<p class=\"wp-block-paragraph\">Para o bi\u00f3logo Gustavo Figueiroa, o problema pode at\u00e9 ser espec\u00edfico de determinado animal. \u201cTalvez esteja mais velho, debilitado, com dificuldade de ca\u00e7ar, ou tenha perdido o medo dos humanos, <strong>pode ter se acostumado a encontrar alimento f\u00e1cil, como lixo ou animais dom\u00e9sticos<\/strong>\u201c, explica o especialista. \u201cN\u00f3s, humanos, estamos dentro do territ\u00f3rio desses animais, coexistimos no mesmo ambiente\u201d, conclui.<\/p>\n<p class=\"wp-block-paragraph\">Assim, o pesquisador da Jaguarte sugere <strong>medidas preventivas <\/strong>para reduzir o risco de conflitos. \u201cRecomenda-se que a popula\u00e7\u00e3o mantenha animais dom\u00e9sticos em abrigos seguros durante o per\u00edodo noturno, evite deix\u00e1-los soltos e n\u00e3o pratique abandono\u201d, orienta Diego Viana.<\/p>\n<h2 class=\"wp-block-heading\">Medo, n\u00e3o; respeito!<\/h2>\n<p class=\"wp-block-paragraph\">Quando se fala em on\u00e7a-pintada, a primeira imagem que vem \u00e0 cabe\u00e7a \u00e9 a de um felino feroz. \u00c9 dif\u00edcil n\u00e3o ter medo ao ouvir o rugido do animal, som conhecido como esturro. Caso emblem\u00e1tico no Estado \u00e9 o do <a href=\"https:\/\/midiamax.com.br\/midiamais\/2026\/ano-depois-veterinario-expoe-estado-onca-devorou-caseiro-pantanal-ms-nao-mansa\/\"><strong>caseiro Jorge \u00c1valo<\/strong><\/a>, de 60 anos,\u00a0que morreu no Pantanal de\u00a0Mato Grosso do Sul\u00a0ap\u00f3s ataque de on\u00e7a em 2025.<\/p>\n<ul class=\"wp-block-list\">\n<li><a href=\"https:\/\/midiamax.com.br\/midiamais\/2026\/ano-depois-veterinario-expoe-estado-onca-devorou-caseiro-pantanal-ms-nao-mansa\/\"><strong>Exilada do Pantanal, on\u00e7a-pintada que matou Jorginho n\u00e3o ficou mansa<\/strong><\/a><\/li>\n<\/ul>\n<p class=\"wp-block-paragraph\">No entanto, os especialistas destacam que a <strong>on\u00e7a-pintada, naturalmente, evita o contato humano<\/strong>. \u201cImportante \u00e9 ter <strong>respeito e cautela, mas n\u00e3o p\u00e2nico<\/strong>. Ataques a pessoas s\u00e3o extremamente raros\u201d, diz Arleni Mesquita Mor\u00ednigo, da Funda\u00e7\u00e3o de Meio Ambiente do Pantanal.<\/p>\n<p class=\"wp-block-paragraph\">\u201cN\u00e3o se deve perder completamente o medo a ponto de achar que s\u00e3o animais inofensivos, elas s\u00e3o predadoras\u201d, diz Gustavo Figueiroa, da SOS Pantanal. Ele completa que ataques a humanos s\u00e3o muito raros no Pantanal, apesar de serem mais comuns em pa\u00edses como a \u00cdndia ou no continente africano.<\/p>\n<p class=\"wp-block-paragraph\">\u201cO Pantanal apresenta uma situa\u00e7\u00e3o relativamente tranquila. Mesmo com a presen\u00e7a da on\u00e7a-pintada, os conflitos s\u00e3o poucos. N\u00e3o \u00e9 como se a pessoa fosse caminhar e ser atacada, as on\u00e7as n\u00e3o t\u00eam o ser humano como parte da sua dieta\u201d, diz Figueiroa. \u201c<strong>O que \u00e9 necess\u00e1rio \u00e9 respeito e aten\u00e7\u00e3o<\/strong>\u201c.<\/p>\n<p class=\"wp-block-paragraph\">A orienta\u00e7\u00e3o \u00e9 evitar circular em \u00e1reas de risco em hor\u00e1rios de maior atividade do animal, como o entardecer e a noite, nem deixar animais dom\u00e9sticos soltos \u2014 e deve-se sempre comunicar avistamentos aos \u00f3rg\u00e3os competentes. Em caso de encontro, recomenda-se n\u00e3o correr, n\u00e3o virar de costas. Na maioria das vezes, o animal foge de gente.<\/p>\n<h2 class=\"wp-block-heading\">Coexist\u00eancia \u00e9 o caminho<\/h2>\n<p class=\"wp-block-paragraph\">Diego Viana, que pesquisa meios de coexist\u00eancia pac\u00edfica entre on\u00e7as e humanos, \u00e9 bisneto de Man\u00e9 Brabo, um ca\u00e7ador de on\u00e7as conhecido na regi\u00e3o de\u00a0Corumb\u00e1\u00a0na d\u00e9cada de 1960. Ele n\u00e3o abandonou o Pantanal, mas optou por mudar o fim da hist\u00f3ria das on\u00e7as que cruzam o caminho desta fam\u00edlia \u2014 agora, elas acabam vivas.<\/p>\n<figure class=\"wp-block-image\"><img decoding=\"async\" src=\"https:\/\/cdn.midiamax.com.br\/wp-content\/uploads\/2026\/03\/WhatsApp-Image-2026-03-26-at-18.20.50.jpeg\" alt=\"\" class=\"wp-image-2972824\"><figcaption class=\"wp-element-caption\">Diego Viana, pesquisador na Jaguarte. (Foto: Henrique Arakaki, Jornal Midiamax)<\/figcaption><\/figure>\n<p class=\"wp-block-paragraph\">As cidades invadiram o habitat dos grandes felinos. Altera\u00e7\u00f5es humanas no meio ambiente, como queimadas e inc\u00eandios, destroem o territ\u00f3rio natural que sobrou e matam as presas. Tudo isso empurra as on\u00e7as para as cidades. Se os humanos n\u00e3o v\u00e3o sair de mudan\u00e7a, tampouco elas far\u00e3o isso por si s\u00f3.<\/p>\n<p class=\"wp-block-paragraph\">O comportamento humano precisa mudar para afugentar as on\u00e7as e proteger animais dom\u00e9sticos e pessoas de forma consciente. O primeiro passo \u00e9 a educa\u00e7\u00e3o. \u201cAs pessoas precisam de informa\u00e7\u00e3o e apoio\u201d, diz Gustavo Figueiroa. \u201cPara quem vive nessas \u00e1reas, n\u00e3o \u00e9 confort\u00e1vel dividir espa\u00e7o com um predador, existe um medo leg\u00edtimo. O poder p\u00fablico tem papel fundamental, oferecendo suporte para reduzir conflitos\u201d, conclui.<\/p>\n<h3 class=\"wp-block-heading\">Como isso \u00e9 poss\u00edvel?<\/h3>\n<p class=\"wp-block-paragraph\">\u201cA medida mais eficaz para reduzir a presen\u00e7a de on\u00e7as em \u00e1reas urbanas \u00e9 diminuir a atratividade do ambiente. Isso envolve manter animais dom\u00e9sticos protegidos, especialmente no per\u00edodo noturno; evitar deix\u00e1-los soltos em vias p\u00fablicas; n\u00e3o abandon\u00e1-los, porque aumenta diretamente o risco de preda\u00e7\u00e3o\u201d, lista Diego.<\/p>\n<p class=\"wp-block-paragraph\">Outras a\u00e7\u00f5es que tornam cidades menos atrativas \u00e0s on\u00e7as, segundo Diego Viana, s\u00e3o:<\/p>\n<ul class=\"wp-block-list\">\n<li>Descarte adequado de res\u00edduos org\u00e2nicos;<\/li>\n<li>Remo\u00e7\u00e3o de carca\u00e7as de animais;<\/li>\n<li>Evitar alimentar fauna silvestre direta ou indiretamente (ceva).<\/li>\n<\/ul>\n<p class=\"wp-block-paragraph\">Al\u00e9m disso, existem dispositivos que aumentam a percep\u00e7\u00e3o de risco pelas on\u00e7as. Por exemplo, as luzes intermitentes (como Foxlights) ou cercas el\u00e9tricas, principalmente se combinadas com outras medidas.<\/p>\n<p class=\"wp-block-paragraph\">Tamb\u00e9m \u00e9 necess\u00e1rio acompanhar a presen\u00e7a do animal para permitir decis\u00f5es r\u00e1pidas. O uso de c\u00e2meras-trap, comunica\u00e7\u00e3o entre institui\u00e7\u00f5es e comunidade e a realiza\u00e7\u00e3o de protocolos t\u00e9cnicos para captura e remo\u00e7\u00e3o s\u00e3o indicados para isso.<\/p>\n<h2 class=\"wp-block-heading\"><img decoding=\"async\" src=\"https:\/\/s.w.org\/images\/core\/emoji\/17.0.2\/72x72\/1f4ac.png\" alt=\"\ud83d\udcac\" class=\"wp-smiley\" style=\"height: 1em; max-height: 1em;\"> Fale com os jornalistas do Midiamax<\/h2>\n<p class=\"wp-block-paragraph\">Tem alguma <strong>den\u00fancia<\/strong>, <strong>flagrante<\/strong>, <strong>reclama\u00e7\u00e3o <\/strong>ou <strong>sugest\u00e3o <\/strong>de pauta para o <strong>Jornal Midiamax<\/strong>?<\/p>\n<p><img decoding=\"async\" src=\"https:\/\/s.w.org\/images\/core\/emoji\/17.0.2\/72x72\/1f5e3.png\" alt=\"\ud83d\udde3\" class=\"wp-smiley\" style=\"height: 1em; max-height: 1em;\"> Envie direto para nossos jornalistas pelo <a href=\"https:\/\/api.whatsapp.com\/send?phone=5567992074330&amp;text=Digite%20aqui%20sua%20den%C3%BAncia.%20Se%20tiver%20fotos%20e%20v%C3%ADdeo%2C%20envie%20tamb%C3%A9m.\">WhatsApp (67) 99207-4330<\/a>. O sigilo est\u00e1 garantido na lei.<\/p>\n<p class=\"wp-block-paragraph\"><img decoding=\"async\" src=\"https:\/\/s.w.org\/images\/core\/emoji\/17.0.2\/72x72\/2705.png\" alt=\"\u2705\" class=\"wp-smiley\" style=\"height: 1em; max-height: 1em;\"> Clique no nome de qualquer uma das plataformas abaixo para nos encontrar nas redes sociais:<br \/><a href=\"https:\/\/www.instagram.com\/midiamax\/\">Instagram<\/a>, <a href=\"https:\/\/www.facebook.com\/midiamax\">Facebook<\/a>, <a href=\"https:\/\/www.tiktok.com\/@midiamax\">TikTok<\/a>, <a href=\"https:\/\/www.youtube.com\/@jornal.midiamax\">YouTube<\/a>, <a href=\"https:\/\/whatsapp.com\/channel\/0029Va7FGJa9cDDXCIIEOn3d\">WhatsApp<\/a>, <a href=\"https:\/\/bsky.app\/profile\/midiamax.bsky.social\">Bluesky<\/a> e <a href=\"https:\/\/www.threads.net\/@midiamax?hl=pt-br\">Threads<\/a>.<\/p>\n<p class=\"wp-block-paragraph\">(Revis\u00e3o: D\u00e1fini Lisboa)<\/p>\n<p class=\"wp-block-paragraph\">Midiamax<\/p>\n<p><!-- bloco-portais-jbr --><\/p>\n<div class=\"box-portais-jbr\" style=\"border:1px solid #e0e0e0;padding:16px 18px;margin:24px 0;border-radius:8px;background:#f9f9f9;font-size:0.95rem;\">\n<p style=\"margin:0 0 10px 0;font-weight:600;\">\n        Continue sempre bem informado acessando nossos portais:\n    <\/p>\n<ul style=\"margin:0;padding-left:20px;\">\n<li style=\"margin-bottom:8px;\">\n            <strong><a href=\"https:\/\/jornaldiadia.com.br\/\" target=\"_blank\" rel=\"noopener\" style=\"text-decoration:none;\">Jornal Dia Dia<\/a><\/strong> \u2013<br \/>\n            Sua fonte confi\u00e1vel para as melhores not\u00edcias e artigos \u00fateis. Fique por dentro dos acontecimentos mais importantes, dicas pr\u00e1ticas e conte\u00fados de qualidade.\n        <\/li>\n<li style=\"margin-bottom:8px;\">\n            <strong><a href=\"https:\/\/jbr.jor.br\/\" target=\"_blank\" rel=\"noopener\" style=\"text-decoration:none;\">Jornal Brasil Regional (JBR)<\/a><\/strong> \u2013<br \/>\n            O pulso do pa\u00eds em tempo real. Not\u00edcias nacionais, regionais e internacionais com \u00e9tica e credibilidade.\n        <\/li>\n<li style=\"margin-bottom:8px;\">\n            <strong><a href=\"https:\/\/castilho.jor.br\/\" target=\"_blank\" rel=\"noopener\" style=\"text-decoration:none;\">Castilho Not\u00edcias (News)<\/a><\/strong> \u2013<br \/>\n            O seu di\u00e1rio local com cobertura de Castilho e Regi\u00e3o (SP). Jornalismo com credibilidade.\n        <\/li>\n<li style=\"margin-bottom:8px;\">\n            <strong><a href=\"https:\/\/casaejardim.net.br\/\" target=\"_blank\" rel=\"noopener\" style=\"text-decoration:none;\">Casa e Jardim<\/a><\/strong> \u2013<br \/>\n            Dicas exclusivas sobre decora\u00e7\u00e3o, jardinagem, arquitetura, DIY, reformas e muito mais. Tend\u00eancias, solu\u00e7\u00f5es pr\u00e1ticas e ideias criativas para todos os estilos e or\u00e7amentos.\n        <\/li>\n<li style=\"margin-bottom:0;\">\n            <strong><a href=\"https:\/\/b10.net.br\/\" target=\"_blank\" rel=\"noopener\" style=\"text-decoration:none;\">B10 Brasil<\/a><\/strong> \u2013<br \/>\n            As principais not\u00edcias, an\u00e1lises e insights sobre neg\u00f3cios, economia e soberania nacional. Conectando o Brasil ao mundo com intelig\u00eancia e estrat\u00e9gia.\n        <\/li>\n<\/ul>\n<\/div>\n<p><!-- \/bloco-portais-jbr --><\/div>\n","protected":false},"excerpt":{"rendered":"<p>A coexist\u00eancia entre on\u00e7as e humanos \u00e9 poss\u00edvel, sendo o \u00fanico caminho para diminuir os conflitos e evitar ataques Murilo Medeiros \u2013 25\/04\/2026 \u2013 07:57 \u2013 On\u00e7a tentou entrar na casa novamente. (Reprodu\u00e7\u00e3o, C\u00e2meras de Seguran\u00e7a) Com a aproxima\u00e7\u00e3o de on\u00e7as-pintadas cada vez mais frequente em \u00e1reas habitadas do Pantanal,<span class=\"more-link\"><a href=\"http:\/\/diadianews.com\/index.php\/2026\/08\/17\/fogo-no-pantanal-empurra-oncas-para-cidade-e-caes-viram-presas-faceis-a-animais-famintos\/\">Continue Reading<\/a><\/span><\/p>\n","protected":false},"author":1,"featured_media":6843,"comment_status":"closed","ping_status":"closed","sticky":false,"template":"","format":"standard","meta":{"footnotes":""},"categories":[1],"tags":[],"class_list":["entry","author-valdei","post-6842","post","type-post","status-publish","format-standard","has-post-thumbnail","category-news-do-dia"],"_links":{"self":[{"href":"http:\/\/diadianews.com\/index.php\/wp-json\/wp\/v2\/posts\/6842","targetHints":{"allow":["GET"]}}],"collection":[{"href":"http:\/\/diadianews.com\/index.php\/wp-json\/wp\/v2\/posts"}],"about":[{"href":"http:\/\/diadianews.com\/index.php\/wp-json\/wp\/v2\/types\/post"}],"author":[{"embeddable":true,"href":"http:\/\/diadianews.com\/index.php\/wp-json\/wp\/v2\/users\/1"}],"replies":[{"embeddable":true,"href":"http:\/\/diadianews.com\/index.php\/wp-json\/wp\/v2\/comments?post=6842"}],"version-history":[{"count":0,"href":"http:\/\/diadianews.com\/index.php\/wp-json\/wp\/v2\/posts\/6842\/revisions"}],"wp:featuredmedia":[{"embeddable":true,"href":"http:\/\/diadianews.com\/index.php\/wp-json\/wp\/v2\/media\/6843"}],"wp:attachment":[{"href":"http:\/\/diadianews.com\/index.php\/wp-json\/wp\/v2\/media?parent=6842"}],"wp:term":[{"taxonomy":"category","embeddable":true,"href":"http:\/\/diadianews.com\/index.php\/wp-json\/wp\/v2\/categories?post=6842"},{"taxonomy":"post_tag","embeddable":true,"href":"http:\/\/diadianews.com\/index.php\/wp-json\/wp\/v2\/tags?post=6842"}],"curies":[{"name":"wp","href":"https:\/\/api.w.org\/{rel}","templated":true}]}}