{"id":6850,"date":"2026-08-17T11:38:30","date_gmt":"2026-08-17T14:38:30","guid":{"rendered":"https:\/\/diadianews.com\/index.php\/2026\/08\/17\/candidato-ao-governo-de-ms-delcidio-e-intimado-a-explicar-registro-ativo-de-inelegibilidade\/"},"modified":"2026-08-17T11:38:30","modified_gmt":"2026-08-17T14:38:30","slug":"candidato-ao-governo-de-ms-delcidio-e-intimado-a-explicar-registro-ativo-de-inelegibilidade","status":"publish","type":"post","link":"http:\/\/diadianews.com\/index.php\/2026\/08\/17\/candidato-ao-governo-de-ms-delcidio-e-intimado-a-explicar-registro-ativo-de-inelegibilidade\/","title":{"rendered":"Candidato ao Governo de MS, Delc\u00eddio \u00e9 intimado a explicar registro ativo de inelegibilidade"},"content":{"rendered":"<div>\n<p class=\"wp-block-paragraph\">Delc\u00eddio foi cassado pelo Senado em 2016, com prazo de puni\u00e7\u00e3o de ineligibilidade previsto para encerrar em 2027<\/p>\n<p class=\"wp-block-paragraph\">Vinicios Araujo \u2013 17\/08\/2026 \u2013 10:17 \u2013 Delc\u00eddio do Amaral, candidato ao Governo de MS pelo PRD. (Foto: Arquivo)<\/p>\n<p class=\"wp-block-paragraph\">A Secretaria Judici\u00e1ria intimou, no s\u00e1bado (15), o candidato ao Governo de Mato Grosso do Sul pelo PRD (Partido Renova\u00e7\u00e3o Democr\u00e1tica), Delc\u00eddio do Amaral, a prestar esclarecimentos sobre um registro ativo de inelegibilidade.<\/p>\n<p class=\"wp-block-paragraph\">O documento estabelece um prazo de tr\u00eas dias \u00fateis para que o pol\u00edtico justifique as irregularidades apontadas no Requerimento de Registro de Candidatura.<\/p>\n<p class=\"wp-block-paragraph\">Segundo a intima\u00e7\u00e3o, o n\u00e3o cumprimento da determina\u00e7\u00e3o resultar\u00e1 no indeferimento do pedido de registro.<\/p>\n<p class=\"wp-block-paragraph\">O candidato representa a coliga\u00e7\u00e3o Federa\u00e7\u00e3o Renova\u00e7\u00e3o Solid\u00e1ria, formada pelo PRD e pelo partido Solidariedade.<\/p>\n<p class=\"wp-block-paragraph\">A entrega da nova documenta\u00e7\u00e3o e as justificativas sobre o apontamento de inelegibilidade devem ser enviadas diretamente pelo sistema do Processo Judicial Eletr\u00f4nico, o PJe.<\/p>\n<p class=\"wp-block-paragraph\">Delc\u00eddio teve o mandato de senador cassado em 2016 por quebra de decoro parlamentar, com 74 votos favor\u00e1veis. Al\u00e9m da perda da cadeira no Senado Federal, o pol\u00edtico de MS foi punido com o afastamento da disputa pol\u00edtica por 11 anos.<\/p>\n<p class=\"wp-block-paragraph\">O prazo encerra em 2027, <a href=\"https:\/\/midiamax.com.br\/politica\/2024\/apos-pedido-de-impugnacao-tre-ms-defere-candidatura-de-delcidio-do-amaral-para-a-prefeitura-de-corumba\/\" target=\"_blank\" rel=\"noreferrer noopener\">mas Delc\u00eddio conseguiu pareceres na Justi\u00e7a<\/a> que o viabilizam para concorrer a cargos, como na disputa municipal em 2024, quando tentou assumir a Prefeitura de <a href=\"https:\/\/midiamax.com.br\/municipios\/corumba\/\">Corumb\u00e1<\/a>, mas saiu derrotado nas urnas.<\/p>\n<p class=\"wp-block-paragraph\">Neste ano, o corumbaense tenta a elei\u00e7\u00e3o para a cadeira de chefe do Executivo estadual.<\/p>\n<p class=\"wp-block-paragraph\">A reportagem procurou o pol\u00edtico para posicionamento e aguarda resposta.<\/p>\n<p class=\"wp-block-paragraph\"><a href=\"https:\/\/midiamax.com.br\/politica\/2026\/tre-ms-enterra-recursos-mantem-condenacoes-delcidio-suposto-caixa-dois\/embed\/#?secret=d1mXngaXi3%23?secret=Eyo9CvJ1pv\">https:\/\/midiamax.com.br\/politica\/2026\/tre-ms-enterra-recursos-mantem-condenacoes-delcidio-suposto-caixa-dois\/embed\/#?secret=d1mXngaXi3#?secret=Eyo9CvJ1pv<\/a><\/p>\n<h2 class=\"wp-block-heading\"><img decoding=\"async\" src=\"https:\/\/s.w.org\/images\/core\/emoji\/17.0.2\/72x72\/1f535.png\" alt=\"\ud83d\udd35\" class=\"wp-smiley\" style=\"height: 1em; max-height: 1em;\"> Receba not\u00edcias de Pol\u00edtica no seu WhatsApp<\/h2>\n<p class=\"wp-block-paragraph\">Participe do <strong>grupo de Pol\u00edtica <\/strong>do <strong>Jornal Midiamax <\/strong>no<strong> WhatsApp<\/strong> e receba informa\u00e7\u00f5es di\u00e1rias de tudo o que acontece na pol\u00edtica de Mato Grosso do Sul.<\/p>\n<p><img decoding=\"async\" src=\"https:\/\/s.w.org\/images\/core\/emoji\/17.0.2\/72x72\/2705.png\" alt=\"\u2705\" class=\"wp-smiley\" style=\"height: 1em; max-height: 1em;\"> <a href=\"https:\/\/whatsapp.com\/channel\/0029Va5AFylHVvTaxQMjBE1O\">Clique aqui para participar<\/a><\/p>\n<p class=\"wp-block-paragraph\">(Revis\u00e3o: Nichole Munaro)<\/p>\n<p class=\"wp-block-paragraph\">Midiamax<\/p>\n<p><!-- bloco-portais-jbr --><\/p>\n<div class=\"box-portais-jbr\" style=\"border:1px solid #e0e0e0;padding:16px 18px;margin:24px 0;border-radius:8px;background:#f9f9f9;font-size:0.95rem;\">\n<p style=\"margin:0 0 10px 0;font-weight:600;\">\n        Continue sempre bem informado acessando nossos portais:\n    <\/p>\n<ul style=\"margin:0;padding-left:20px;\">\n<li style=\"margin-bottom:8px;\">\n            <strong><a href=\"https:\/\/jornaldiadia.com.br\/\" target=\"_blank\" rel=\"noopener\" style=\"text-decoration:none;\">Jornal Dia Dia<\/a><\/strong> \u2013<br \/>\n            Sua fonte confi\u00e1vel para as melhores not\u00edcias e artigos \u00fateis. Fique por dentro dos acontecimentos mais importantes, dicas pr\u00e1ticas e conte\u00fados de qualidade.\n        <\/li>\n<li style=\"margin-bottom:8px;\">\n            <strong><a href=\"https:\/\/jbr.jor.br\/\" target=\"_blank\" rel=\"noopener\" style=\"text-decoration:none;\">Jornal Brasil Regional (JBR)<\/a><\/strong> \u2013<br \/>\n            O pulso do pa\u00eds em tempo real. Not\u00edcias nacionais, regionais e internacionais com \u00e9tica e credibilidade.\n        <\/li>\n<li style=\"margin-bottom:8px;\">\n            <strong><a href=\"https:\/\/castilho.jor.br\/\" target=\"_blank\" rel=\"noopener\" style=\"text-decoration:none;\">Castilho Not\u00edcias (News)<\/a><\/strong> \u2013<br \/>\n            O seu di\u00e1rio local com cobertura de Castilho e Regi\u00e3o (SP). Jornalismo com credibilidade.\n        <\/li>\n<li style=\"margin-bottom:8px;\">\n            <strong><a href=\"https:\/\/casaejardim.net.br\/\" target=\"_blank\" rel=\"noopener\" style=\"text-decoration:none;\">Casa e Jardim<\/a><\/strong> \u2013<br \/>\n            Dicas exclusivas sobre decora\u00e7\u00e3o, jardinagem, arquitetura, DIY, reformas e muito mais. Tend\u00eancias, solu\u00e7\u00f5es pr\u00e1ticas e ideias criativas para todos os estilos e or\u00e7amentos.\n        <\/li>\n<li style=\"margin-bottom:0;\">\n            <strong><a href=\"https:\/\/b10.net.br\/\" target=\"_blank\" rel=\"noopener\" style=\"text-decoration:none;\">B10 Brasil<\/a><\/strong> \u2013<br \/>\n            As principais not\u00edcias, an\u00e1lises e insights sobre neg\u00f3cios, economia e soberania nacional. Conectando o Brasil ao mundo com intelig\u00eancia e estrat\u00e9gia.\n        <\/li>\n<\/ul>\n<\/div>\n<p><!-- \/bloco-portais-jbr --><\/div>\n","protected":false},"excerpt":{"rendered":"<p>Delc\u00eddio foi cassado pelo Senado em 2016, com prazo de puni\u00e7\u00e3o de ineligibilidade previsto para encerrar em 2027 Vinicios Araujo \u2013 17\/08\/2026 \u2013 10:17 \u2013 Delc\u00eddio do Amaral, candidato ao Governo de MS pelo PRD. (Foto: Arquivo) A Secretaria Judici\u00e1ria intimou, no s\u00e1bado (15), o candidato ao Governo de Mato<span class=\"more-link\"><a href=\"http:\/\/diadianews.com\/index.php\/2026\/08\/17\/candidato-ao-governo-de-ms-delcidio-e-intimado-a-explicar-registro-ativo-de-inelegibilidade\/\">Continue Reading<\/a><\/span><\/p>\n","protected":false},"author":1,"featured_media":6851,"comment_status":"closed","ping_status":"closed","sticky":false,"template":"","format":"standard","meta":{"footnotes":""},"categories":[1],"tags":[],"class_list":["entry","author-valdei","post-6850","post","type-post","status-publish","format-standard","has-post-thumbnail","category-news-do-dia"],"_links":{"self":[{"href":"http:\/\/diadianews.com\/index.php\/wp-json\/wp\/v2\/posts\/6850","targetHints":{"allow":["GET"]}}],"collection":[{"href":"http:\/\/diadianews.com\/index.php\/wp-json\/wp\/v2\/posts"}],"about":[{"href":"http:\/\/diadianews.com\/index.php\/wp-json\/wp\/v2\/types\/post"}],"author":[{"embeddable":true,"href":"http:\/\/diadianews.com\/index.php\/wp-json\/wp\/v2\/users\/1"}],"replies":[{"embeddable":true,"href":"http:\/\/diadianews.com\/index.php\/wp-json\/wp\/v2\/comments?post=6850"}],"version-history":[{"count":0,"href":"http:\/\/diadianews.com\/index.php\/wp-json\/wp\/v2\/posts\/6850\/revisions"}],"wp:featuredmedia":[{"embeddable":true,"href":"http:\/\/diadianews.com\/index.php\/wp-json\/wp\/v2\/media\/6851"}],"wp:attachment":[{"href":"http:\/\/diadianews.com\/index.php\/wp-json\/wp\/v2\/media?parent=6850"}],"wp:term":[{"taxonomy":"category","embeddable":true,"href":"http:\/\/diadianews.com\/index.php\/wp-json\/wp\/v2\/categories?post=6850"},{"taxonomy":"post_tag","embeddable":true,"href":"http:\/\/diadianews.com\/index.php\/wp-json\/wp\/v2\/tags?post=6850"}],"curies":[{"name":"wp","href":"https:\/\/api.w.org\/{rel}","templated":true}]}}