{"id":6852,"date":"2026-08-17T11:43:41","date_gmt":"2026-08-17T14:43:41","guid":{"rendered":"https:\/\/diadianews.com\/index.php\/2026\/08\/17\/vinganca-por-tapa-teria-motivado-execucao-de-adolescente-de-14-anos-no-noroeste\/"},"modified":"2026-08-17T11:43:41","modified_gmt":"2026-08-17T14:43:41","slug":"vinganca-por-tapa-teria-motivado-execucao-de-adolescente-de-14-anos-no-noroeste","status":"publish","type":"post","link":"http:\/\/diadianews.com\/index.php\/2026\/08\/17\/vinganca-por-tapa-teria-motivado-execucao-de-adolescente-de-14-anos-no-noroeste\/","title":{"rendered":"Vingan\u00e7a por tapa teria motivado execu\u00e7\u00e3o de adolescente de 14 anos no Noroeste"},"content":{"rendered":"<div>\n<p class=\"wp-block-paragraph\">Adolescente foi executado a tiros enquanto caminhava com a namorada<\/p>\n<p class=\"wp-block-paragraph\">Evelyn Mendes, Rodrigo Santos \u2013 17\/08\/2026 \u2013 10:23<\/p>\n<figure class=\"wp-block-embed is-type-video is-provider-youtube wp-block-embed-youtube wp-embed-aspect-16-9 wp-has-aspect-ratio\">\n<div class=\"wp-block-embed__wrapper\">\n<iframe loading=\"lazy\" title=\"Adolescente de 14 anos morreu ao ser alvo de tiros no Jardim Noroeste\" width=\"1440\" height=\"810\" src=\"https:\/\/www.youtube.com\/embed\/mUT0EjyKLjY?feature=oembed\" frameborder=\"0\" allow=\"accelerometer; autoplay; clipboard-write; encrypted-media; gyroscope; picture-in-picture; web-share\" referrerpolicy=\"strict-origin-when-cross-origin\" allowfullscreen><\/iframe>\n<\/div>\n<\/figure>\n<p class=\"wp-block-paragraph\">A morte do adolescente de 14 anos, no s\u00e1bado (15), no <a href=\"https:\/\/midiamax.com.br\/municipios\/jardim\/\">Jardim<\/a> Noroeste, em <a href=\"https:\/\/midiamax.com.br\/municipios\/campo-grande\/\">Campo Grande<\/a>, pode ter rela\u00e7\u00e3o com vingan\u00e7a por uma confus\u00e3o em uma tabacaria meses atr\u00e1s. <a href=\"https:\/\/midiamax.com.br\/policia\/2026\/dupla-envolvida-morte-adolescente-jardim-noroeste-presa\/\">Isso porque um dos suspeitos, preso na manh\u00e3 desta segunda-feira (17)<\/a>, teria levado um tapa do adolescente e buscava se vingar.<\/p>\n<p class=\"wp-block-paragraph\">Uma das hip\u00f3teses \u00e9 de que v\u00edtima e suspeitos seriam de fac\u00e7\u00f5es rivais, o que tamb\u00e9m teria motivado a execu\u00e7\u00e3o. Conforme informa\u00e7\u00f5es policiais, o adolescente, com um amigo, teria desferido um tapa contra um dos suspeitos em uma tabacaria de Campo Grande. Na pris\u00e3o desta segunda-feira (17), a dupla presa estava com muni\u00e7\u00f5es e a arma usada no crime.<\/p>\n<p class=\"wp-block-paragraph\">Segundo apurado pelo<strong> Jornal Midiamax<\/strong>, a dupla suspeita seria do PCC (Primeiro Comando da Capital) e o adolescente faccionado do CV (Comando Vermelho).<\/p>\n<p class=\"wp-block-paragraph\">Durante o interrogat\u00f3rio, ap\u00f3s a pris\u00e3o, a dupla preferiu o sil\u00eancio e n\u00e3o respondeu \u00e0s perguntas.<\/p>\n<p class=\"wp-block-paragraph\">O atentado aconteceu no fim da tarde de s\u00e1bado (15), quando o adolescente caminhava pelo cruzamento das ruas Pinheiro Machado e Vassouras, no Jardim Noroeste, com a namorada.<\/p>\n<ul class=\"wp-block-list\">\n<li><strong><a href=\"https:\/\/midiamax.com.br\/policia\/2026\/dupla-envolvida-morte-adolescente-jardim-noroeste-presa\/?fbclid=IwY2xjawTv6y5wZG9mBWV4dG4DYWVtAjExAHNydGMGYXBwX2lkEDIyMjAzOTE3ODgyMDA4OTIAAR7Yp9arj4YNgoOIkX96jhaRrK6e1pSLiemIcqwRBcP9mUQyLm1UoYhEB45IqQ_aem_QlBRlzL2P5Hp7FaRUq_qag\">Dupla envolvida em morte de adolescente de 14 anos no Noroeste \u00e9 presa com arma e muni\u00e7\u00f5es<\/a><\/strong><\/li>\n<\/ul>\n<p class=\"wp-block-paragraph\">Ao serem identificados pelos policiais, os suspeitos tentaram fugir e, durante a persegui\u00e7\u00e3o, jogaram a arma no ch\u00e3o, que foi recuperada em seguida.<\/p>\n<h2 class=\"wp-block-heading\"><img decoding=\"async\" src=\"https:\/\/s.w.org\/images\/core\/emoji\/17.0.2\/72x72\/1f4ac.png\" alt=\"\ud83d\udcac\" class=\"wp-smiley\" style=\"height: 1em; max-height: 1em;\"> Fale com os jornalistas do Midiamax<\/h2>\n<p class=\"wp-block-paragraph\">Tem alguma <strong>den\u00fancia<\/strong>, <strong>flagrante<\/strong>, <strong>reclama\u00e7\u00e3o <\/strong>ou <strong>sugest\u00e3o <\/strong>de pauta para o <strong>Jornal Midiamax<\/strong>?<\/p>\n<p><img decoding=\"async\" src=\"https:\/\/s.w.org\/images\/core\/emoji\/17.0.2\/72x72\/1f5e3.png\" alt=\"\ud83d\udde3\" class=\"wp-smiley\" style=\"height: 1em; max-height: 1em;\"> Envie direto para nossos jornalistas pelo <a href=\"https:\/\/api.whatsapp.com\/send?phone=5567992074330&amp;text=Digite%20aqui%20sua%20den%C3%BAncia.%20Se%20tiver%20fotos%20e%20v%C3%ADdeo%2C%20envie%20tamb%C3%A9m.\">WhatsApp (67) 99207-4330<\/a>. O sigilo est\u00e1 garantido na lei.<\/p>\n<p class=\"wp-block-paragraph\"><img decoding=\"async\" src=\"https:\/\/s.w.org\/images\/core\/emoji\/17.0.2\/72x72\/2705.png\" alt=\"\u2705\" class=\"wp-smiley\" style=\"height: 1em; max-height: 1em;\"> Clique no nome de qualquer uma das plataformas abaixo para nos encontrar nas redes sociais:<br \/><a href=\"https:\/\/www.instagram.com\/midiamax\/\">Instagram<\/a>, <a href=\"https:\/\/www.facebook.com\/midiamax\">Facebook<\/a>, <a href=\"https:\/\/www.tiktok.com\/@midiamax\">TikTok<\/a>, <a href=\"https:\/\/www.youtube.com\/@jornal.midiamax\">YouTube<\/a>, <a href=\"https:\/\/whatsapp.com\/channel\/0029Va7FGJa9cDDXCIIEOn3d\">WhatsApp<\/a>, <a href=\"https:\/\/bsky.app\/profile\/midiamax.bsky.social\">Bluesky<\/a> e <a href=\"https:\/\/www.threads.net\/@midiamax?hl=pt-br\">Threads<\/a>.<\/p>\n<p class=\"wp-block-paragraph\">Midiamax<\/p>\n<p><!-- bloco-portais-jbr --><\/p>\n<div class=\"box-portais-jbr\" style=\"border:1px solid #e0e0e0;padding:16px 18px;margin:24px 0;border-radius:8px;background:#f9f9f9;font-size:0.95rem;\">\n<p style=\"margin:0 0 10px 0;font-weight:600;\">\n        Continue sempre bem informado acessando nossos portais:\n    <\/p>\n<ul style=\"margin:0;padding-left:20px;\">\n<li style=\"margin-bottom:8px;\">\n            <strong><a href=\"https:\/\/jornaldiadia.com.br\/\" target=\"_blank\" rel=\"noopener\" style=\"text-decoration:none;\">Jornal Dia Dia<\/a><\/strong> \u2013<br \/>\n            Sua fonte confi\u00e1vel para as melhores not\u00edcias e artigos \u00fateis. Fique por dentro dos acontecimentos mais importantes, dicas pr\u00e1ticas e conte\u00fados de qualidade.\n        <\/li>\n<li style=\"margin-bottom:8px;\">\n            <strong><a href=\"https:\/\/jbr.jor.br\/\" target=\"_blank\" rel=\"noopener\" style=\"text-decoration:none;\">Jornal Brasil Regional (JBR)<\/a><\/strong> \u2013<br \/>\n            O pulso do pa\u00eds em tempo real. Not\u00edcias nacionais, regionais e internacionais com \u00e9tica e credibilidade.\n        <\/li>\n<li style=\"margin-bottom:8px;\">\n            <strong><a href=\"https:\/\/castilho.jor.br\/\" target=\"_blank\" rel=\"noopener\" style=\"text-decoration:none;\">Castilho Not\u00edcias (News)<\/a><\/strong> \u2013<br \/>\n            O seu di\u00e1rio local com cobertura de Castilho e Regi\u00e3o (SP). Jornalismo com credibilidade.\n        <\/li>\n<li style=\"margin-bottom:8px;\">\n            <strong><a href=\"https:\/\/casaejardim.net.br\/\" target=\"_blank\" rel=\"noopener\" style=\"text-decoration:none;\">Casa e Jardim<\/a><\/strong> \u2013<br \/>\n            Dicas exclusivas sobre decora\u00e7\u00e3o, jardinagem, arquitetura, DIY, reformas e muito mais. Tend\u00eancias, solu\u00e7\u00f5es pr\u00e1ticas e ideias criativas para todos os estilos e or\u00e7amentos.\n        <\/li>\n<li style=\"margin-bottom:0;\">\n            <strong><a href=\"https:\/\/b10.net.br\/\" target=\"_blank\" rel=\"noopener\" style=\"text-decoration:none;\">B10 Brasil<\/a><\/strong> \u2013<br \/>\n            As principais not\u00edcias, an\u00e1lises e insights sobre neg\u00f3cios, economia e soberania nacional. Conectando o Brasil ao mundo com intelig\u00eancia e estrat\u00e9gia.\n        <\/li>\n<\/ul>\n<\/div>\n<p><!-- \/bloco-portais-jbr --><\/div>\n","protected":false},"excerpt":{"rendered":"<p>Adolescente foi executado a tiros enquanto caminhava com a namorada Evelyn Mendes, Rodrigo Santos \u2013 17\/08\/2026 \u2013 10:23 A morte do adolescente de 14 anos, no s\u00e1bado (15), no Jardim Noroeste, em Campo Grande, pode ter rela\u00e7\u00e3o com vingan\u00e7a por uma confus\u00e3o em uma tabacaria meses atr\u00e1s. Isso porque um<span class=\"more-link\"><a href=\"http:\/\/diadianews.com\/index.php\/2026\/08\/17\/vinganca-por-tapa-teria-motivado-execucao-de-adolescente-de-14-anos-no-noroeste\/\">Continue Reading<\/a><\/span><\/p>\n","protected":false},"author":1,"featured_media":6853,"comment_status":"closed","ping_status":"closed","sticky":false,"template":"","format":"standard","meta":{"footnotes":""},"categories":[1],"tags":[],"class_list":["entry","author-valdei","post-6852","post","type-post","status-publish","format-standard","has-post-thumbnail","category-news-do-dia"],"_links":{"self":[{"href":"http:\/\/diadianews.com\/index.php\/wp-json\/wp\/v2\/posts\/6852","targetHints":{"allow":["GET"]}}],"collection":[{"href":"http:\/\/diadianews.com\/index.php\/wp-json\/wp\/v2\/posts"}],"about":[{"href":"http:\/\/diadianews.com\/index.php\/wp-json\/wp\/v2\/types\/post"}],"author":[{"embeddable":true,"href":"http:\/\/diadianews.com\/index.php\/wp-json\/wp\/v2\/users\/1"}],"replies":[{"embeddable":true,"href":"http:\/\/diadianews.com\/index.php\/wp-json\/wp\/v2\/comments?post=6852"}],"version-history":[{"count":0,"href":"http:\/\/diadianews.com\/index.php\/wp-json\/wp\/v2\/posts\/6852\/revisions"}],"wp:featuredmedia":[{"embeddable":true,"href":"http:\/\/diadianews.com\/index.php\/wp-json\/wp\/v2\/media\/6853"}],"wp:attachment":[{"href":"http:\/\/diadianews.com\/index.php\/wp-json\/wp\/v2\/media?parent=6852"}],"wp:term":[{"taxonomy":"category","embeddable":true,"href":"http:\/\/diadianews.com\/index.php\/wp-json\/wp\/v2\/categories?post=6852"},{"taxonomy":"post_tag","embeddable":true,"href":"http:\/\/diadianews.com\/index.php\/wp-json\/wp\/v2\/tags?post=6852"}],"curies":[{"name":"wp","href":"https:\/\/api.w.org\/{rel}","templated":true}]}}