{"id":6856,"date":"2026-08-17T11:48:15","date_gmt":"2026-08-17T14:48:15","guid":{"rendered":"https:\/\/diadianews.com\/index.php\/2026\/08\/17\/video-ultrapassagem-indevida-provocou-batida-com-explosao-e-4-mortes-em-bandeirantes\/"},"modified":"2026-08-17T11:48:15","modified_gmt":"2026-08-17T14:48:15","slug":"video-ultrapassagem-indevida-provocou-batida-com-explosao-e-4-mortes-em-bandeirantes","status":"publish","type":"post","link":"http:\/\/diadianews.com\/index.php\/2026\/08\/17\/video-ultrapassagem-indevida-provocou-batida-com-explosao-e-4-mortes-em-bandeirantes\/","title":{"rendered":"V\u00cdDEO: Ultrapassagem indevida provocou batida com explos\u00e3o e 4 mortes em Bandeirantes\u00a0"},"content":{"rendered":"<div>\n<p class=\"wp-block-paragraph\">Um cen\u00e1rio de destrui\u00e7\u00e3o ficou \u00e0s margens da rodovia<\/p>\n<p class=\"wp-block-paragraph\">Thatiana Melo \u2013 17\/08\/2026 \u2013 10:01 \u2013 Carro foi tomado pelo fogo. (Foto: Leitor Midiamax)<\/p>\n<p class=\"wp-block-paragraph\">Uma ultrapassagem indevida acabou no acidente com quatro mortes na BR-163, em <a href=\"https:\/\/midiamax.com.br\/municipios\/bandeirantes\/\">Bandeirantes<\/a>, neste domingo (16). O tr\u00e2nsito no local do acidente foi liberado nesta segunda-feira (17), com rastros de destrui\u00e7\u00e3o deixados <a href=\"https:\/\/midiamax.com.br\/policia\/transito\/2026\/video-carreta-explodiu-apos-acidente-deixou-4-mortos-6-feridos-bandeirantes\/\">na rodovia<\/a>.<\/p>\n<p class=\"wp-block-paragraph\">Conforme informa\u00e7\u00f5es, o ve\u00edculo \u00d4nix tentou uma ultrapassagem em local proibido na estrada e acabou batendo na carreta, que transportava couro. Logo em seguida, a carreta bateu em outro caminh\u00e3o e, com isso, houve a explos\u00e3o de um dos ve\u00edculos.\u00a0\u00a0<\/p>\n<p class=\"wp-block-paragraph\">No total, foram cinco ve\u00edculos envolvidos no acidente, sendo tr\u00eas carros e duas carretas. Imagens mostraram o momento em que a carreta explodiu com a batida. A din\u00e2mica preliminar est\u00e1 sendo analisada a partir das imagens registradas por uma c\u00e2mera instalada em um dos caminh\u00f5es envolvidos, al\u00e9m dos relatos de testemunhas que estavam no local.\u00a0<\/p>\n<p class=\"wp-block-paragraph\">A v\u00edtima fatal que estava no \u00d4nix foi identificada como Valderl\u00e2nio Daniel Santos, de 49 anos de idade. Outras tr\u00eas v\u00edtimas fatais estavam em um Toyota Etios, que tamb\u00e9m foi atingido no acidente. Os corpos foram encaminhados ao Instituto de Medicina e Odontologia Legal (IMOL\/MS) e ainda n\u00e3o foram identificados.\u00a0<\/p>\n<p class=\"wp-block-paragraph\">Equipes da Per\u00edcia Criminal estiveram no local para realizar os levantamentos t\u00e9cnicos e coletar elementos que possam auxiliar na reconstru\u00e7\u00e3o da din\u00e2mica do acidente. A ocorr\u00eancia foi registrada como homic\u00eddio culposo na dire\u00e7\u00e3o de ve\u00edculo automotor e les\u00e3o corporal culposa na dire\u00e7\u00e3o de ve\u00edculo automotor<\/p>\n<h2 class=\"wp-block-heading\">Imagens<\/h2>\n<p class=\"wp-block-paragraph\">Nas imagens, \u00e9 poss\u00edvel perceber que um ve\u00edculo de passeio invade a pista contr\u00e1ria e bate de frente com uma carreta, que perde o controle e tamb\u00e9m entra na dire\u00e7\u00e3o oposta da rodovia. Ent\u00e3o, h\u00e1 mais uma colis\u00e3o frontal com outra carreta, carregada de produto perigoso.<\/p>\n<p class=\"wp-block-paragraph\">A segunda batida causa uma explos\u00e3o e dois carros desviam pelo acostamento, mas n\u00e3o conseguem escapar das chamas. A fuma\u00e7a preta encobriu a rodovia e p\u00f4de ser vista a quil\u00f4metros de dist\u00e2ncia. Ap\u00f3s as colis\u00f5es e o inc\u00eandio, houve congestionamento nesse trecho da BR-163, mas, pela manh\u00e3 desta segunda-feira (17), a pista j\u00e1 havia sido liberada.<\/p>\n<figure class=\"wp-block-embed is-type-video is-provider-youtube wp-block-embed-youtube wp-embed-aspect-16-9 wp-has-aspect-ratio\">\n<div class=\"wp-block-embed__wrapper\">\n<iframe loading=\"lazy\" title=\"Acidente entre carretas e carros mata quatro pessoas na BR-163\" width=\"1440\" height=\"810\" src=\"https:\/\/www.youtube.com\/embed\/h2BikJaMQv4?feature=oembed\" frameborder=\"0\" allow=\"accelerometer; autoplay; clipboard-write; encrypted-media; gyroscope; picture-in-picture; web-share\" referrerpolicy=\"strict-origin-when-cross-origin\" allowfullscreen><\/iframe>\n<\/div>\n<\/figure>\n<h2 class=\"wp-block-heading\">V\u00edtimas<\/h2>\n<p class=\"wp-block-paragraph\">Al\u00e9m das quatro v\u00edtimas mortas, tr\u00eas pessoas ficaram gravemente feridas e foram levadas para o Hospital Municipal Jos\u00e9 Valdir Antunes de Oliveira, em <a href=\"https:\/\/midiamax.com.br\/municipios\/sao-gabriel-do-oeste\/\">S\u00e3o Gabriel do Oeste<\/a>. Uma pessoa teve ferimentos moderados e foi internada no Hospital Municipal Jo\u00e3o Carneiro de Mendon\u00e7a, em Bandeirantes.<\/p>\n<p class=\"wp-block-paragraph\">Outras duas pessoas tiveram ferimentos leves e tamb\u00e9m foram para a unidade de sa\u00fade de Bandeirantes. Equipes do Corpo de Bombeiros Militar e da concession\u00e1ria Motiva Pantanal seguem no local.<\/p>\n<p class=\"wp-block-paragraph\">Devido \u00e0 gravidade do acidente, a Motiva mobilizou tr\u00eas viaturas de resgate, dois guinchos leves, um guincho pesado e um ve\u00edculo de inspe\u00e7\u00e3o de tr\u00e1fego. A pista foi sinalizada para garantir a seguran\u00e7a dos condutores.<\/p>\n<p class=\"wp-block-paragraph\">A rodovia ficou interditada em ambos os sentidos. At\u00e9 por volta das 20h de domingo (16), havia 8 km de congestionamento no sentido norte e 4 km no sentido sul.<\/p>\n<h2 class=\"wp-block-heading\"><img decoding=\"async\" src=\"https:\/\/s.w.org\/images\/core\/emoji\/17.0.2\/72x72\/1f4ac.png\" alt=\"\ud83d\udcac\" class=\"wp-smiley\" style=\"height: 1em; max-height: 1em;\"> Fale com os jornalistas do Midiamax<\/h2>\n<p class=\"wp-block-paragraph\">Tem alguma <strong>den\u00fancia<\/strong>, <strong>flagrante<\/strong>, <strong>reclama\u00e7\u00e3o <\/strong>ou <strong>sugest\u00e3o <\/strong>de pauta para o <strong>Jornal Midiamax<\/strong>?<\/p>\n<p><img decoding=\"async\" src=\"https:\/\/s.w.org\/images\/core\/emoji\/17.0.2\/72x72\/1f5e3.png\" alt=\"\ud83d\udde3\" class=\"wp-smiley\" style=\"height: 1em; max-height: 1em;\"> Envie direto para nossos jornalistas pelo <a href=\"https:\/\/api.whatsapp.com\/send?phone=5567992074330&amp;text=Digite%20aqui%20sua%20den%C3%BAncia.%20Se%20tiver%20fotos%20e%20v%C3%ADdeo%2C%20envie%20tamb%C3%A9m.\">WhatsApp (67) 99207-4330<\/a>. O sigilo est\u00e1 garantido na lei.<\/p>\n<p class=\"wp-block-paragraph\"><img decoding=\"async\" src=\"https:\/\/s.w.org\/images\/core\/emoji\/17.0.2\/72x72\/2705.png\" alt=\"\u2705\" class=\"wp-smiley\" style=\"height: 1em; max-height: 1em;\"> Clique no nome de qualquer uma das plataformas abaixo para nos encontrar nas redes sociais:<br \/><a href=\"https:\/\/www.instagram.com\/midiamax\/\">Instagram<\/a>, <a href=\"https:\/\/www.facebook.com\/midiamax\">Facebook<\/a>, <a href=\"https:\/\/www.tiktok.com\/@midiamax\">TikTok<\/a>, <a href=\"https:\/\/www.youtube.com\/@jornal.midiamax\">YouTube<\/a>, <a href=\"https:\/\/whatsapp.com\/channel\/0029Va7FGJa9cDDXCIIEOn3d\">WhatsApp<\/a>, <a href=\"https:\/\/bsky.app\/profile\/midiamax.bsky.social\">Bluesky<\/a> e <a href=\"https:\/\/www.threads.net\/@midiamax?hl=pt-br\">Threads<\/a>.<\/p>\n<p class=\"wp-block-paragraph\">(Revis\u00e3o: Nichole Munaro)<\/p>\n<p class=\"wp-block-paragraph\">Midiamax<\/p>\n<p><!-- bloco-portais-jbr --><\/p>\n<div class=\"box-portais-jbr\" style=\"border:1px solid #e0e0e0;padding:16px 18px;margin:24px 0;border-radius:8px;background:#f9f9f9;font-size:0.95rem;\">\n<p style=\"margin:0 0 10px 0;font-weight:600;\">\n        Continue sempre bem informado acessando nossos portais:\n    <\/p>\n<ul style=\"margin:0;padding-left:20px;\">\n<li style=\"margin-bottom:8px;\">\n            <strong><a href=\"https:\/\/jornaldiadia.com.br\/\" target=\"_blank\" rel=\"noopener\" style=\"text-decoration:none;\">Jornal Dia Dia<\/a><\/strong> \u2013<br \/>\n            Sua fonte confi\u00e1vel para as melhores not\u00edcias e artigos \u00fateis. Fique por dentro dos acontecimentos mais importantes, dicas pr\u00e1ticas e conte\u00fados de qualidade.\n        <\/li>\n<li style=\"margin-bottom:8px;\">\n            <strong><a href=\"https:\/\/jbr.jor.br\/\" target=\"_blank\" rel=\"noopener\" style=\"text-decoration:none;\">Jornal Brasil Regional (JBR)<\/a><\/strong> \u2013<br \/>\n            O pulso do pa\u00eds em tempo real. Not\u00edcias nacionais, regionais e internacionais com \u00e9tica e credibilidade.\n        <\/li>\n<li style=\"margin-bottom:8px;\">\n            <strong><a href=\"https:\/\/castilho.jor.br\/\" target=\"_blank\" rel=\"noopener\" style=\"text-decoration:none;\">Castilho Not\u00edcias (News)<\/a><\/strong> \u2013<br \/>\n            O seu di\u00e1rio local com cobertura de Castilho e Regi\u00e3o (SP). Jornalismo com credibilidade.\n        <\/li>\n<li style=\"margin-bottom:8px;\">\n            <strong><a href=\"https:\/\/casaejardim.net.br\/\" target=\"_blank\" rel=\"noopener\" style=\"text-decoration:none;\">Casa e Jardim<\/a><\/strong> \u2013<br \/>\n            Dicas exclusivas sobre decora\u00e7\u00e3o, jardinagem, arquitetura, DIY, reformas e muito mais. Tend\u00eancias, solu\u00e7\u00f5es pr\u00e1ticas e ideias criativas para todos os estilos e or\u00e7amentos.\n        <\/li>\n<li style=\"margin-bottom:0;\">\n            <strong><a href=\"https:\/\/b10.net.br\/\" target=\"_blank\" rel=\"noopener\" style=\"text-decoration:none;\">B10 Brasil<\/a><\/strong> \u2013<br \/>\n            As principais not\u00edcias, an\u00e1lises e insights sobre neg\u00f3cios, economia e soberania nacional. Conectando o Brasil ao mundo com intelig\u00eancia e estrat\u00e9gia.\n        <\/li>\n<\/ul>\n<\/div>\n<p><!-- \/bloco-portais-jbr --><\/div>\n","protected":false},"excerpt":{"rendered":"<p>Um cen\u00e1rio de destrui\u00e7\u00e3o ficou \u00e0s margens da rodovia Thatiana Melo \u2013 17\/08\/2026 \u2013 10:01 \u2013 Carro foi tomado pelo fogo. (Foto: Leitor Midiamax) Uma ultrapassagem indevida acabou no acidente com quatro mortes na BR-163, em Bandeirantes, neste domingo (16). O tr\u00e2nsito no local do acidente foi liberado nesta segunda-feira<span class=\"more-link\"><a href=\"http:\/\/diadianews.com\/index.php\/2026\/08\/17\/video-ultrapassagem-indevida-provocou-batida-com-explosao-e-4-mortes-em-bandeirantes\/\">Continue Reading<\/a><\/span><\/p>\n","protected":false},"author":1,"featured_media":6857,"comment_status":"closed","ping_status":"closed","sticky":false,"template":"","format":"standard","meta":{"footnotes":""},"categories":[1],"tags":[],"class_list":["entry","author-valdei","post-6856","post","type-post","status-publish","format-standard","has-post-thumbnail","category-news-do-dia"],"_links":{"self":[{"href":"http:\/\/diadianews.com\/index.php\/wp-json\/wp\/v2\/posts\/6856","targetHints":{"allow":["GET"]}}],"collection":[{"href":"http:\/\/diadianews.com\/index.php\/wp-json\/wp\/v2\/posts"}],"about":[{"href":"http:\/\/diadianews.com\/index.php\/wp-json\/wp\/v2\/types\/post"}],"author":[{"embeddable":true,"href":"http:\/\/diadianews.com\/index.php\/wp-json\/wp\/v2\/users\/1"}],"replies":[{"embeddable":true,"href":"http:\/\/diadianews.com\/index.php\/wp-json\/wp\/v2\/comments?post=6856"}],"version-history":[{"count":0,"href":"http:\/\/diadianews.com\/index.php\/wp-json\/wp\/v2\/posts\/6856\/revisions"}],"wp:featuredmedia":[{"embeddable":true,"href":"http:\/\/diadianews.com\/index.php\/wp-json\/wp\/v2\/media\/6857"}],"wp:attachment":[{"href":"http:\/\/diadianews.com\/index.php\/wp-json\/wp\/v2\/media?parent=6856"}],"wp:term":[{"taxonomy":"category","embeddable":true,"href":"http:\/\/diadianews.com\/index.php\/wp-json\/wp\/v2\/categories?post=6856"},{"taxonomy":"post_tag","embeddable":true,"href":"http:\/\/diadianews.com\/index.php\/wp-json\/wp\/v2\/tags?post=6856"}],"curies":[{"name":"wp","href":"https:\/\/api.w.org\/{rel}","templated":true}]}}