{"id":6860,"date":"2026-08-17T12:03:26","date_gmt":"2026-08-17T15:03:26","guid":{"rendered":"https:\/\/diadianews.com\/index.php\/2026\/08\/17\/subtenente-condenado-2-vezes-por-descaminho-e-excluido-da-pmms-a-bem-da-disciplina\/"},"modified":"2026-08-17T12:03:26","modified_gmt":"2026-08-17T15:03:26","slug":"subtenente-condenado-2-vezes-por-descaminho-e-excluido-da-pmms-a-bem-da-disciplina","status":"publish","type":"post","link":"http:\/\/diadianews.com\/index.php\/2026\/08\/17\/subtenente-condenado-2-vezes-por-descaminho-e-excluido-da-pmms-a-bem-da-disciplina\/","title":{"rendered":"Subtenente condenado 2 vezes por descaminho \u00e9 exclu\u00eddo da PMMS a \u2018bem da disciplina\u2019"},"content":{"rendered":"<div>\n<p class=\"wp-block-paragraph\">Militar foi flagrado no ano passado com mercadorias escondidas em carro<\/p>\n<p class=\"wp-block-paragraph\">Thatiana Melo \u2013 17\/08\/2026 \u2013 09:05 \u2013 Imagem ilustrativa. (Nathalia Alc\u00e2ntara, Arquivo\/Midiamax)<\/p>\n<p class=\"wp-block-paragraph\">O subtenente da Pol\u00edcia Militar Wellyngton Matoso Batista foi exclu\u00eddo da corpora\u00e7\u00e3o nesta segunda-feira (17), em publica\u00e7\u00e3o do Di\u00e1rio Oficial, ap\u00f3s ser condenado duas vezes por descaminho.\u00a0\u00a0\u00a0<\/p>\n<p class=\"wp-block-paragraph\"><em>\u201cO COMANDANTE-GERAL DA POL\u00cdCIA MILITAR DO ESTADO DE MATO GROSSO DO SUL, no uso de suas atribui\u00e7\u00f5es que lhe confere o inciso XV, Art 10 da Lei Complementar n. 190, de 4 de abril de 2014, resolve:<\/em><\/p>\n<p class=\"wp-block-paragraph\"><em>Excluir, \u201cex-officio\u201d a Bem da Disciplina, das Fileiras da Pol\u00edcia Militar do Estado de Mato Grosso do Sul, o Sub Ten QPPM WELLYNGTON MATOSO BATISTA, conforme Solu\u00e7\u00e3o em Recurso de Conselho de Disciplina Portaria n. 002\/CD\/CORREG\/PMMS\/2025, publicado no BCG n. 095, de 26 de maio de 2026; com fulcro no \u00a7 1\u00ba do Art 46, inciso III do Art. 113, Art. 114 e a primeira parte do Art 115, tudo da Lei Complementar n\u00ba 053, de 30 de agosto de 1990 (Estatuto da PMMS) e mais o disposto no Art 13, inciso IV, alinea \u201ca)\u201d do Decreto 1.261\/81, mais o \u00a7 2\u00ba do Art 31 do RDPM, aprovado atrav\u00e9s do Decreto n\u00ba 1260, de 02 Out 81.\u201d<\/em>, diz a portaria publicada.<\/p>\n<p class=\"wp-block-paragraph\">Conforme informa\u00e7\u00f5es, em janeiro do ano passado, o policial conduzia um ve\u00edculo Volkswagen acompanhado da m\u00e3e e, ao ser abordado, apresentou nervosismo e vers\u00f5es contradit\u00f3rias sobre a viagem at\u00e9 a fronteira com o Paraguai.<\/p>\n<p class=\"wp-block-paragraph\">Em vistoria minuciosa, os agentes federais encontraram tr\u00eas compartimentos ocultos com acionamento eletr\u00f4nico, localizados no painel, no para-choque e nas laterais traseiras, conhecidos como \u201cmoc\u00f3\u201d.<\/p>\n<p class=\"wp-block-paragraph\">Na \u00e9poca, foram apreendidos 121 smartphones de diversas marcas, de origem estrangeira e sem documenta\u00e7\u00e3o fiscal. A mercadoria foi avaliada pela Receita Federal em R$ 126,5 mil, com R$ 63,2 mil de impostos que deixaram de ser pagos.<\/p>\n<h2 class=\"wp-block-heading\"><img decoding=\"async\" src=\"https:\/\/s.w.org\/images\/core\/emoji\/17.0.2\/72x72\/1f4ac.png\" alt=\"\ud83d\udcac\" class=\"wp-smiley\" style=\"height: 1em; max-height: 1em;\"> Fale com os jornalistas do Midiamax<\/h2>\n<p class=\"wp-block-paragraph\">Tem alguma <strong>den\u00fancia<\/strong>, <strong>flagrante<\/strong>, <strong>reclama\u00e7\u00e3o <\/strong>ou <strong>sugest\u00e3o <\/strong>de pauta para o <strong>Jornal Midiamax<\/strong>?<\/p>\n<p><img decoding=\"async\" src=\"https:\/\/s.w.org\/images\/core\/emoji\/17.0.2\/72x72\/1f5e3.png\" alt=\"\ud83d\udde3\" class=\"wp-smiley\" style=\"height: 1em; max-height: 1em;\"> Envie direto para nossos jornalistas pelo <a href=\"https:\/\/api.whatsapp.com\/send?phone=5567992074330&amp;text=Digite%20aqui%20sua%20den%C3%BAncia.%20Se%20tiver%20fotos%20e%20v%C3%ADdeo%2C%20envie%20tamb%C3%A9m.\">WhatsApp (67) 99207-4330<\/a>. O sigilo est\u00e1 garantido na lei.<\/p>\n<p class=\"wp-block-paragraph\"><img decoding=\"async\" src=\"https:\/\/s.w.org\/images\/core\/emoji\/17.0.2\/72x72\/2705.png\" alt=\"\u2705\" class=\"wp-smiley\" style=\"height: 1em; max-height: 1em;\"> Clique no nome de qualquer uma das plataformas abaixo para nos encontrar nas redes sociais:<br \/><a href=\"https:\/\/www.instagram.com\/midiamax\/\">Instagram<\/a>, <a href=\"https:\/\/www.facebook.com\/midiamax\">Facebook<\/a>, <a href=\"https:\/\/www.tiktok.com\/@midiamax\">TikTok<\/a>, <a href=\"https:\/\/www.youtube.com\/@jornal.midiamax\">YouTube<\/a>, <a href=\"https:\/\/whatsapp.com\/channel\/0029Va7FGJa9cDDXCIIEOn3d\">WhatsApp<\/a>, <a href=\"https:\/\/bsky.app\/profile\/midiamax.bsky.social\">Bluesky<\/a> e <a href=\"https:\/\/www.threads.net\/@midiamax?hl=pt-br\">Threads<\/a>.<\/p>\n<p class=\"wp-block-paragraph\">Midiamax<\/p>\n<p><!-- bloco-portais-jbr --><\/p>\n<div class=\"box-portais-jbr\" style=\"border:1px solid #e0e0e0;padding:16px 18px;margin:24px 0;border-radius:8px;background:#f9f9f9;font-size:0.95rem;\">\n<p style=\"margin:0 0 10px 0;font-weight:600;\">\n        Continue sempre bem informado acessando nossos portais:\n    <\/p>\n<ul style=\"margin:0;padding-left:20px;\">\n<li style=\"margin-bottom:8px;\">\n            <strong><a href=\"https:\/\/jornaldiadia.com.br\/\" target=\"_blank\" rel=\"noopener\" style=\"text-decoration:none;\">Jornal Dia Dia<\/a><\/strong> \u2013<br \/>\n            Sua fonte confi\u00e1vel para as melhores not\u00edcias e artigos \u00fateis. Fique por dentro dos acontecimentos mais importantes, dicas pr\u00e1ticas e conte\u00fados de qualidade.\n        <\/li>\n<li style=\"margin-bottom:8px;\">\n            <strong><a href=\"https:\/\/jbr.jor.br\/\" target=\"_blank\" rel=\"noopener\" style=\"text-decoration:none;\">Jornal Brasil Regional (JBR)<\/a><\/strong> \u2013<br \/>\n            O pulso do pa\u00eds em tempo real. Not\u00edcias nacionais, regionais e internacionais com \u00e9tica e credibilidade.\n        <\/li>\n<li style=\"margin-bottom:8px;\">\n            <strong><a href=\"https:\/\/castilho.jor.br\/\" target=\"_blank\" rel=\"noopener\" style=\"text-decoration:none;\">Castilho Not\u00edcias (News)<\/a><\/strong> \u2013<br \/>\n            O seu di\u00e1rio local com cobertura de Castilho e Regi\u00e3o (SP). Jornalismo com credibilidade.\n        <\/li>\n<li style=\"margin-bottom:8px;\">\n            <strong><a href=\"https:\/\/casaejardim.net.br\/\" target=\"_blank\" rel=\"noopener\" style=\"text-decoration:none;\">Casa e Jardim<\/a><\/strong> \u2013<br \/>\n            Dicas exclusivas sobre decora\u00e7\u00e3o, jardinagem, arquitetura, DIY, reformas e muito mais. Tend\u00eancias, solu\u00e7\u00f5es pr\u00e1ticas e ideias criativas para todos os estilos e or\u00e7amentos.\n        <\/li>\n<li style=\"margin-bottom:0;\">\n            <strong><a href=\"https:\/\/b10.net.br\/\" target=\"_blank\" rel=\"noopener\" style=\"text-decoration:none;\">B10 Brasil<\/a><\/strong> \u2013<br \/>\n            As principais not\u00edcias, an\u00e1lises e insights sobre neg\u00f3cios, economia e soberania nacional. Conectando o Brasil ao mundo com intelig\u00eancia e estrat\u00e9gia.\n        <\/li>\n<\/ul>\n<\/div>\n<p><!-- \/bloco-portais-jbr --><\/div>\n","protected":false},"excerpt":{"rendered":"<p>Militar foi flagrado no ano passado com mercadorias escondidas em carro Thatiana Melo \u2013 17\/08\/2026 \u2013 09:05 \u2013 Imagem ilustrativa. (Nathalia Alc\u00e2ntara, Arquivo\/Midiamax) O subtenente da Pol\u00edcia Militar Wellyngton Matoso Batista foi exclu\u00eddo da corpora\u00e7\u00e3o nesta segunda-feira (17), em publica\u00e7\u00e3o do Di\u00e1rio Oficial, ap\u00f3s ser condenado duas vezes por descaminho.\u00a0\u00a0\u00a0<span class=\"more-link\"><a href=\"http:\/\/diadianews.com\/index.php\/2026\/08\/17\/subtenente-condenado-2-vezes-por-descaminho-e-excluido-da-pmms-a-bem-da-disciplina\/\">Continue Reading<\/a><\/span><\/p>\n","protected":false},"author":1,"featured_media":6861,"comment_status":"closed","ping_status":"closed","sticky":false,"template":"","format":"standard","meta":{"footnotes":""},"categories":[1],"tags":[],"class_list":["entry","author-valdei","post-6860","post","type-post","status-publish","format-standard","has-post-thumbnail","category-news-do-dia"],"_links":{"self":[{"href":"http:\/\/diadianews.com\/index.php\/wp-json\/wp\/v2\/posts\/6860","targetHints":{"allow":["GET"]}}],"collection":[{"href":"http:\/\/diadianews.com\/index.php\/wp-json\/wp\/v2\/posts"}],"about":[{"href":"http:\/\/diadianews.com\/index.php\/wp-json\/wp\/v2\/types\/post"}],"author":[{"embeddable":true,"href":"http:\/\/diadianews.com\/index.php\/wp-json\/wp\/v2\/users\/1"}],"replies":[{"embeddable":true,"href":"http:\/\/diadianews.com\/index.php\/wp-json\/wp\/v2\/comments?post=6860"}],"version-history":[{"count":0,"href":"http:\/\/diadianews.com\/index.php\/wp-json\/wp\/v2\/posts\/6860\/revisions"}],"wp:featuredmedia":[{"embeddable":true,"href":"http:\/\/diadianews.com\/index.php\/wp-json\/wp\/v2\/media\/6861"}],"wp:attachment":[{"href":"http:\/\/diadianews.com\/index.php\/wp-json\/wp\/v2\/media?parent=6860"}],"wp:term":[{"taxonomy":"category","embeddable":true,"href":"http:\/\/diadianews.com\/index.php\/wp-json\/wp\/v2\/categories?post=6860"},{"taxonomy":"post_tag","embeddable":true,"href":"http:\/\/diadianews.com\/index.php\/wp-json\/wp\/v2\/tags?post=6860"}],"curies":[{"name":"wp","href":"https:\/\/api.w.org\/{rel}","templated":true}]}}