{"id":6868,"date":"2026-08-17T12:48:15","date_gmt":"2026-08-17T15:48:15","guid":{"rendered":"https:\/\/diadianews.com\/index.php\/2026\/08\/17\/dupla-envolvida-em-morte-de-adolescente-de-14-anos-no-noroeste-e-presa-com-arma-e-municoes\/"},"modified":"2026-08-17T12:48:15","modified_gmt":"2026-08-17T15:48:15","slug":"dupla-envolvida-em-morte-de-adolescente-de-14-anos-no-noroeste-e-presa-com-arma-e-municoes","status":"publish","type":"post","link":"http:\/\/diadianews.com\/index.php\/2026\/08\/17\/dupla-envolvida-em-morte-de-adolescente-de-14-anos-no-noroeste-e-presa-com-arma-e-municoes\/","title":{"rendered":"Dupla envolvida em morte de adolescente de 14 anos no Noroeste \u00e9 presa com arma e muni\u00e7\u00f5es"},"content":{"rendered":"<div>\n<p class=\"wp-block-paragraph\">Suspeitos foram presos com motocicleta e arma usadas no crime<\/p>\n<p class=\"wp-block-paragraph\">Evelyn Mendes \u2013 17\/08\/2026 \u2013 08:15<\/p>\n<figure class=\"wp-block-embed is-type-video is-provider-youtube wp-block-embed-youtube wp-embed-aspect-16-9 wp-has-aspect-ratio\">\n<div class=\"wp-block-embed__wrapper\">\n<iframe loading=\"lazy\" title=\"Adolescente de 14 anos \u00e9 morto com cerca de seis tiros no Jardim Noroeste\" width=\"1440\" height=\"810\" src=\"https:\/\/www.youtube.com\/embed\/8BicgLKWlB4?feature=oembed\" frameborder=\"0\" allow=\"accelerometer; autoplay; clipboard-write; encrypted-media; gyroscope; picture-in-picture; web-share\" referrerpolicy=\"strict-origin-when-cross-origin\" allowfullscreen><\/iframe>\n<\/div>\n<\/figure>\n<p class=\"wp-block-paragraph\">Dois homens foram presos na madrugada desta segunda-feira (17) sob suspeita de envolvimento na morte de um adolescente de 14 anos, no <a href=\"https:\/\/midiamax.com.br\/municipios\/jardim\/\">Jardim<\/a> Noroeste, no s\u00e1bado (15), em <a href=\"https:\/\/midiamax.com.br\/municipios\/campo-grande\/\">Campo Grande<\/a>. <\/p>\n<p class=\"wp-block-paragraph\">Os suspeitos foram presos com uma arma de fogo e muni\u00e7\u00f5es, al\u00e9m da moto utilizada no dia do crime.<\/p>\n<p class=\"wp-block-paragraph\">A pris\u00e3o aconteceu na madrugada desta segunda-feira (17) e foi feita por policiais do Batalh\u00e3o do Choque, da Pol\u00edcia Militar. Segundo informa\u00e7\u00f5es, a motocicleta utilizada pelos suspeitos, uma Honda Twister vermelha, foi localizada ap\u00f3s den\u00fancia.<\/p>\n<p class=\"wp-block-paragraph\">Com as buscas, os suspeitos foram localizados e, diante de atitude suspeita, foi feita a tentativa de abordagem. A dupla ent\u00e3o fugiu, momento em que foi iniciada a persegui\u00e7\u00e3o policial.<\/p>\n<p class=\"wp-block-paragraph\">Durante a fuga, um dos suspeitos teria jogado um pacote. Nele, os policiais identificaram uma pistola calibre 9 mil\u00edmetros.<\/p>\n<p class=\"wp-block-paragraph\">Cerca de 14 muni\u00e7\u00f5es tamb\u00e9m foram apreendidas. Os dois suspeitos foram presos e encaminhados para a delegacia.<\/p>\n<h2 class=\"wp-block-heading\">Ataque no Jardim Noroeste<\/h2>\n<p class=\"wp-block-paragraph\">O adolescente de 14 anos foi executado com cerca de seis tiros na noite de s\u00e1bado (15), no cruzamento das ruas Pinheiro Machado e Vassouras, no <a href=\"https:\/\/midiamax.com.br\/municipios\/jardim\/\">Jardim<\/a> Noroeste, em <a href=\"https:\/\/midiamax.com.br\/municipios\/campo-grande\/\">Campo Grande<\/a>. <\/p>\n<p class=\"wp-block-paragraph\">A v\u00edtima foi abordada enquanto estava a caminho de casa, ao lado da namorada.<\/p>\n<p class=\"wp-block-paragraph\">Conforme o boletim de ocorr\u00eancia, dois homens, n\u00e3o identificados, chegaram em uma motocicleta de cor vermelha e abordaram o adolescente. Assim, o passageiro desceu e efetuou cerca de dez disparos em sua dire\u00e7\u00e3o; desses, seis atingiram a v\u00edtima na regi\u00e3o da cabe\u00e7a, no tronco e na perna.<\/p>\n<p class=\"wp-block-paragraph\">O adolescente estava indo para a sua casa, localizada na regi\u00e3o, acompanhado da namorada, tamb\u00e9m menor de idade.<\/p>\n<p class=\"wp-block-paragraph\">No local, a Per\u00edcia recolheu dez estojos de muni\u00e7\u00f5es calibre 9 mm. Equipes da PM (Pol\u00edcia Militar), do GOI (Grupo de Opera\u00e7\u00f5es e Investiga\u00e7\u00f5es) e da Pol\u00edcia Civil estiveram no local.<video controls=\"controls\" src=\"https:\/\/cdn.midiamax.com.br\/wp-content\/uploads\/2026\/08\/WhatsApp-Video-2026-08-17-at-07.34.04.mp4\" width=\"1024\" height=\"576\"><\/video><\/p>\n<p class=\"wp-block-paragraph\"><a href=\"https:\/\/midiamax.com.br\/policia\/2026\/video-adolescente-14-anos-morto-cerca-seis-tiros-jardim-noroeste\/embed\/#?secret=MK68B3xh5O%23?secret=XPvIcrfEd4\">https:\/\/midiamax.com.br\/policia\/2026\/video-adolescente-14-anos-morto-cerca-seis-tiros-jardim-noroeste\/embed\/#?secret=MK68B3xh5O#?secret=XPvIcrfEd4<\/a><\/p>\n<h2 class=\"wp-block-heading\"><img decoding=\"async\" src=\"https:\/\/s.w.org\/images\/core\/emoji\/17.0.2\/72x72\/1f4ac.png\" alt=\"\ud83d\udcac\" class=\"wp-smiley\" style=\"height: 1em; max-height: 1em;\"> Fale com os jornalistas do Midiamax<\/h2>\n<p class=\"wp-block-paragraph\">Tem alguma <strong>den\u00fancia<\/strong>, <strong>flagrante<\/strong>, <strong>reclama\u00e7\u00e3o <\/strong>ou <strong>sugest\u00e3o <\/strong>de pauta para o <strong>Jornal Midiamax<\/strong>?<\/p>\n<p><img decoding=\"async\" src=\"https:\/\/s.w.org\/images\/core\/emoji\/17.0.2\/72x72\/1f5e3.png\" alt=\"\ud83d\udde3\" class=\"wp-smiley\" style=\"height: 1em; max-height: 1em;\"> Envie direto para nossos jornalistas pelo <a href=\"https:\/\/api.whatsapp.com\/send?phone=5567992074330&amp;text=Digite%20aqui%20sua%20den%C3%BAncia.%20Se%20tiver%20fotos%20e%20v%C3%ADdeo%2C%20envie%20tamb%C3%A9m.\">WhatsApp (67) 99207-4330<\/a>. O sigilo est\u00e1 garantido na lei.<\/p>\n<p class=\"wp-block-paragraph\"><img decoding=\"async\" src=\"https:\/\/s.w.org\/images\/core\/emoji\/17.0.2\/72x72\/2705.png\" alt=\"\u2705\" class=\"wp-smiley\" style=\"height: 1em; max-height: 1em;\"> Clique no nome de qualquer uma das plataformas abaixo para nos encontrar nas redes sociais:<br \/><a href=\"https:\/\/www.instagram.com\/midiamax\/\">Instagram<\/a>, <a href=\"https:\/\/www.facebook.com\/midiamax\">Facebook<\/a>, <a href=\"https:\/\/www.tiktok.com\/@midiamax\">TikTok<\/a>, <a href=\"https:\/\/www.youtube.com\/@jornal.midiamax\">YouTube<\/a>, <a href=\"https:\/\/whatsapp.com\/channel\/0029Va7FGJa9cDDXCIIEOn3d\">WhatsApp<\/a>, <a href=\"https:\/\/bsky.app\/profile\/midiamax.bsky.social\">Bluesky<\/a> e <a href=\"https:\/\/www.threads.net\/@midiamax?hl=pt-br\">Threads<\/a>.<\/p>\n<p class=\"wp-block-paragraph\">(Revis\u00e3o: Nichole Munaro)<\/p>\n<p class=\"wp-block-paragraph\">Midiamax<\/p>\n<p><!-- bloco-portais-jbr --><\/p>\n<div class=\"box-portais-jbr\" style=\"border:1px solid #e0e0e0;padding:16px 18px;margin:24px 0;border-radius:8px;background:#f9f9f9;font-size:0.95rem;\">\n<p style=\"margin:0 0 10px 0;font-weight:600;\">\n        Continue sempre bem informado acessando nossos portais:\n    <\/p>\n<ul style=\"margin:0;padding-left:20px;\">\n<li style=\"margin-bottom:8px;\">\n            <strong><a href=\"https:\/\/jornaldiadia.com.br\/\" target=\"_blank\" rel=\"noopener\" style=\"text-decoration:none;\">Jornal Dia Dia<\/a><\/strong> \u2013<br \/>\n            Sua fonte confi\u00e1vel para as melhores not\u00edcias e artigos \u00fateis. Fique por dentro dos acontecimentos mais importantes, dicas pr\u00e1ticas e conte\u00fados de qualidade.\n        <\/li>\n<li style=\"margin-bottom:8px;\">\n            <strong><a href=\"https:\/\/jbr.jor.br\/\" target=\"_blank\" rel=\"noopener\" style=\"text-decoration:none;\">Jornal Brasil Regional (JBR)<\/a><\/strong> \u2013<br \/>\n            O pulso do pa\u00eds em tempo real. Not\u00edcias nacionais, regionais e internacionais com \u00e9tica e credibilidade.\n        <\/li>\n<li style=\"margin-bottom:8px;\">\n            <strong><a href=\"https:\/\/castilho.jor.br\/\" target=\"_blank\" rel=\"noopener\" style=\"text-decoration:none;\">Castilho Not\u00edcias (News)<\/a><\/strong> \u2013<br \/>\n            O seu di\u00e1rio local com cobertura de Castilho e Regi\u00e3o (SP). Jornalismo com credibilidade.\n        <\/li>\n<li style=\"margin-bottom:8px;\">\n            <strong><a href=\"https:\/\/casaejardim.net.br\/\" target=\"_blank\" rel=\"noopener\" style=\"text-decoration:none;\">Casa e Jardim<\/a><\/strong> \u2013<br \/>\n            Dicas exclusivas sobre decora\u00e7\u00e3o, jardinagem, arquitetura, DIY, reformas e muito mais. Tend\u00eancias, solu\u00e7\u00f5es pr\u00e1ticas e ideias criativas para todos os estilos e or\u00e7amentos.\n        <\/li>\n<li style=\"margin-bottom:0;\">\n            <strong><a href=\"https:\/\/b10.net.br\/\" target=\"_blank\" rel=\"noopener\" style=\"text-decoration:none;\">B10 Brasil<\/a><\/strong> \u2013<br \/>\n            As principais not\u00edcias, an\u00e1lises e insights sobre neg\u00f3cios, economia e soberania nacional. Conectando o Brasil ao mundo com intelig\u00eancia e estrat\u00e9gia.\n        <\/li>\n<\/ul>\n<\/div>\n<p><!-- \/bloco-portais-jbr --><\/div>\n","protected":false},"excerpt":{"rendered":"<p>Suspeitos foram presos com motocicleta e arma usadas no crime Evelyn Mendes \u2013 17\/08\/2026 \u2013 08:15 Dois homens foram presos na madrugada desta segunda-feira (17) sob suspeita de envolvimento na morte de um adolescente de 14 anos, no Jardim Noroeste, no s\u00e1bado (15), em Campo Grande. Os suspeitos foram presos<span class=\"more-link\"><a href=\"http:\/\/diadianews.com\/index.php\/2026\/08\/17\/dupla-envolvida-em-morte-de-adolescente-de-14-anos-no-noroeste-e-presa-com-arma-e-municoes\/\">Continue Reading<\/a><\/span><\/p>\n","protected":false},"author":1,"featured_media":6869,"comment_status":"closed","ping_status":"closed","sticky":false,"template":"","format":"standard","meta":{"footnotes":""},"categories":[1],"tags":[],"class_list":["entry","author-valdei","post-6868","post","type-post","status-publish","format-standard","has-post-thumbnail","category-news-do-dia"],"_links":{"self":[{"href":"http:\/\/diadianews.com\/index.php\/wp-json\/wp\/v2\/posts\/6868","targetHints":{"allow":["GET"]}}],"collection":[{"href":"http:\/\/diadianews.com\/index.php\/wp-json\/wp\/v2\/posts"}],"about":[{"href":"http:\/\/diadianews.com\/index.php\/wp-json\/wp\/v2\/types\/post"}],"author":[{"embeddable":true,"href":"http:\/\/diadianews.com\/index.php\/wp-json\/wp\/v2\/users\/1"}],"replies":[{"embeddable":true,"href":"http:\/\/diadianews.com\/index.php\/wp-json\/wp\/v2\/comments?post=6868"}],"version-history":[{"count":0,"href":"http:\/\/diadianews.com\/index.php\/wp-json\/wp\/v2\/posts\/6868\/revisions"}],"wp:featuredmedia":[{"embeddable":true,"href":"http:\/\/diadianews.com\/index.php\/wp-json\/wp\/v2\/media\/6869"}],"wp:attachment":[{"href":"http:\/\/diadianews.com\/index.php\/wp-json\/wp\/v2\/media?parent=6868"}],"wp:term":[{"taxonomy":"category","embeddable":true,"href":"http:\/\/diadianews.com\/index.php\/wp-json\/wp\/v2\/categories?post=6868"},{"taxonomy":"post_tag","embeddable":true,"href":"http:\/\/diadianews.com\/index.php\/wp-json\/wp\/v2\/tags?post=6868"}],"curies":[{"name":"wp","href":"https:\/\/api.w.org\/{rel}","templated":true}]}}