{"id":6874,"date":"2026-08-17T12:54:04","date_gmt":"2026-08-17T15:54:04","guid":{"rendered":"https:\/\/diadianews.com\/index.php\/2026\/08\/17\/ciclista-haitiano-morre-atingido-por-caminhao-na-br-158-na-frente-da-familia-em-ms\/"},"modified":"2026-08-17T12:54:04","modified_gmt":"2026-08-17T15:54:04","slug":"ciclista-haitiano-morre-atingido-por-caminhao-na-br-158-na-frente-da-familia-em-ms","status":"publish","type":"post","link":"http:\/\/diadianews.com\/index.php\/2026\/08\/17\/ciclista-haitiano-morre-atingido-por-caminhao-na-br-158-na-frente-da-familia-em-ms\/","title":{"rendered":"Ciclista haitiano morre atingido por caminh\u00e3o na BR-158 na frente da fam\u00edlia em MS"},"content":{"rendered":"<div>\n<p class=\"wp-block-paragraph\">Motorista que atropelou ciclista fugiu sem prestar socorro<\/p>\n<p class=\"wp-block-paragraph\">Evelyn Mendes \u2013 17\/08\/2026 \u2013 07:05 \u2013 Corpo de Bombeiros atendeu \u00e0 ocorr\u00eancia. (Foto: ilustrativa, Nathalia Alc\u00e2ntara, Arquivo Midiamax)<\/p>\n<p class=\"wp-block-paragraph\">Identificado como Jos\u00e9 Dhaiti, de 64 anos, o ciclista que morreu ao ser atingido por um caminh\u00e3o na BR-158, pr\u00f3ximo de <a href=\"https:\/\/midiamax.com.br\/municipios\/tres-lagoas\/\">Tr\u00eas Lagoas<\/a>, a 323 quil\u00f4metros de <a href=\"https:\/\/midiamax.com.br\/municipios\/campo-grande\/\">Campo Grande<\/a>, no fim da tarde de domingo (16), enquanto Jos\u00e9 voltava para casa.<\/p>\n<p class=\"wp-block-paragraph\">De acordo com a imprensa local, Jos\u00e9 \u00e9 haitiano e havia acabado de sair do servi\u00e7o. Com o impacto da batida, o homem foi arremessado para uma \u00e1rea de vegeta\u00e7\u00e3o. O condutor fugiu do local e n\u00e3o foi identificado.<\/p>\n<p class=\"wp-block-paragraph\">A fam\u00edlia de Jos\u00e9 estava pr\u00f3xima do local e teria presenciado o acidente. Segundo informa\u00e7\u00f5es, o ciclista teve m\u00faltiplas fraturas e n\u00e3o resistiu.<\/p>\n<p class=\"wp-block-paragraph\">A Pol\u00edcia Militar, a Pol\u00edcia Civil e a Per\u00edcia T\u00e9cnica estiveram no local. As causas do acidente ser\u00e3o apuradas e o condutor do caminh\u00e3o ser\u00e1 investigado por omiss\u00e3o de socorro.<\/p>\n<p class=\"wp-block-paragraph\"><em>*Com informa\u00e7\u00f5es do portal 24h News<\/em>.<\/p>\n<h2 class=\"wp-block-heading\"><img decoding=\"async\" src=\"https:\/\/s.w.org\/images\/core\/emoji\/17.0.2\/72x72\/1f4ac.png\" alt=\"\ud83d\udcac\" class=\"wp-smiley\" style=\"height: 1em; max-height: 1em;\"> Fale com os jornalistas do Midiamax<\/h2>\n<p class=\"wp-block-paragraph\">Tem alguma <strong>den\u00fancia<\/strong>, <strong>flagrante<\/strong>, <strong>reclama\u00e7\u00e3o <\/strong>ou <strong>sugest\u00e3o <\/strong>de pauta para o <strong>Jornal Midiamax<\/strong>?<\/p>\n<p><img decoding=\"async\" src=\"https:\/\/s.w.org\/images\/core\/emoji\/17.0.2\/72x72\/1f5e3.png\" alt=\"\ud83d\udde3\" class=\"wp-smiley\" style=\"height: 1em; max-height: 1em;\"> Envie direto para nossos jornalistas pelo <a href=\"https:\/\/api.whatsapp.com\/send?phone=5567992074330&amp;text=Digite%20aqui%20sua%20den%C3%BAncia.%20Se%20tiver%20fotos%20e%20v%C3%ADdeo%2C%20envie%20tamb%C3%A9m.\">WhatsApp (67) 99207-4330<\/a>. O sigilo est\u00e1 garantido na lei.<\/p>\n<p class=\"wp-block-paragraph\"><img decoding=\"async\" src=\"https:\/\/s.w.org\/images\/core\/emoji\/17.0.2\/72x72\/2705.png\" alt=\"\u2705\" class=\"wp-smiley\" style=\"height: 1em; max-height: 1em;\"> Clique no nome de qualquer uma das plataformas abaixo para nos encontrar nas redes sociais:<br \/><a href=\"https:\/\/www.instagram.com\/midiamax\/\">Instagram<\/a>, <a href=\"https:\/\/www.facebook.com\/midiamax\">Facebook<\/a>, <a href=\"https:\/\/www.tiktok.com\/@midiamax\">TikTok<\/a>, <a href=\"https:\/\/www.youtube.com\/@jornal.midiamax\">YouTube<\/a>, <a href=\"https:\/\/whatsapp.com\/channel\/0029Va7FGJa9cDDXCIIEOn3d\">WhatsApp<\/a>, <a href=\"https:\/\/bsky.app\/profile\/midiamax.bsky.social\">Bluesky<\/a> e <a href=\"https:\/\/www.threads.net\/@midiamax?hl=pt-br\">Threads<\/a>.<\/p>\n<p class=\"wp-block-paragraph\">Midiamax<\/p>\n<p><!-- bloco-portais-jbr --><\/p>\n<div class=\"box-portais-jbr\" style=\"border:1px solid #e0e0e0;padding:16px 18px;margin:24px 0;border-radius:8px;background:#f9f9f9;font-size:0.95rem;\">\n<p style=\"margin:0 0 10px 0;font-weight:600;\">\n        Continue sempre bem informado acessando nossos portais:\n    <\/p>\n<ul style=\"margin:0;padding-left:20px;\">\n<li style=\"margin-bottom:8px;\">\n            <strong><a href=\"https:\/\/jornaldiadia.com.br\/\" target=\"_blank\" rel=\"noopener\" style=\"text-decoration:none;\">Jornal Dia Dia<\/a><\/strong> \u2013<br \/>\n            Sua fonte confi\u00e1vel para as melhores not\u00edcias e artigos \u00fateis. Fique por dentro dos acontecimentos mais importantes, dicas pr\u00e1ticas e conte\u00fados de qualidade.\n        <\/li>\n<li style=\"margin-bottom:8px;\">\n            <strong><a href=\"https:\/\/jbr.jor.br\/\" target=\"_blank\" rel=\"noopener\" style=\"text-decoration:none;\">Jornal Brasil Regional (JBR)<\/a><\/strong> \u2013<br \/>\n            O pulso do pa\u00eds em tempo real. Not\u00edcias nacionais, regionais e internacionais com \u00e9tica e credibilidade.\n        <\/li>\n<li style=\"margin-bottom:8px;\">\n            <strong><a href=\"https:\/\/castilho.jor.br\/\" target=\"_blank\" rel=\"noopener\" style=\"text-decoration:none;\">Castilho Not\u00edcias (News)<\/a><\/strong> \u2013<br \/>\n            O seu di\u00e1rio local com cobertura de Castilho e Regi\u00e3o (SP). Jornalismo com credibilidade.\n        <\/li>\n<li style=\"margin-bottom:8px;\">\n            <strong><a href=\"https:\/\/casaejardim.net.br\/\" target=\"_blank\" rel=\"noopener\" style=\"text-decoration:none;\">Casa e Jardim<\/a><\/strong> \u2013<br \/>\n            Dicas exclusivas sobre decora\u00e7\u00e3o, jardinagem, arquitetura, DIY, reformas e muito mais. Tend\u00eancias, solu\u00e7\u00f5es pr\u00e1ticas e ideias criativas para todos os estilos e or\u00e7amentos.\n        <\/li>\n<li style=\"margin-bottom:0;\">\n            <strong><a href=\"https:\/\/b10.net.br\/\" target=\"_blank\" rel=\"noopener\" style=\"text-decoration:none;\">B10 Brasil<\/a><\/strong> \u2013<br \/>\n            As principais not\u00edcias, an\u00e1lises e insights sobre neg\u00f3cios, economia e soberania nacional. Conectando o Brasil ao mundo com intelig\u00eancia e estrat\u00e9gia.\n        <\/li>\n<\/ul>\n<\/div>\n<p><!-- \/bloco-portais-jbr --><\/div>\n","protected":false},"excerpt":{"rendered":"<p>Motorista que atropelou ciclista fugiu sem prestar socorro Evelyn Mendes \u2013 17\/08\/2026 \u2013 07:05 \u2013 Corpo de Bombeiros atendeu \u00e0 ocorr\u00eancia. (Foto: ilustrativa, Nathalia Alc\u00e2ntara, Arquivo Midiamax) Identificado como Jos\u00e9 Dhaiti, de 64 anos, o ciclista que morreu ao ser atingido por um caminh\u00e3o na BR-158, pr\u00f3ximo de Tr\u00eas Lagoas,<span class=\"more-link\"><a href=\"http:\/\/diadianews.com\/index.php\/2026\/08\/17\/ciclista-haitiano-morre-atingido-por-caminhao-na-br-158-na-frente-da-familia-em-ms\/\">Continue Reading<\/a><\/span><\/p>\n","protected":false},"author":1,"featured_media":6875,"comment_status":"closed","ping_status":"closed","sticky":false,"template":"","format":"standard","meta":{"footnotes":""},"categories":[1],"tags":[],"class_list":["entry","author-valdei","post-6874","post","type-post","status-publish","format-standard","has-post-thumbnail","category-news-do-dia"],"_links":{"self":[{"href":"http:\/\/diadianews.com\/index.php\/wp-json\/wp\/v2\/posts\/6874","targetHints":{"allow":["GET"]}}],"collection":[{"href":"http:\/\/diadianews.com\/index.php\/wp-json\/wp\/v2\/posts"}],"about":[{"href":"http:\/\/diadianews.com\/index.php\/wp-json\/wp\/v2\/types\/post"}],"author":[{"embeddable":true,"href":"http:\/\/diadianews.com\/index.php\/wp-json\/wp\/v2\/users\/1"}],"replies":[{"embeddable":true,"href":"http:\/\/diadianews.com\/index.php\/wp-json\/wp\/v2\/comments?post=6874"}],"version-history":[{"count":0,"href":"http:\/\/diadianews.com\/index.php\/wp-json\/wp\/v2\/posts\/6874\/revisions"}],"wp:featuredmedia":[{"embeddable":true,"href":"http:\/\/diadianews.com\/index.php\/wp-json\/wp\/v2\/media\/6875"}],"wp:attachment":[{"href":"http:\/\/diadianews.com\/index.php\/wp-json\/wp\/v2\/media?parent=6874"}],"wp:term":[{"taxonomy":"category","embeddable":true,"href":"http:\/\/diadianews.com\/index.php\/wp-json\/wp\/v2\/categories?post=6874"},{"taxonomy":"post_tag","embeddable":true,"href":"http:\/\/diadianews.com\/index.php\/wp-json\/wp\/v2\/tags?post=6874"}],"curies":[{"name":"wp","href":"https:\/\/api.w.org\/{rel}","templated":true}]}}