{"id":6886,"date":"2026-08-17T16:58:18","date_gmt":"2026-08-17T19:58:18","guid":{"rendered":"https:\/\/diadianews.com\/index.php\/2026\/08\/17\/pv-quer-vitoria-de-lula-no-primeiro-turno\/"},"modified":"2026-08-17T16:58:18","modified_gmt":"2026-08-17T19:58:18","slug":"pv-quer-vitoria-de-lula-no-primeiro-turno","status":"publish","type":"post","link":"http:\/\/diadianews.com\/index.php\/2026\/08\/17\/pv-quer-vitoria-de-lula-no-primeiro-turno\/","title":{"rendered":"PV quer vit\u00f3ria de Lula no primeiro turno"},"content":{"rendered":"<div>\n<p class=\"wp-block-paragraph\">O PV participou do lan\u00e7amento da campanha de Lula na Vila Euclides, em S\u00e3o Bernardo do Campo. Ber\u00e7o do sindicalismo brasileiro, o est\u00e1dio \u00e9 um marco da luta pelos direitos dos trabalhadores e contra a ditadura militar, representado pelos membros da Executiva Nacional, presidentes dos diret\u00f3rios estaduais, candidatos e militantes. <\/p>\n<p class=\"wp-block-paragraph\">O PV tem certeza do compromisso do presidente Lula com o combate ao aquecimento global e com a prepara\u00e7\u00e3o da infraestrutura para minorar os efeitos das mudan\u00e7as clim\u00e1ticas. O partido sabe que esta elei\u00e7\u00e3o \u00e9 um excelente momento para furar a bolha e falar com toda a popula\u00e7\u00e3o.<\/p>\n<p class=\"wp-block-paragraph\">\u201cParticipamos hoje do lan\u00e7amento da campanha do presidente Lula aqui em S\u00e3o Bernardo do Campo. Com a presen\u00e7a de ecologistas, trabalhadores, movimentos sociais e dos partidos pol\u00edticos que apoiam a federa\u00e7\u00e3o, al\u00e9m do PV, do PT, do PCdoB, militantes do PDT, do PSB, do PSOL e da Rede, mostraram uma unidade formid\u00e1vel. Essa campanha do presidente Lula, que eu tenho toda certeza de que vai ganhar no primeiro turno, porque, al\u00e9m de termos as melhores propostas a favor do meio ambiente, a favor da vida, a favor do social, temos como advers\u00e1rios o que de pior tem na face da Terra\u201d, disse Reynaldo Nunes de Moraes, presidente em exerc\u00edcio do PV.<\/p>\n<p class=\"wp-block-paragraph\">No primeiro dia de campanha oficial, Lula pediu apoio aos militantes de todos os partidos e cobrou o compromisso com a campanha: \u201cCada militante nosso tem que andar com a compara\u00e7\u00e3o entre o que fizemos e o que os outros fizeram. Quem assentou mais terras ind\u00edgenas? Quem assentou mais trabalhador rural? Quem gerou mais emprego? Quem deu mais aumento de sal\u00e1rio? Para que a gente possa dizer para eles: \u2018Criem vergonha na cara, parem de mentir, porque o povo brasileiro n\u00e3o vai aceitar que a mentira ven\u00e7a a verdade\u2019\u201d, disse Lula.<\/p>\n<p class=\"wp-block-paragraph\">Reynaldo Nunes de Moraes lembrou aos militantes do PV e dos outros partidos a necessidade de eleger uma bancada majorit\u00e1ria alinhada com a Presid\u00eancia da Rep\u00fablica: \u201cVamos eleger Lula no primeiro turno. Mas \u00e9 importante tamb\u00e9m elegermos os nossos deputados federais, os nossos senadores, os governadores, os senadores de todos os partidos aliados. \u00c9 importante para o presidente ter uma bancada para vencer e dar continuidade a tudo que n\u00f3s propormos. Essa \u00e9 a elei\u00e7\u00e3o mais importante de nossa vida. E tenho certeza, Lula pode contar com toda a milit\u00e2ncia do Partido Verde, em todo o Brasil\u201d, afirmou Reynaldo.<\/p>\n<p class=\"wp-block-paragraph\">Candidato \u00e0 reelei\u00e7\u00e3o como vice-presidente, Geraldo Alckmin trouxe um dado sobre a ind\u00fastria brasileira e o com\u00e9rcio exterior. \u201cNos dois primeiros meses da vig\u00eancia do acordo Mercosul e Uni\u00e3o Europeia, as exporta\u00e7\u00f5es brasileiras cresceram 4%, mesmo com o aumento das tarifas estadunidenses\u201d, falou Alckmin.<\/p>\n<p class=\"wp-block-paragraph\"><a href=\"https:\/\/click.knewin360.com\/Click\/click\/eyJhbGciOiJIUzI1NiIsInR5cCI6IkpXVCJ9.eyJjYW1wYWlnbklkIjoiOTM5NmY4YTQtMjdhZS00Y2Y1LTM0ZjAtMDhkZWY0MzNhYmU2IiwicGVyc29uSWQiOiI0Zjg4YTQwMC0wMGNkLTRhNzgtODhiYS05YzhlZjllNDRhNjUiLCJlbWFpbCI6ImpyZGlhZGlhQHRlcnJhLmNvbS5iciIsInVybCI6Imh0dHBzOi8vcHYub3JnLmJyL3dwLWNvbnRlbnQvdXBsb2Fkcy8yMDI2LzA4L21hbnVhbF9zaW1wbGlmaWNhZG9fbHVsYS5wZGYiLCJpc1NlZ21lbnRhdGlvbiI6IlRydWUiLCJuYmYiOjE3ODY5NzcwMDksImV4cCI6MTc4OTU2OTAwOSwiaWF0IjoxNzg2OTc3MDA5fQ.BZe2Z4uoct6IWeyWPryzcZMCCx-wVd1C3YKYLpIvcko\" target=\"_blank\" rel=\"noreferrer noopener\">Segue o manual Manual simplificadoInforma\u00e7\u00f5es para imprensaJ\u00falio Moreira <\/a><\/p>\n<p class=\"wp-block-paragraph\"><a href=\"https:\/\/click.knewin360.com\/Click\/click\/eyJhbGciOiJIUzI1NiIsInR5cCI6IkpXVCJ9.eyJjYW1wYWlnbklkIjoiOTM5NmY4YTQtMjdhZS00Y2Y1LTM0ZjAtMDhkZWY0MzNhYmU2IiwicGVyc29uSWQiOiI0Zjg4YTQwMC0wMGNkLTRhNzgtODhiYS05YzhlZjllNDRhNjUiLCJlbWFpbCI6ImpyZGlhZGlhQHRlcnJhLmNvbS5iciIsInVybCI6Imh0dHBzOi8vcHYub3JnLmJyL3dwLWNvbnRlbnQvdXBsb2Fkcy8yMDI2LzA4L21hbnVhbF9zaW1wbGlmaWNhZG9fbHVsYS5wZGYiLCJpc1NlZ21lbnRhdGlvbiI6IlRydWUiLCJuYmYiOjE3ODY5NzcwMDksImV4cCI6MTc4OTU2OTAwOSwiaWF0IjoxNzg2OTc3MDA5fQ.BZe2Z4uoct6IWeyWPryzcZMCCx-wVd1C3YKYLpIvcko\" target=\"_blank\" rel=\"noreferrer noopener\">\u2013 Assessor de Imprensa <\/a><\/p>\n<p class=\"wp-block-paragraph\"><a href=\"https:\/\/click.knewin360.com\/Click\/click\/eyJhbGciOiJIUzI1NiIsInR5cCI6IkpXVCJ9.eyJjYW1wYWlnbklkIjoiOTM5NmY4YTQtMjdhZS00Y2Y1LTM0ZjAtMDhkZWY0MzNhYmU2IiwicGVyc29uSWQiOiI0Zjg4YTQwMC0wMGNkLTRhNzgtODhiYS05YzhlZjllNDRhNjUiLCJlbWFpbCI6ImpyZGlhZGlhQHRlcnJhLmNvbS5iciIsInVybCI6Imh0dHBzOi8vcHYub3JnLmJyL3dwLWNvbnRlbnQvdXBsb2Fkcy8yMDI2LzA4L21hbnVhbF9zaW1wbGlmaWNhZG9fbHVsYS5wZGYiLCJpc1NlZ21lbnRhdGlvbiI6IlRydWUiLCJuYmYiOjE3ODY5NzcwMDksImV4cCI6MTc4OTU2OTAwOSwiaWF0IjoxNzg2OTc3MDA5fQ.BZe2Z4uoct6IWeyWPryzcZMCCx-wVd1C3YKYLpIvcko\" target=\"_blank\" rel=\"noreferrer noopener\">Tel: +55 11 98698-9003 Email: <\/a><a href=\"mailto:julioamoreira@gmail.com\" target=\"_blank\" rel=\"noreferrer noopener\">julioamoreira@gmail.com<\/a><\/p>\n<p class=\"wp-block-paragraph\"><strong>Partido Verde<\/strong><\/p>\n<p class=\"wp-block-paragraph\">SCN QUADRA 01 BLOCO F N\u00ba 70 SALAS 711\/712 E 713 EDIF\u00cdCIO AM\u00c9RICA OFFICE TOWER ASA NORTE BRAS\u00cdLIA\/DF \u2013 CEP 70.711-90<\/p>\n<p><!-- bloco-portais-jbr --><\/p>\n<div class=\"box-portais-jbr\" style=\"border:1px solid #e0e0e0;padding:16px 18px;margin:24px 0;border-radius:8px;background:#f9f9f9;font-size:0.95rem;\">\n<p style=\"margin:0 0 10px 0;font-weight:600;\">\n        Continue sempre bem informado acessando nossos portais:\n    <\/p>\n<ul style=\"margin:0;padding-left:20px;\">\n<li style=\"margin-bottom:8px;\">\n            <strong><a href=\"https:\/\/jornaldiadia.com.br\/\" target=\"_blank\" rel=\"noopener\" style=\"text-decoration:none;\">Jornal Dia Dia<\/a><\/strong> \u2013<br \/>\n            Sua fonte confi\u00e1vel para as melhores not\u00edcias e artigos \u00fateis. Fique por dentro dos acontecimentos mais importantes, dicas pr\u00e1ticas e conte\u00fados de qualidade.\n        <\/li>\n<li style=\"margin-bottom:8px;\">\n            <strong><a href=\"https:\/\/jbr.jor.br\/\" target=\"_blank\" rel=\"noopener\" style=\"text-decoration:none;\">Jornal Brasil Regional (JBR)<\/a><\/strong> \u2013<br \/>\n            O pulso do pa\u00eds em tempo real. Not\u00edcias nacionais, regionais e internacionais com \u00e9tica e credibilidade.\n        <\/li>\n<li style=\"margin-bottom:8px;\">\n            <strong><a href=\"https:\/\/castilho.jor.br\/\" target=\"_blank\" rel=\"noopener\" style=\"text-decoration:none;\">Castilho Not\u00edcias (News)<\/a><\/strong> \u2013<br \/>\n            O seu di\u00e1rio local com cobertura de Castilho e Regi\u00e3o (SP). Jornalismo com credibilidade.\n        <\/li>\n<li style=\"margin-bottom:8px;\">\n            <strong><a href=\"https:\/\/casaejardim.net.br\/\" target=\"_blank\" rel=\"noopener\" style=\"text-decoration:none;\">Casa e Jardim<\/a><\/strong> \u2013<br \/>\n            Dicas exclusivas sobre decora\u00e7\u00e3o, jardinagem, arquitetura, DIY, reformas e muito mais. Tend\u00eancias, solu\u00e7\u00f5es pr\u00e1ticas e ideias criativas para todos os estilos e or\u00e7amentos.\n        <\/li>\n<li style=\"margin-bottom:0;\">\n            <strong><a href=\"https:\/\/b10.net.br\/\" target=\"_blank\" rel=\"noopener\" style=\"text-decoration:none;\">B10 Brasil<\/a><\/strong> \u2013<br \/>\n            As principais not\u00edcias, an\u00e1lises e insights sobre neg\u00f3cios, economia e soberania nacional. Conectando o Brasil ao mundo com intelig\u00eancia e estrat\u00e9gia.\n        <\/li>\n<\/ul>\n<\/div>\n<p><!-- \/bloco-portais-jbr --><\/div>\n","protected":false},"excerpt":{"rendered":"<p>O PV participou do lan\u00e7amento da campanha de Lula na Vila Euclides, em S\u00e3o Bernardo do Campo. Ber\u00e7o do sindicalismo brasileiro, o est\u00e1dio \u00e9 um marco da luta pelos direitos dos trabalhadores e contra a ditadura militar, representado pelos membros da Executiva Nacional, presidentes dos diret\u00f3rios estaduais, candidatos e militantes.<span class=\"more-link\"><a href=\"http:\/\/diadianews.com\/index.php\/2026\/08\/17\/pv-quer-vitoria-de-lula-no-primeiro-turno\/\">Continue Reading<\/a><\/span><\/p>\n","protected":false},"author":1,"featured_media":6887,"comment_status":"closed","ping_status":"closed","sticky":false,"template":"","format":"standard","meta":{"footnotes":""},"categories":[1],"tags":[],"class_list":["entry","author-valdei","post-6886","post","type-post","status-publish","format-standard","has-post-thumbnail","category-news-do-dia"],"_links":{"self":[{"href":"http:\/\/diadianews.com\/index.php\/wp-json\/wp\/v2\/posts\/6886","targetHints":{"allow":["GET"]}}],"collection":[{"href":"http:\/\/diadianews.com\/index.php\/wp-json\/wp\/v2\/posts"}],"about":[{"href":"http:\/\/diadianews.com\/index.php\/wp-json\/wp\/v2\/types\/post"}],"author":[{"embeddable":true,"href":"http:\/\/diadianews.com\/index.php\/wp-json\/wp\/v2\/users\/1"}],"replies":[{"embeddable":true,"href":"http:\/\/diadianews.com\/index.php\/wp-json\/wp\/v2\/comments?post=6886"}],"version-history":[{"count":0,"href":"http:\/\/diadianews.com\/index.php\/wp-json\/wp\/v2\/posts\/6886\/revisions"}],"wp:featuredmedia":[{"embeddable":true,"href":"http:\/\/diadianews.com\/index.php\/wp-json\/wp\/v2\/media\/6887"}],"wp:attachment":[{"href":"http:\/\/diadianews.com\/index.php\/wp-json\/wp\/v2\/media?parent=6886"}],"wp:term":[{"taxonomy":"category","embeddable":true,"href":"http:\/\/diadianews.com\/index.php\/wp-json\/wp\/v2\/categories?post=6886"},{"taxonomy":"post_tag","embeddable":true,"href":"http:\/\/diadianews.com\/index.php\/wp-json\/wp\/v2\/tags?post=6886"}],"curies":[{"name":"wp","href":"https:\/\/api.w.org\/{rel}","templated":true}]}}