{"id":6888,"date":"2026-08-17T17:03:27","date_gmt":"2026-08-17T20:03:27","guid":{"rendered":"https:\/\/diadianews.com\/index.php\/2026\/08\/17\/marcal-declara-patrimonio-de-r-74-bilhoes-valor-4-mil-vezes-maior-do-que-o-declarado-ha-2-anos\/"},"modified":"2026-08-17T17:03:27","modified_gmt":"2026-08-17T20:03:27","slug":"marcal-declara-patrimonio-de-r-74-bilhoes-valor-4-mil-vezes-maior-do-que-o-declarado-ha-2-anos","status":"publish","type":"post","link":"http:\/\/diadianews.com\/index.php\/2026\/08\/17\/marcal-declara-patrimonio-de-r-74-bilhoes-valor-4-mil-vezes-maior-do-que-o-declarado-ha-2-anos\/","title":{"rendered":"Mar\u00e7al declara patrim\u00f4nio de R$ 7,4 bilh\u00f5es, valor 4 mil vezes maior do que o declarado h\u00e1 2 anos"},"content":{"rendered":"<div>\n<p class=\"wp-block-paragraph\">O coach segue ineleg\u00edvel, apesar de ter sido registrado como candidato \u00e0 Presid\u00eancia<br \/>15 ago 2026 \u2013 21h36 \u2013 (atualizado \u00e0s 22h43)<\/p>\n<p class=\"wp-block-paragraph\">Foto: Divulga\u00e7\u00e3o\/Arquivo<\/p>\n<p class=\"wp-block-paragraph\">Pablo Mar\u00e7al conseguiu uma liminar para deixar o Uni\u00e3o Brasil e voltar ao PRTB. De \u00faltima hora, o coach registrou a candidatura \u00e0 Presid\u00eancia, mesmo ineleg\u00edvel, e declarou patrim\u00f4nio de R$ 7,4 bilh\u00f5es.<\/p>\n<p class=\"wp-block-paragraph\">O valor representa um crescimento de 4.276,5% do que foi declarado por Mar\u00e7al quando foi candidato a prefeito de S\u00e3o Paulo h\u00e1 2 anos. Na \u00e9poca, ele informou ao TSE ter R$ 169,5 milh\u00f5es.<\/p>\n<p class=\"wp-block-paragraph\">O bem de maior valor declarado por Pablo Mar\u00e7al \u00e9 um terreno urbano em Santana de Parna\u00edba, na regi\u00e3o metropolitana de S\u00e3o Paulo, de R$ 490 milh\u00f5es. Al\u00e9m disso, o patrim\u00f4nio \u00e9 dividido em aplica\u00e7\u00f5es financeiras, im\u00f3veis e participa\u00e7\u00f5es societ\u00e1rias em empresas.<br \/>Por que Mar\u00e7al est\u00e1 ineleg\u00edvel?<\/p>\n<p class=\"wp-block-paragraph\">Na semana passada, o Tribunal Regional Eleitoral de S\u00e3o Paulo (TRE-SP) confirmou, por 7 votos a 0, a condena\u00e7\u00e3o de Pablo Mar\u00e7al (Uni\u00e3o Brasil) por uso indevido dos meios de comunica\u00e7\u00e3o social durante a campanha de 2024 para a prefeitura da capital paulista. A decis\u00e3o foi tomada nesta quarta-feira, 5, em sess\u00e3o do plen\u00e1rio virtual e mant\u00e9m a inelegibilidade de oito anos do coach e influencer.<\/p>\n<p class=\"wp-block-paragraph\">O relator, juiz Claudio Langroiva Pereira, votou pela rejei\u00e7\u00e3o dos embargos de declara\u00e7\u00e3o apresentados pela defesa de Mar\u00e7al. O magistrado foi acompanhado pelos ju\u00edzes Regis de Castilho, Domitila Manssur, Mairan Maia J\u00fanior, Danyelle Galv\u00e3o, Encinas Manfr\u00e9 e Roberto Maia.<\/p>\n<p class=\"wp-block-paragraph\">Ainda cabe recurso na decis\u00e3o no Tribunal Superior Eleitoral (TSE). A defesa de Mar\u00e7al afirma que ir\u00e1 recorrer.<\/p>\n<p class=\"wp-block-paragraph\">Os embargos de declara\u00e7\u00e3o foram apresentados pela defesa de Mar\u00e7al contra o ac\u00f3rd\u00e3o de dezembro de 2025. A senten\u00e7a julgou tr\u00eas acusa\u00e7\u00f5es diferentes contra Mar\u00e7al, reunidas em a\u00e7\u00f5es movidas pelo PSB e pelo Minist\u00e9rio P\u00fablico Eleitoral<\/p>\n<p class=\"wp-block-paragraph\">A corte afastou duas delas: abuso de poder econ\u00f4mico e capta\u00e7\u00e3o e gastos il\u00edcitos de recursos de campanha. Nesses pontos, prevaleceu o entendimento de que n\u00e3o havia prova inequ\u00edvoca de pagamento efetivo de pr\u00eamios em dinheiro pelo candidato ou por terceiros.<\/p>\n<p class=\"wp-block-paragraph\">A condena\u00e7\u00e3o que restou \u2014 e que os embargos de declara\u00e7\u00e3o tentavam reverter \u2014 foi por uso indevido dos meios de comunica\u00e7\u00e3o social.<\/p>\n<p class=\"wp-block-paragraph\">Segundo o relator, o coach se beneficiou de uma estrat\u00e9gia de dissemina\u00e7\u00e3o massiva de v\u00eddeos por meio de um concurso promovido na comunidade \u201cCortes do Mar\u00e7al\u201d, no Discord, entre 24 de junho e 7 de julho de 2024. Os participantes eram incentivados a publicar cortes de v\u00eddeos do ent\u00e3o candidato com a hashtag #prefeitomar\u00e7al em troca de pr\u00eamios, pr\u00e1tica que a legisla\u00e7\u00e3o eleitoral veda.<\/p>\n<p class=\"wp-block-paragraph\">A decis\u00e3o de dezembro foi tomada por maioria, com voto de desempate do ent\u00e3o presidente da corte, desembargador Silmar Fernandes. Ficaram vencidos o juiz Regis de Castilho, a ju\u00edza Domitila Manssur e o desembargador Mairan Maia J\u00fanior, que davam provimento total ao recurso e absolviam o candidato tamb\u00e9m nesse ponto. <\/p>\n<p class=\"wp-block-paragraph\">(*Com informa\u00e7\u00f5es do Estad\u00e3o Conte\u00fado)<\/p>\n<p class=\"wp-block-paragraph\">Fonte: Portal Terra<\/p>\n<p><!-- bloco-portais-jbr --><\/p>\n<div class=\"box-portais-jbr\" style=\"border:1px solid #e0e0e0;padding:16px 18px;margin:24px 0;border-radius:8px;background:#f9f9f9;font-size:0.95rem;\">\n<p style=\"margin:0 0 10px 0;font-weight:600;\">\n        Continue sempre bem informado acessando nossos portais:\n    <\/p>\n<ul style=\"margin:0;padding-left:20px;\">\n<li style=\"margin-bottom:8px;\">\n            <strong><a href=\"https:\/\/jornaldiadia.com.br\/\" target=\"_blank\" rel=\"noopener\" style=\"text-decoration:none;\">Jornal Dia Dia<\/a><\/strong> \u2013<br \/>\n            Sua fonte confi\u00e1vel para as melhores not\u00edcias e artigos \u00fateis. Fique por dentro dos acontecimentos mais importantes, dicas pr\u00e1ticas e conte\u00fados de qualidade.\n        <\/li>\n<li style=\"margin-bottom:8px;\">\n            <strong><a href=\"https:\/\/jbr.jor.br\/\" target=\"_blank\" rel=\"noopener\" style=\"text-decoration:none;\">Jornal Brasil Regional (JBR)<\/a><\/strong> \u2013<br \/>\n            O pulso do pa\u00eds em tempo real. Not\u00edcias nacionais, regionais e internacionais com \u00e9tica e credibilidade.\n        <\/li>\n<li style=\"margin-bottom:8px;\">\n            <strong><a href=\"https:\/\/castilho.jor.br\/\" target=\"_blank\" rel=\"noopener\" style=\"text-decoration:none;\">Castilho Not\u00edcias (News)<\/a><\/strong> \u2013<br \/>\n            O seu di\u00e1rio local com cobertura de Castilho e Regi\u00e3o (SP). Jornalismo com credibilidade.\n        <\/li>\n<li style=\"margin-bottom:8px;\">\n            <strong><a href=\"https:\/\/casaejardim.net.br\/\" target=\"_blank\" rel=\"noopener\" style=\"text-decoration:none;\">Casa e Jardim<\/a><\/strong> \u2013<br \/>\n            Dicas exclusivas sobre decora\u00e7\u00e3o, jardinagem, arquitetura, DIY, reformas e muito mais. Tend\u00eancias, solu\u00e7\u00f5es pr\u00e1ticas e ideias criativas para todos os estilos e or\u00e7amentos.\n        <\/li>\n<li style=\"margin-bottom:0;\">\n            <strong><a href=\"https:\/\/b10.net.br\/\" target=\"_blank\" rel=\"noopener\" style=\"text-decoration:none;\">B10 Brasil<\/a><\/strong> \u2013<br \/>\n            As principais not\u00edcias, an\u00e1lises e insights sobre neg\u00f3cios, economia e soberania nacional. Conectando o Brasil ao mundo com intelig\u00eancia e estrat\u00e9gia.\n        <\/li>\n<\/ul>\n<\/div>\n<p><!-- \/bloco-portais-jbr --><\/div>\n","protected":false},"excerpt":{"rendered":"<p>O coach segue ineleg\u00edvel, apesar de ter sido registrado como candidato \u00e0 Presid\u00eancia15 ago 2026 \u2013 21h36 \u2013 (atualizado \u00e0s 22h43) Foto: Divulga\u00e7\u00e3o\/Arquivo Pablo Mar\u00e7al conseguiu uma liminar para deixar o Uni\u00e3o Brasil e voltar ao PRTB. De \u00faltima hora, o coach registrou a candidatura \u00e0 Presid\u00eancia, mesmo ineleg\u00edvel, e<span class=\"more-link\"><a href=\"http:\/\/diadianews.com\/index.php\/2026\/08\/17\/marcal-declara-patrimonio-de-r-74-bilhoes-valor-4-mil-vezes-maior-do-que-o-declarado-ha-2-anos\/\">Continue Reading<\/a><\/span><\/p>\n","protected":false},"author":1,"featured_media":6889,"comment_status":"closed","ping_status":"closed","sticky":false,"template":"","format":"standard","meta":{"footnotes":""},"categories":[1],"tags":[],"class_list":["entry","author-valdei","post-6888","post","type-post","status-publish","format-standard","has-post-thumbnail","category-news-do-dia"],"_links":{"self":[{"href":"http:\/\/diadianews.com\/index.php\/wp-json\/wp\/v2\/posts\/6888","targetHints":{"allow":["GET"]}}],"collection":[{"href":"http:\/\/diadianews.com\/index.php\/wp-json\/wp\/v2\/posts"}],"about":[{"href":"http:\/\/diadianews.com\/index.php\/wp-json\/wp\/v2\/types\/post"}],"author":[{"embeddable":true,"href":"http:\/\/diadianews.com\/index.php\/wp-json\/wp\/v2\/users\/1"}],"replies":[{"embeddable":true,"href":"http:\/\/diadianews.com\/index.php\/wp-json\/wp\/v2\/comments?post=6888"}],"version-history":[{"count":0,"href":"http:\/\/diadianews.com\/index.php\/wp-json\/wp\/v2\/posts\/6888\/revisions"}],"wp:featuredmedia":[{"embeddable":true,"href":"http:\/\/diadianews.com\/index.php\/wp-json\/wp\/v2\/media\/6889"}],"wp:attachment":[{"href":"http:\/\/diadianews.com\/index.php\/wp-json\/wp\/v2\/media?parent=6888"}],"wp:term":[{"taxonomy":"category","embeddable":true,"href":"http:\/\/diadianews.com\/index.php\/wp-json\/wp\/v2\/categories?post=6888"},{"taxonomy":"post_tag","embeddable":true,"href":"http:\/\/diadianews.com\/index.php\/wp-json\/wp\/v2\/tags?post=6888"}],"curies":[{"name":"wp","href":"https:\/\/api.w.org\/{rel}","templated":true}]}}