{"id":6897,"date":"2026-08-17T19:33:15","date_gmt":"2026-08-17T22:33:15","guid":{"rendered":"https:\/\/diadianews.com\/index.php\/2026\/08\/17\/projeto-apoiado-pela-suzano-fortalece-a-producao-e-a-geracao-de-renda-na-comunidade-ofaie-em-brasilandia-ms\/"},"modified":"2026-08-17T19:33:15","modified_gmt":"2026-08-17T22:33:15","slug":"projeto-apoiado-pela-suzano-fortalece-a-producao-e-a-geracao-de-renda-na-comunidade-ofaie-em-brasilandia-ms","status":"publish","type":"post","link":"http:\/\/diadianews.com\/index.php\/2026\/08\/17\/projeto-apoiado-pela-suzano-fortalece-a-producao-e-a-geracao-de-renda-na-comunidade-ofaie-em-brasilandia-ms\/","title":{"rendered":"Projeto apoiado pela Suzano fortalece a produ\u00e7\u00e3o e a gera\u00e7\u00e3o de renda na Comunidade Ofai\u00e9 em Brasil\u00e2ndia (MS)"},"content":{"rendered":"<div>\n<figure class=\"wp-block-image size-full\"><img loading=\"lazy\" decoding=\"async\" width=\"354\" height=\"83\" src=\"https:\/\/jornaldiadia.com.br\/wp-content\/uploads\/slogansuzano-4.webp\" alt=\"\" class=\"wp-image-77292\" srcset=\"https:\/\/jornaldiadia.com.br\/wp-content\/uploads\/slogansuzano-4.webp 354w, https:\/\/jornaldiadia.com.br\/wp-content\/uploads\/slogansuzano-4-300x70.webp 300w\" sizes=\"auto, (max-width: 354px) 100vw, 354px\"><\/figure>\n<p class=\"wp-block-paragraph\"><em>As primeiras a\u00e7\u00f5es do projeto fortalecem a produ\u00e7\u00e3o de alimentos, incentivam novas atividades produtivas e ampliam as oportunidades de gera\u00e7\u00e3o de renda na comunidade ind\u00edgena<\/em><\/p>\n<p class=\"wp-block-paragraph\">As primeiras a\u00e7\u00f5es do Projeto de Relacionamento na Comunidade Ind\u00edgena Ofai\u00e9, em Brasil\u00e2ndia (MS), j\u00e1 apresentam resultados concretos. Oito hortas familiares est\u00e3o em produ\u00e7\u00e3o, a pecu\u00e1ria avan\u00e7a com melhorias na infraestrutura, o artesanato abre novas oportunidades de gera\u00e7\u00e3o de renda e novas atividades, como a apicultura e a avicultura, que seguem em desenvolvimento na comunidade. A iniciativa \u00e9 desenvolvida pela Suzano em parceria com o Sebrae e com os pr\u00f3prios moradores da aldeia.<\/p>\n<p class=\"wp-block-paragraph\">\u201cVer esses primeiros resultados na comunidade mostra que o projeto est\u00e1 seguindo o caminho que planejamos junto \u00e0s fam\u00edlias ind\u00edgenas. Cada etapa conclu\u00edda representa mais oportunidades de produ\u00e7\u00e3o, gera\u00e7\u00e3o de renda e fortalecimento da autonomia da comunidade, sempre respeitando o engajamento culturalmente apropriado e os conhecimentos tradicionais do povo Ofai\u00e9. Nosso compromisso \u00e9 continuar acompanhando esse desenvolvimento e ampliar os resultados ao longo dos pr\u00f3ximos anos\u201d, afirma Andreone Souza, coordenador de Relacionamento Social da Suzano em Mato Grosso do Sul.<\/p>\n<p class=\"wp-block-paragraph\">A horticultura \u00e9 a frente mais consolidada do projeto at\u00e9 o momento. As oito hortas implantadas ocupam aproximadamente 400 metros quadrados e produzem alimentos como quiabo, ab\u00f3bora, feij\u00e3o, maxixe, mandioca, berinjela, jil\u00f3, banana, abacaxi, tomate, alface, r\u00facula, cheiro-verde, almeir\u00e3o, cenoura, beterraba e couve. Parte da produ\u00e7\u00e3o abastece as fam\u00edlias da comunidade e outra j\u00e1 vem sendo comercializada. Atualmente, seis produtores comercializam alimentos por meio do Programa de Aquisi\u00e7\u00e3o de Alimentos (PAA).<\/p>\n<p class=\"wp-block-paragraph\">Na pecu\u00e1ria, os investimentos est\u00e3o voltados para a melhoria da infraestrutura da atividade. At\u00e9 agora, foram reformados 10,5 quil\u00f4metros de cercas e recuperados 35 hectares de pastagem, garantindo melhores condi\u00e7\u00f5es para o manejo dos animais. A segunda etapa do projeto prev\u00ea a implanta\u00e7\u00e3o de mais cinco quil\u00f4metros de cercas.<\/p>\n<p class=\"wp-block-paragraph\">Outra frente em desenvolvimento \u00e9 a apicultura. Doze fam\u00edlias participam da iniciativa, que est\u00e1 na fase de instala\u00e7\u00e3o das caixas-isca e prepara\u00e7\u00e3o das futuras colmeias. A expectativa \u00e9 que a produ\u00e7\u00e3o de mel tenha in\u00edcio nos pr\u00f3ximos ciclos, ampliando as possibilidades de gera\u00e7\u00e3o de renda da comunidade.<\/p>\n<p class=\"wp-block-paragraph\">O projeto tamb\u00e9m come\u00e7ou a implantar a atividade de avicultura. O primeiro galinheiro foi conclu\u00eddo e servir\u00e1 como modelo para a expans\u00e3o da cria\u00e7\u00e3o entre as fam\u00edlias participantes, contribuindo para a diversifica\u00e7\u00e3o da produ\u00e7\u00e3o local.<\/p>\n<p class=\"wp-block-paragraph\"><strong>Fortalecimento do artesanato regional<\/strong><strong><\/strong><\/p>\n<p class=\"wp-block-paragraph\">No artesanato, dez mulheres ind\u00edgenas conclu\u00edram recentemente a primeira etapa da capacita\u00e7\u00e3o em costura criativa realizada em parceria com o Sebrae\/MS. Ao longo de sete meses, elas participaram de atividades voltadas ao aperfei\u00e7oamento das t\u00e9cnicas de produ\u00e7\u00e3o, reaproveitamento de materiais, acabamento e precifica\u00e7\u00e3o, ampliando o portf\u00f3lio de pe\u00e7as e agregando valor ao trabalho desenvolvido pelas artes\u00e3s, sem perder as caracter\u00edsticas culturais do povo Ofai\u00e9.<\/p>\n<p class=\"wp-block-paragraph\">Al\u00e9m das capacita\u00e7\u00f5es, a Suzano disponibilizou materiais para todas as frentes do projeto, como mudas para as hortas, cercas para a pecu\u00e1ria, caixas destinadas \u00e0 apicultura e insumos para o artesanato. As a\u00e7\u00f5es seguem em andamento e incluem o acompanhamento t\u00e9cnico das atividades, a expans\u00e3o das culturas agr\u00edcolas, o fortalecimento da comercializa\u00e7\u00e3o dos produtos e a continuidade das capacita\u00e7\u00f5es.<\/p>\n<p class=\"wp-block-paragraph\">\u201cEsse projeto representa um passo importante para a nossa comunidade. Estamos aprendendo novas t\u00e9cnicas, melhorando nossos produtos e fortalecendo nossa forma de trabalho. A gente agradece muito as parcerias que respeitam nossa cultura e trazem conhecimento para que possamos melhorar nossa qualidade de vida\u201d, completa a cacica Ramona Coimbra Pereira.<\/p>\n<p class=\"wp-block-paragraph\"><strong>Sobre a Suzano<\/strong><strong><\/strong><\/p>\n<p class=\"wp-block-paragraph\">A Suzano \u00e9 a maior produtora mundial de celulose, uma das maiores fabricantes de pap\u00e9is da Am\u00e9rica Latina e l\u00edder no segmento de papel higi\u00eanico no Brasil. A companhia adota as melhores pr\u00e1ticas de inova\u00e7\u00e3o e sustentabilidade para desenvolver produtos e solu\u00e7\u00f5es a partir de mat\u00e9ria-prima renov\u00e1vel. Os produtos da Suzano est\u00e3o presentes na vida de mais de 2 bilh\u00f5es de pessoas, cerca de 25% da popula\u00e7\u00e3o mundial, e incluem celulose; itens para higiene pessoal como papel higi\u00eanico e guardanapos; pap\u00e9is para embalagens, copos e canudos; pap\u00e9is para imprimir e escrever, entre outros produtos desenvolvidos para atender \u00e0 crescente necessidade do planeta por itens mais sustent\u00e1veis. Entre suas marcas no Brasil est\u00e3o Neve\u00ae, P\u00f3len\u00ae, Suzano Report\u00ae, Mimmo\u00ae, entre outras. Com sede no Brasil e opera\u00e7\u00f5es na Am\u00e9rica Latina, Am\u00e9rica do Norte, Europa e \u00c1sia, a empresa tem mais de 100 anos de hist\u00f3ria e a\u00e7\u00f5es negociadas nas bolsas do Brasil (SUZB3) e dos Estados Unidos (SUZ). Saiba mais em:<a href=\"http:\/\/www.suzano.com.br\/\" target=\"_blank\" rel=\"noreferrer noopener\">\u00a0<\/a><a href=\"http:\/\/www.suzano.com.br\/\" target=\"_blank\" rel=\"noreferrer noopener\">www.suzano.com.br<\/a><\/p>\n<p class=\"wp-block-paragraph\"><strong>Informa\u00e7\u00f5es \u00e0 Imprensa<\/strong><strong><\/strong><\/p>\n<p class=\"wp-block-paragraph\">Infomuts \u2013 Informa\u00e7\u00e3o Inteligente<\/p>\n<p class=\"wp-block-paragraph\">Renata Prandini l\u00a0<a href=\"mailto:renata@infomuts.com\" target=\"_blank\" rel=\"noreferrer noopener\">renata@infomuts.com<\/a>\u00a0l 12 99760-7099<\/p>\n<figure class=\"wp-block-image size-large\"><img loading=\"lazy\" decoding=\"async\" width=\"1024\" height=\"768\" src=\"https:\/\/jornaldiadia.com.br\/wp-content\/uploads\/image-9530-1024x768.webp\" alt=\"\" class=\"wp-image-81710\" srcset=\"https:\/\/jornaldiadia.com.br\/wp-content\/uploads\/image-9530-1024x768.webp 1024w, https:\/\/jornaldiadia.com.br\/wp-content\/uploads\/image-9530-300x225.webp 300w, https:\/\/jornaldiadia.com.br\/wp-content\/uploads\/image-9530-768x576.webp 768w, https:\/\/jornaldiadia.com.br\/wp-content\/uploads\/image-9530-465x349.webp 465w, https:\/\/jornaldiadia.com.br\/wp-content\/uploads\/image-9530-667x500.webp 667w, https:\/\/jornaldiadia.com.br\/wp-content\/uploads\/image-9530.webp 1440w\" sizes=\"auto, (max-width: 1024px) 100vw, 1024px\"><\/figure>\n<figure class=\"wp-block-image size-large\"><img loading=\"lazy\" decoding=\"async\" width=\"1024\" height=\"769\" src=\"https:\/\/jornaldiadia.com.br\/wp-content\/uploads\/image-9531-1024x769.webp\" alt=\"\" class=\"wp-image-81711\" srcset=\"https:\/\/jornaldiadia.com.br\/wp-content\/uploads\/image-9531-1024x769.webp 1024w, https:\/\/jornaldiadia.com.br\/wp-content\/uploads\/image-9531-300x225.webp 300w, https:\/\/jornaldiadia.com.br\/wp-content\/uploads\/image-9531-768x576.webp 768w, https:\/\/jornaldiadia.com.br\/wp-content\/uploads\/image-9531-465x349.webp 465w, https:\/\/jornaldiadia.com.br\/wp-content\/uploads\/image-9531-666x500.webp 666w, https:\/\/jornaldiadia.com.br\/wp-content\/uploads\/image-9531.webp 1439w\" sizes=\"auto, (max-width: 1024px) 100vw, 1024px\"><\/figure>\n<figure class=\"wp-block-image size-large\"><img loading=\"lazy\" decoding=\"async\" width=\"1024\" height=\"769\" src=\"https:\/\/jornaldiadia.com.br\/wp-content\/uploads\/image-9532-1024x769.webp\" alt=\"\" class=\"wp-image-81712\" srcset=\"https:\/\/jornaldiadia.com.br\/wp-content\/uploads\/image-9532-1024x769.webp 1024w, https:\/\/jornaldiadia.com.br\/wp-content\/uploads\/image-9532-300x225.webp 300w, https:\/\/jornaldiadia.com.br\/wp-content\/uploads\/image-9532-768x576.webp 768w, https:\/\/jornaldiadia.com.br\/wp-content\/uploads\/image-9532-465x349.webp 465w, https:\/\/jornaldiadia.com.br\/wp-content\/uploads\/image-9532-666x500.webp 666w, https:\/\/jornaldiadia.com.br\/wp-content\/uploads\/image-9532.webp 1439w\" sizes=\"auto, (max-width: 1024px) 100vw, 1024px\"><\/figure>\n<figure class=\"wp-block-image size-large\"><img loading=\"lazy\" decoding=\"async\" width=\"1024\" height=\"768\" src=\"https:\/\/jornaldiadia.com.br\/wp-content\/uploads\/image-9533-1024x768.webp\" alt=\"\" class=\"wp-image-81713\" srcset=\"https:\/\/jornaldiadia.com.br\/wp-content\/uploads\/image-9533-1024x768.webp 1024w, https:\/\/jornaldiadia.com.br\/wp-content\/uploads\/image-9533-300x225.webp 300w, https:\/\/jornaldiadia.com.br\/wp-content\/uploads\/image-9533-768x576.webp 768w, https:\/\/jornaldiadia.com.br\/wp-content\/uploads\/image-9533-465x349.webp 465w, https:\/\/jornaldiadia.com.br\/wp-content\/uploads\/image-9533-667x500.webp 667w, https:\/\/jornaldiadia.com.br\/wp-content\/uploads\/image-9533.webp 1280w\" sizes=\"auto, (max-width: 1024px) 100vw, 1024px\"><\/figure>\n<figure class=\"wp-block-image size-large\"><img loading=\"lazy\" decoding=\"async\" width=\"1024\" height=\"768\" src=\"https:\/\/jornaldiadia.com.br\/wp-content\/uploads\/image-9534-1024x768.webp\" alt=\"\" class=\"wp-image-81714\" srcset=\"https:\/\/jornaldiadia.com.br\/wp-content\/uploads\/image-9534-1024x768.webp 1024w, https:\/\/jornaldiadia.com.br\/wp-content\/uploads\/image-9534-300x225.webp 300w, https:\/\/jornaldiadia.com.br\/wp-content\/uploads\/image-9534-768x576.webp 768w, https:\/\/jornaldiadia.com.br\/wp-content\/uploads\/image-9534-465x349.webp 465w, https:\/\/jornaldiadia.com.br\/wp-content\/uploads\/image-9534-667x500.webp 667w, https:\/\/jornaldiadia.com.br\/wp-content\/uploads\/image-9534.webp 1440w\" sizes=\"auto, (max-width: 1024px) 100vw, 1024px\"><\/figure>\n<figure class=\"wp-block-image size-full\"><img loading=\"lazy\" decoding=\"async\" width=\"384\" height=\"512\" src=\"https:\/\/jornaldiadia.com.br\/wp-content\/uploads\/image-9535.webp\" alt=\"\" class=\"wp-image-81715\" srcset=\"https:\/\/jornaldiadia.com.br\/wp-content\/uploads\/image-9535.webp 384w, https:\/\/jornaldiadia.com.br\/wp-content\/uploads\/image-9535-225x300.webp 225w, https:\/\/jornaldiadia.com.br\/wp-content\/uploads\/image-9535-375x500.webp 375w\" sizes=\"auto, (max-width: 384px) 100vw, 384px\"><\/figure>\n<figure class=\"wp-block-image size-large\"><img loading=\"lazy\" decoding=\"async\" width=\"1024\" height=\"768\" src=\"https:\/\/jornaldiadia.com.br\/wp-content\/uploads\/image-9536-1024x768.webp\" alt=\"\" class=\"wp-image-81716\" srcset=\"https:\/\/jornaldiadia.com.br\/wp-content\/uploads\/image-9536-1024x768.webp 1024w, https:\/\/jornaldiadia.com.br\/wp-content\/uploads\/image-9536-300x225.webp 300w, https:\/\/jornaldiadia.com.br\/wp-content\/uploads\/image-9536-768x576.webp 768w, https:\/\/jornaldiadia.com.br\/wp-content\/uploads\/image-9536-465x349.webp 465w, https:\/\/jornaldiadia.com.br\/wp-content\/uploads\/image-9536-667x500.webp 667w, https:\/\/jornaldiadia.com.br\/wp-content\/uploads\/image-9536.webp 1440w\" sizes=\"auto, (max-width: 1024px) 100vw, 1024px\"><\/figure>\n<p class=\"wp-block-paragraph\">Fotos: Projeto Ofai\u00e9\/Divulga\u00e7\u00e3o<\/p>\n<p>\n<!-- bloco-portais-jbr -->\n<\/p>\n<div class=\"box-portais-jbr\" style=\"border:1px solid #e0e0e0;padding:16px 18px;margin:24px 0;border-radius:8px;background:#f9f9f9;font-size:0.95rem;\">\n<p style=\"margin:0 0 10px 0;font-weight:600;\">\n        Continue sempre bem informado acessando nossos portais:\n    <\/p>\n<ul style=\"margin:0;padding-left:20px;\">\n<li style=\"margin-bottom:8px;\">\n            <strong><a href=\"https:\/\/jornaldiadia.com.br\/\" target=\"_blank\" rel=\"noopener\" style=\"text-decoration:none;\">Jornal Dia Dia<\/a><\/strong> \u2013<br \/>\n            Sua fonte confi\u00e1vel para as melhores not\u00edcias e artigos \u00fateis. Fique por dentro dos acontecimentos mais importantes, dicas pr\u00e1ticas e conte\u00fados de qualidade.\n        <\/li>\n<li style=\"margin-bottom:8px;\">\n            <strong><a href=\"https:\/\/jbr.jor.br\/\" target=\"_blank\" rel=\"noopener\" style=\"text-decoration:none;\">Jornal Brasil Regional (JBR)<\/a><\/strong> \u2013<br \/>\n            O pulso do pa\u00eds em tempo real. Not\u00edcias nacionais, regionais e internacionais com \u00e9tica e credibilidade.\n        <\/li>\n<li style=\"margin-bottom:8px;\">\n            <strong><a href=\"https:\/\/castilho.jor.br\/\" target=\"_blank\" rel=\"noopener\" style=\"text-decoration:none;\">Castilho Not\u00edcias (News)<\/a><\/strong> \u2013<br \/>\n            O seu di\u00e1rio local com cobertura de Castilho e Regi\u00e3o (SP). Jornalismo com credibilidade.\n        <\/li>\n<li style=\"margin-bottom:8px;\">\n            <strong><a href=\"https:\/\/casaejardim.net.br\/\" target=\"_blank\" rel=\"noopener\" style=\"text-decoration:none;\">Casa e Jardim<\/a><\/strong> \u2013<br \/>\n            Dicas exclusivas sobre decora\u00e7\u00e3o, jardinagem, arquitetura, DIY, reformas e muito mais. Tend\u00eancias, solu\u00e7\u00f5es pr\u00e1ticas e ideias criativas para todos os estilos e or\u00e7amentos.\n        <\/li>\n<li style=\"margin-bottom:0;\">\n            <strong><a href=\"https:\/\/b10.net.br\/\" target=\"_blank\" rel=\"noopener\" style=\"text-decoration:none;\">B10 Brasil<\/a><\/strong> \u2013<br \/>\n            As principais not\u00edcias, an\u00e1lises e insights sobre neg\u00f3cios, economia e soberania nacional. Conectando o Brasil ao mundo com intelig\u00eancia e estrat\u00e9gia.\n        <\/li>\n<\/ul>\n<\/div>\n<p><!-- \/bloco-portais-jbr -->\n<\/div>\n","protected":false},"excerpt":{"rendered":"<p>As primeiras a\u00e7\u00f5es do projeto fortalecem a produ\u00e7\u00e3o de alimentos, incentivam novas atividades produtivas e ampliam as oportunidades de gera\u00e7\u00e3o de renda na comunidade ind\u00edgena As primeiras a\u00e7\u00f5es do Projeto de Relacionamento na Comunidade Ind\u00edgena Ofai\u00e9, em Brasil\u00e2ndia (MS), j\u00e1 apresentam resultados concretos. Oito hortas familiares est\u00e3o em produ\u00e7\u00e3o, a<span class=\"more-link\"><a href=\"http:\/\/diadianews.com\/index.php\/2026\/08\/17\/projeto-apoiado-pela-suzano-fortalece-a-producao-e-a-geracao-de-renda-na-comunidade-ofaie-em-brasilandia-ms\/\">Continue Reading<\/a><\/span><\/p>\n","protected":false},"author":1,"featured_media":6898,"comment_status":"closed","ping_status":"closed","sticky":false,"template":"","format":"standard","meta":{"footnotes":""},"categories":[1],"tags":[],"class_list":["entry","author-valdei","post-6897","post","type-post","status-publish","format-standard","has-post-thumbnail","category-news-do-dia"],"_links":{"self":[{"href":"http:\/\/diadianews.com\/index.php\/wp-json\/wp\/v2\/posts\/6897","targetHints":{"allow":["GET"]}}],"collection":[{"href":"http:\/\/diadianews.com\/index.php\/wp-json\/wp\/v2\/posts"}],"about":[{"href":"http:\/\/diadianews.com\/index.php\/wp-json\/wp\/v2\/types\/post"}],"author":[{"embeddable":true,"href":"http:\/\/diadianews.com\/index.php\/wp-json\/wp\/v2\/users\/1"}],"replies":[{"embeddable":true,"href":"http:\/\/diadianews.com\/index.php\/wp-json\/wp\/v2\/comments?post=6897"}],"version-history":[{"count":0,"href":"http:\/\/diadianews.com\/index.php\/wp-json\/wp\/v2\/posts\/6897\/revisions"}],"wp:featuredmedia":[{"embeddable":true,"href":"http:\/\/diadianews.com\/index.php\/wp-json\/wp\/v2\/media\/6898"}],"wp:attachment":[{"href":"http:\/\/diadianews.com\/index.php\/wp-json\/wp\/v2\/media?parent=6897"}],"wp:term":[{"taxonomy":"category","embeddable":true,"href":"http:\/\/diadianews.com\/index.php\/wp-json\/wp\/v2\/categories?post=6897"},{"taxonomy":"post_tag","embeddable":true,"href":"http:\/\/diadianews.com\/index.php\/wp-json\/wp\/v2\/tags?post=6897"}],"curies":[{"name":"wp","href":"https:\/\/api.w.org\/{rel}","templated":true}]}}