{"id":7979,"date":"2026-08-30T16:14:23","date_gmt":"2026-08-30T19:14:23","guid":{"rendered":"https:\/\/diadianews.com\/index.php\/2026\/08\/30\/toffoli-adia-analise-de-candidatura-de-renan-santos-e-fala-em-indicios-de-ilicitude\/"},"modified":"2026-08-30T16:14:23","modified_gmt":"2026-08-30T19:14:23","slug":"toffoli-adia-analise-de-candidatura-de-renan-santos-e-fala-em-indicios-de-ilicitude","status":"publish","type":"post","link":"http:\/\/diadianews.com\/index.php\/2026\/08\/30\/toffoli-adia-analise-de-candidatura-de-renan-santos-e-fala-em-indicios-de-ilicitude\/","title":{"rendered":"Toffoli adia an\u00e1lise de candidatura de Renan Santos e fala em \u2018ind\u00edcios de ilicitude\u2019"},"content":{"rendered":"<div>\n<p class=\"wp-block-paragraph\">Toffoli questiona redes sociais apresentadas pela campanha<\/p>\n<p class=\"wp-block-paragraph\">Ag\u00eancia Estado \u2013 30\/08\/2026 \u2013 14:56 \u2013 Renan Santos, candidato pelo Miss\u00e3o. (Madu Livramento, Jornal Midiamax)<\/p>\n<p class=\"wp-block-paragraph\">O ministro do TSE (Tribunal Superior Eleitoral) Dias Toffoli ordenou a retirada de pauta do processo de registro de candidatura do empres\u00e1rio Renan Santos, que disputa a Presid\u00eancia pelo Miss\u00e3o. Em um despacho publicado na noite deste s\u00e1bado, 29, Toffoli apontou que h\u00e1 \u201cind\u00edcios de ilicitude\u201d nos requerimentos.<\/p>\n<p class=\"wp-block-paragraph\">O Broadcast Pol\u00edtico procurou a equipe de Renan Santos, mas n\u00e3o obteve retorno.<\/p>\n<p class=\"wp-block-paragraph\">O julgamento do processo de registro de Renan Santos seria iniciado, em plen\u00e1rio virtual do TSE, nesta segunda-feira, 31.<\/p>\n<p class=\"wp-block-paragraph\">Toffoli questiona a campanha de Renan pelas redes sociais que foram apresentadas durante o registro da candidatura.<\/p>\n<p class=\"wp-block-paragraph\">\u201cEm peti\u00e7\u00f5es apresentadas em 19\/8\/2026, os candidatos componentes da chapa, Renan Ant\u00f4nio Ferreira dos Santos e Aroldo Medina (vice do candidato do Miss\u00e3o) informaram o total de 18 perfis em redes sociais, como complementa\u00e7\u00e3o \u00e0s informa\u00e7\u00f5es do registro, enviado \u00e0 Justi\u00e7a Eleitoral em 7\/8\/2026\u201d, diz um trecho da decis\u00e3o de Toffoli.<\/p>\n<p class=\"wp-block-paragraph\">Todos os candidatos s\u00e3o obrigados a informar as redes sociais utilizadas em campanha durante o processo de registro, mas Renan o fez posteriormente. Portanto, Toffoli optou por retirar o julgamento da pauta do TSE para que a Corte analise a retifica\u00e7\u00e3o do candidato do Miss\u00e3o, al\u00e9m de ouvir os advogados da sigla.<\/p>\n<h2 class=\"wp-block-heading\"><img decoding=\"async\" src=\"https:\/\/s.w.org\/images\/core\/emoji\/17.0.2\/72x72\/1f535.png\" alt=\"\ud83d\udd35\" class=\"wp-smiley\" style=\"height: 1em; max-height: 1em;\"> Receba not\u00edcias de Pol\u00edtica no seu WhatsApp<\/h2>\n<p class=\"wp-block-paragraph\">Participe do <strong>grupo de Pol\u00edtica<\/strong> do <strong>Jornal Midiamax<\/strong> no <strong>WhatsApp<\/strong> e receba informa\u00e7\u00f5es di\u00e1rias de tudo o que acontece na pol\u00edtica de Mato Grosso do Sul.<\/p>\n<p><img decoding=\"async\" src=\"https:\/\/s.w.org\/images\/core\/emoji\/17.0.2\/72x72\/2705.png\" alt=\"\u2705\" class=\"wp-smiley\" style=\"height: 1em; max-height: 1em;\"> <a href=\"https:\/\/whatsapp.com\/channel\/0029Va5AFylHVvTaxQMjBE1O\">Clique aqui para participar<\/a><\/p>\n<p class=\"wp-block-paragraph\">Midiamax<\/p>\n<p><!-- bloco-portais-jbr --><\/p>\n<div class=\"box-portais-jbr\" style=\"border:1px solid #e0e0e0;padding:16px 18px;margin:24px 0;border-radius:8px;background:#f9f9f9;font-size:0.95rem;\">\n<p style=\"margin:0 0 10px 0;font-weight:600;\">\n        Continue sempre bem informado acessando nossos portais:\n    <\/p>\n<ul style=\"margin:0;padding-left:20px;\">\n<li style=\"margin-bottom:8px;\">\n            <strong><a href=\"https:\/\/jornaldiadia.com.br\/\" target=\"_blank\" rel=\"noopener\" style=\"text-decoration:none;\">Jornal Dia Dia<\/a><\/strong> \u2013<br \/>\n            Sua fonte confi\u00e1vel para as melhores not\u00edcias e artigos \u00fateis. Fique por dentro dos acontecimentos mais importantes, dicas pr\u00e1ticas e conte\u00fados de qualidade.\n        <\/li>\n<li style=\"margin-bottom:8px;\">\n            <strong><a href=\"https:\/\/jbr.jor.br\/\" target=\"_blank\" rel=\"noopener\" style=\"text-decoration:none;\">Jornal Brasil Regional (JBR)<\/a><\/strong> \u2013<br \/>\n            O pulso do pa\u00eds em tempo real. Not\u00edcias nacionais, regionais e internacionais com \u00e9tica e credibilidade.\n        <\/li>\n<li style=\"margin-bottom:8px;\">\n            <strong><a href=\"https:\/\/castilho.jor.br\/\" target=\"_blank\" rel=\"noopener\" style=\"text-decoration:none;\">Castilho Not\u00edcias (News)<\/a><\/strong> \u2013<br \/>\n            O seu di\u00e1rio local com cobertura de Castilho e Regi\u00e3o (SP). Jornalismo com credibilidade.\n        <\/li>\n<li style=\"margin-bottom:8px;\">\n            <strong><a href=\"https:\/\/casaejardim.net.br\/\" target=\"_blank\" rel=\"noopener\" style=\"text-decoration:none;\">Casa e Jardim<\/a><\/strong> \u2013<br \/>\n            Dicas exclusivas sobre decora\u00e7\u00e3o, jardinagem, arquitetura, DIY, reformas e muito mais. Tend\u00eancias, solu\u00e7\u00f5es pr\u00e1ticas e ideias criativas para todos os estilos e or\u00e7amentos.\n        <\/li>\n<li style=\"margin-bottom:0;\">\n            <strong><a href=\"https:\/\/b10.net.br\/\" target=\"_blank\" rel=\"noopener\" style=\"text-decoration:none;\">B10 Brasil<\/a><\/strong> \u2013<br \/>\n            As principais not\u00edcias, an\u00e1lises e insights sobre neg\u00f3cios, economia e soberania nacional. Conectando o Brasil ao mundo com intelig\u00eancia e estrat\u00e9gia.\n        <\/li>\n<\/ul>\n<\/div>\n<p><!-- \/bloco-portais-jbr --><\/div>\n","protected":false},"excerpt":{"rendered":"<p>Toffoli questiona redes sociais apresentadas pela campanha Ag\u00eancia Estado \u2013 30\/08\/2026 \u2013 14:56 \u2013 Renan Santos, candidato pelo Miss\u00e3o. (Madu Livramento, Jornal Midiamax) O ministro do TSE (Tribunal Superior Eleitoral) Dias Toffoli ordenou a retirada de pauta do processo de registro de candidatura do empres\u00e1rio Renan Santos, que disputa a<span class=\"more-link\"><a href=\"http:\/\/diadianews.com\/index.php\/2026\/08\/30\/toffoli-adia-analise-de-candidatura-de-renan-santos-e-fala-em-indicios-de-ilicitude\/\">Continue Reading<\/a><\/span><\/p>\n","protected":false},"author":1,"featured_media":7980,"comment_status":"closed","ping_status":"closed","sticky":false,"template":"","format":"standard","meta":{"footnotes":""},"categories":[1],"tags":[],"class_list":["entry","author-valdei","post-7979","post","type-post","status-publish","format-standard","has-post-thumbnail","category-news-do-dia"],"_links":{"self":[{"href":"http:\/\/diadianews.com\/index.php\/wp-json\/wp\/v2\/posts\/7979","targetHints":{"allow":["GET"]}}],"collection":[{"href":"http:\/\/diadianews.com\/index.php\/wp-json\/wp\/v2\/posts"}],"about":[{"href":"http:\/\/diadianews.com\/index.php\/wp-json\/wp\/v2\/types\/post"}],"author":[{"embeddable":true,"href":"http:\/\/diadianews.com\/index.php\/wp-json\/wp\/v2\/users\/1"}],"replies":[{"embeddable":true,"href":"http:\/\/diadianews.com\/index.php\/wp-json\/wp\/v2\/comments?post=7979"}],"version-history":[{"count":0,"href":"http:\/\/diadianews.com\/index.php\/wp-json\/wp\/v2\/posts\/7979\/revisions"}],"wp:featuredmedia":[{"embeddable":true,"href":"http:\/\/diadianews.com\/index.php\/wp-json\/wp\/v2\/media\/7980"}],"wp:attachment":[{"href":"http:\/\/diadianews.com\/index.php\/wp-json\/wp\/v2\/media?parent=7979"}],"wp:term":[{"taxonomy":"category","embeddable":true,"href":"http:\/\/diadianews.com\/index.php\/wp-json\/wp\/v2\/categories?post=7979"},{"taxonomy":"post_tag","embeddable":true,"href":"http:\/\/diadianews.com\/index.php\/wp-json\/wp\/v2\/tags?post=7979"}],"curies":[{"name":"wp","href":"https:\/\/api.w.org\/{rel}","templated":true}]}}