{"id":7981,"date":"2026-08-30T16:18:12","date_gmt":"2026-08-30T19:18:12","guid":{"rendered":"https:\/\/diadianews.com\/index.php\/2026\/08\/30\/inmet-emite-alerta-amarelo-para-tempestade-e-vendaval-em-ms\/"},"modified":"2026-08-30T16:18:12","modified_gmt":"2026-08-30T19:18:12","slug":"inmet-emite-alerta-amarelo-para-tempestade-e-vendaval-em-ms","status":"publish","type":"post","link":"http:\/\/diadianews.com\/index.php\/2026\/08\/30\/inmet-emite-alerta-amarelo-para-tempestade-e-vendaval-em-ms\/","title":{"rendered":"Inmet emite alerta amarelo para tempestade e vendaval em MS"},"content":{"rendered":"<div>\n<p class=\"wp-block-paragraph\">N\u00e3o \u00e9 recomendado abrigar-se embaixo de \u00e1rvores e placas durante rajadas de vento intensas<\/p>\n<p class=\"wp-block-paragraph\">Idaicy Solano \u2013 30\/08\/2026 \u2013 12:07 \u2013 Tempo em Campo Grande (MS). (Foto: Pietra Dorneles, Jornal Midiamax)<\/p>\n<p class=\"wp-block-paragraph\">O Inmet (Instituto Nacional de Meteorologia) emitiu alerta amarelo de tempestade para 29 munic\u00edpios de Mato Grosso do Sul neste domingo (30). As principais regi\u00f5es afetadas s\u00e3o o sul e o leste do Estado, onde est\u00e3o localizadas as cidades de <a href=\"https:\/\/midiamax.com.br\/municipios\/amambai\/\">Amambai<\/a>, <a href=\"https:\/\/midiamax.com.br\/municipios\/tacuru\/\">Tacuru<\/a>, Sete Quedas e <a href=\"https:\/\/midiamax.com.br\/municipios\/tres-lagoas\/\">Tr\u00eas Lagoas<\/a>.<\/p>\n<p class=\"wp-block-paragraph\">O alerta tem in\u00edcio \u00e0s 11h e dura at\u00e9 as 23h59 de hoje. S\u00e3o esperados acumulados de chuva entre 20 mm\/h e 30 mm\/h e ventos intensos, podendo atingir entre 40 km\/h e 60 km\/h. Pode ocorrer queda de granizo em algumas localidades, al\u00e9m de haver risco de corte de energia el\u00e9trica, estragos em planta\u00e7\u00f5es, queda de galhos de \u00e1rvores e alagamentos.<\/p>\n<p class=\"wp-block-paragraph\">J\u00e1 na segunda-feira (31), h\u00e1 um alerta amarelo para vendaval em Campo Grande e mais 60 munic\u00edpios do Estado, com in\u00edcio a partir das 10h e dura\u00e7\u00e3o at\u00e9 23h59. S\u00e3o esperadas rajadas de vento que podem atingir entre 40 km\/h e 60 km\/h, e h\u00e1 baixo risco de queda de \u00e1rvores e galhos.<\/p>\n<p class=\"wp-block-paragraph\">Em caso de rajadas de vento, a orienta\u00e7\u00e3o \u00e9 evitar abrigar-se embaixo de \u00e1rvores, pois h\u00e1 risco de queda e descargas el\u00e9tricas. Al\u00e9m disso, n\u00e3o \u00e9 recomendado estacionar ve\u00edculos pr\u00f3ximos a torres de transmiss\u00e3o e placas de propaganda. <strong>Mais informa\u00e7\u00f5es podem ser obtidas com a Defesa Civil (telefone 199) e o Corpo de Bombeiros (telefone 193)<\/strong>.<\/p>\n<h2 class=\"wp-block-heading\"><img decoding=\"async\" src=\"https:\/\/s.w.org\/images\/core\/emoji\/17.0.2\/72x72\/2705.png\" alt=\"\u2705\" class=\"wp-smiley\" style=\"height: 1em; max-height: 1em;\"> <strong>Siga o Jornal Midiamax nas redes sociais<\/strong><\/h2>\n<p class=\"wp-block-paragraph\">Voc\u00ea tamb\u00e9m pode <mark>acompanhar as \u00faltimas not\u00edcias e atualiza\u00e7\u00f5es do <strong>Jornal Midiamax<\/strong> direto das redes sociais<\/mark>. Siga nossos perfis nas redes que voc\u00ea mais usa. <img decoding=\"async\" src=\"https:\/\/s.w.org\/images\/core\/emoji\/17.0.2\/72x72\/1f447.png\" alt=\"\ud83d\udc47\" class=\"wp-smiley\" style=\"height: 1em; max-height: 1em;\"><\/p>\n<p>\u00c9 f\u00e1cil! <img decoding=\"async\" src=\"https:\/\/s.w.org\/images\/core\/emoji\/17.0.2\/72x72\/1f609.png\" alt=\"\ud83d\ude09\" class=\"wp-smiley\" style=\"height: 1em; max-height: 1em;\"> Clique no nome de qualquer uma das plataformas abaixo para nos encontrar:<br \/><a href=\"https:\/\/www.instagram.com\/midiamax\/\">Instagram<\/a>, <a href=\"https:\/\/www.facebook.com\/midiamax\">Facebook<\/a>, <a href=\"https:\/\/www.tiktok.com\/@midiamax\">TikTok<\/a>, <a href=\"https:\/\/www.youtube.com\/@jornal.midiamax\">YouTube<\/a>, <a href=\"https:\/\/whatsapp.com\/channel\/0029Va7FGJa9cDDXCIIEOn3d\">WhatsApp<\/a>, <a href=\"https:\/\/bsky.app\/profile\/midiamax.bsky.social\">Bluesky<\/a> e <a href=\"https:\/\/www.threads.net\/@midiamax?hl=pt-br\">Threads<\/a>.<\/p>\n<p><img decoding=\"async\" src=\"https:\/\/s.w.org\/images\/core\/emoji\/17.0.2\/72x72\/1f4ac.png\" alt=\"\ud83d\udcac\" class=\"wp-smiley\" style=\"height: 1em; max-height: 1em;\"> Fique atualizado com o <strong>melhor do jornalismo local<\/strong> e participe das nossas coberturas!<\/p>\n<p class=\"wp-block-paragraph\">(Revis\u00e3o: D\u00e1fini Lisboa)<\/p>\n<p class=\"wp-block-paragraph\">Midiamax<\/p>\n<p><!-- bloco-portais-jbr --><\/p>\n<div class=\"box-portais-jbr\" style=\"border:1px solid #e0e0e0;padding:16px 18px;margin:24px 0;border-radius:8px;background:#f9f9f9;font-size:0.95rem;\">\n<p style=\"margin:0 0 10px 0;font-weight:600;\">\n        Continue sempre bem informado acessando nossos portais:\n    <\/p>\n<ul style=\"margin:0;padding-left:20px;\">\n<li style=\"margin-bottom:8px;\">\n            <strong><a href=\"https:\/\/jornaldiadia.com.br\/\" target=\"_blank\" rel=\"noopener\" style=\"text-decoration:none;\">Jornal Dia Dia<\/a><\/strong> \u2013<br \/>\n            Sua fonte confi\u00e1vel para as melhores not\u00edcias e artigos \u00fateis. Fique por dentro dos acontecimentos mais importantes, dicas pr\u00e1ticas e conte\u00fados de qualidade.\n        <\/li>\n<li style=\"margin-bottom:8px;\">\n            <strong><a href=\"https:\/\/jbr.jor.br\/\" target=\"_blank\" rel=\"noopener\" style=\"text-decoration:none;\">Jornal Brasil Regional (JBR)<\/a><\/strong> \u2013<br \/>\n            O pulso do pa\u00eds em tempo real. Not\u00edcias nacionais, regionais e internacionais com \u00e9tica e credibilidade.\n        <\/li>\n<li style=\"margin-bottom:8px;\">\n            <strong><a href=\"https:\/\/castilho.jor.br\/\" target=\"_blank\" rel=\"noopener\" style=\"text-decoration:none;\">Castilho Not\u00edcias (News)<\/a><\/strong> \u2013<br \/>\n            O seu di\u00e1rio local com cobertura de Castilho e Regi\u00e3o (SP). Jornalismo com credibilidade.\n        <\/li>\n<li style=\"margin-bottom:8px;\">\n            <strong><a href=\"https:\/\/casaejardim.net.br\/\" target=\"_blank\" rel=\"noopener\" style=\"text-decoration:none;\">Casa e Jardim<\/a><\/strong> \u2013<br \/>\n            Dicas exclusivas sobre decora\u00e7\u00e3o, jardinagem, arquitetura, DIY, reformas e muito mais. Tend\u00eancias, solu\u00e7\u00f5es pr\u00e1ticas e ideias criativas para todos os estilos e or\u00e7amentos.\n        <\/li>\n<li style=\"margin-bottom:0;\">\n            <strong><a href=\"https:\/\/b10.net.br\/\" target=\"_blank\" rel=\"noopener\" style=\"text-decoration:none;\">B10 Brasil<\/a><\/strong> \u2013<br \/>\n            As principais not\u00edcias, an\u00e1lises e insights sobre neg\u00f3cios, economia e soberania nacional. Conectando o Brasil ao mundo com intelig\u00eancia e estrat\u00e9gia.\n        <\/li>\n<\/ul>\n<\/div>\n<p><!-- \/bloco-portais-jbr --><\/div>\n","protected":false},"excerpt":{"rendered":"<p>N\u00e3o \u00e9 recomendado abrigar-se embaixo de \u00e1rvores e placas durante rajadas de vento intensas Idaicy Solano \u2013 30\/08\/2026 \u2013 12:07 \u2013 Tempo em Campo Grande (MS). (Foto: Pietra Dorneles, Jornal Midiamax) O Inmet (Instituto Nacional de Meteorologia) emitiu alerta amarelo de tempestade para 29 munic\u00edpios de Mato Grosso do Sul<span class=\"more-link\"><a href=\"http:\/\/diadianews.com\/index.php\/2026\/08\/30\/inmet-emite-alerta-amarelo-para-tempestade-e-vendaval-em-ms\/\">Continue Reading<\/a><\/span><\/p>\n","protected":false},"author":1,"featured_media":7982,"comment_status":"closed","ping_status":"closed","sticky":false,"template":"","format":"standard","meta":{"footnotes":""},"categories":[1],"tags":[],"class_list":["entry","author-valdei","post-7981","post","type-post","status-publish","format-standard","has-post-thumbnail","category-news-do-dia"],"_links":{"self":[{"href":"http:\/\/diadianews.com\/index.php\/wp-json\/wp\/v2\/posts\/7981","targetHints":{"allow":["GET"]}}],"collection":[{"href":"http:\/\/diadianews.com\/index.php\/wp-json\/wp\/v2\/posts"}],"about":[{"href":"http:\/\/diadianews.com\/index.php\/wp-json\/wp\/v2\/types\/post"}],"author":[{"embeddable":true,"href":"http:\/\/diadianews.com\/index.php\/wp-json\/wp\/v2\/users\/1"}],"replies":[{"embeddable":true,"href":"http:\/\/diadianews.com\/index.php\/wp-json\/wp\/v2\/comments?post=7981"}],"version-history":[{"count":0,"href":"http:\/\/diadianews.com\/index.php\/wp-json\/wp\/v2\/posts\/7981\/revisions"}],"wp:featuredmedia":[{"embeddable":true,"href":"http:\/\/diadianews.com\/index.php\/wp-json\/wp\/v2\/media\/7982"}],"wp:attachment":[{"href":"http:\/\/diadianews.com\/index.php\/wp-json\/wp\/v2\/media?parent=7981"}],"wp:term":[{"taxonomy":"category","embeddable":true,"href":"http:\/\/diadianews.com\/index.php\/wp-json\/wp\/v2\/categories?post=7981"},{"taxonomy":"post_tag","embeddable":true,"href":"http:\/\/diadianews.com\/index.php\/wp-json\/wp\/v2\/tags?post=7981"}],"curies":[{"name":"wp","href":"https:\/\/api.w.org\/{rel}","templated":true}]}}