{"id":8045,"date":"2026-08-31T10:53:18","date_gmt":"2026-08-31T13:53:18","guid":{"rendered":"https:\/\/diadianews.com\/index.php\/2026\/08\/31\/paulo-maluf-reaparece-em-horario-eleitoral-aos-94-anos-para-fazer-propaganda-por-primo\/"},"modified":"2026-08-31T10:53:18","modified_gmt":"2026-08-31T13:53:18","slug":"paulo-maluf-reaparece-em-horario-eleitoral-aos-94-anos-para-fazer-propaganda-por-primo","status":"publish","type":"post","link":"http:\/\/diadianews.com\/index.php\/2026\/08\/31\/paulo-maluf-reaparece-em-horario-eleitoral-aos-94-anos-para-fazer-propaganda-por-primo\/","title":{"rendered":"Paulo Maluf reaparece em hor\u00e1rio eleitoral aos 94 anos para fazer propaganda por primo"},"content":{"rendered":"<div>\n<h2 class=\"wp-block-heading\">Ex-governador pede voto para Albertinho Maluf, candidato a deputado estadual<\/h2>\n<p class=\"wp-block-paragraph\">29 ago2026 \u2013 08h22 \u2013 <img loading=\"lazy\" decoding=\"async\" width=\"32\" height=\"32\" src=\"https:\/\/p2.trrsf.com\/image\/fget\/cf\/32\/32\/images.terra.com\/2022\/06\/15\/microsoftteams-image-(23)-1jy7orqt0u4hi.png\" alt=\"Reda\u00e7\u00e3o Terra\"> Por: Reda\u00e7\u00e3o Terra \u2013 Maluf faz propaganda aos 94 anos \u2013 <small>Foto: Reprodu\u00e7\u00e3o\/TV<\/small><\/p>\n<p class=\"wp-block-paragraph\">O ex-governador Paulo Maluf reapareceu no hor\u00e1rio eleitoral de 2026. No dia da estreia da divulga\u00e7\u00e3o das campanhas, o pol\u00edtico apareceu no v\u00eddeo de Albertinho Maluf, candidato a deputado estadual pelo PP.<\/p>\n<pre class=\"wp-block-preformatted\"> <code>   Receba as principais not\u00edcias direto no WhatsApp! Inscreva-se no canal do Terra<\/code><\/pre>\n<p class=\"wp-block-paragraph\">\u201cO legado do homem p\u00fablico que mais fez por S\u00e3o Paulo tem que continuar\u201d, disse.<\/p>\n<p class=\"wp-block-paragraph\">Na propaganda, Maluf chega a falar pedindo voto para Albertinho. Embora se apresente como sobrinho do ex-governador, o candidato \u00e9, na verdade, primo de Maluf, j\u00e1 que sua bisav\u00f3 era tia do ex-prefeito.<\/p>\n<p class=\"wp-block-paragraph\">Aos 94 anos, Paulo Maluf j\u00e1 abandonou a carreira pol\u00edtica. Condenado a mais de 7 anos de pris\u00e3o por lavagem de dinheiro no per\u00edodo em que foi prefeito de S\u00e3o Paulo, na d\u00e9cada de 90, ele teve a pena extinta em 2023 ap\u00f3s decis\u00e3o do ministro Edson Fachin, do Supremo Tribunal Federal.<\/p>\n<p class=\"wp-block-paragraph\">Fonte: Portal Terra<\/p>\n<p><!-- bloco-portais-jbr --><\/p>\n<div class=\"box-portais-jbr\" style=\"border:1px solid #e0e0e0;padding:16px 18px;margin:24px 0;border-radius:8px;background:#f9f9f9;font-size:0.95rem;\">\n<p style=\"margin:0 0 10px 0;font-weight:600;\">\n        Continue sempre bem informado acessando nossos portais:\n    <\/p>\n<ul style=\"margin:0;padding-left:20px;\">\n<li style=\"margin-bottom:8px;\">\n            <strong><a href=\"https:\/\/jornaldiadia.com.br\/\" target=\"_blank\" rel=\"noopener\" style=\"text-decoration:none;\">Jornal Dia Dia<\/a><\/strong> \u2013<br \/>\n            Sua fonte confi\u00e1vel para as melhores not\u00edcias e artigos \u00fateis. Fique por dentro dos acontecimentos mais importantes, dicas pr\u00e1ticas e conte\u00fados de qualidade.\n        <\/li>\n<li style=\"margin-bottom:8px;\">\n            <strong><a href=\"https:\/\/jbr.jor.br\/\" target=\"_blank\" rel=\"noopener\" style=\"text-decoration:none;\">Jornal Brasil Regional (JBR)<\/a><\/strong> \u2013<br \/>\n            O pulso do pa\u00eds em tempo real. Not\u00edcias nacionais, regionais e internacionais com \u00e9tica e credibilidade.\n        <\/li>\n<li style=\"margin-bottom:8px;\">\n            <strong><a href=\"https:\/\/castilho.jor.br\/\" target=\"_blank\" rel=\"noopener\" style=\"text-decoration:none;\">Castilho Not\u00edcias (News)<\/a><\/strong> \u2013<br \/>\n            O seu di\u00e1rio local com cobertura de Castilho e Regi\u00e3o (SP). Jornalismo com credibilidade.\n        <\/li>\n<li style=\"margin-bottom:8px;\">\n            <strong><a href=\"https:\/\/casaejardim.net.br\/\" target=\"_blank\" rel=\"noopener\" style=\"text-decoration:none;\">Casa e Jardim<\/a><\/strong> \u2013<br \/>\n            Dicas exclusivas sobre decora\u00e7\u00e3o, jardinagem, arquitetura, DIY, reformas e muito mais. Tend\u00eancias, solu\u00e7\u00f5es pr\u00e1ticas e ideias criativas para todos os estilos e or\u00e7amentos.\n        <\/li>\n<li style=\"margin-bottom:0;\">\n            <strong><a href=\"https:\/\/b10.net.br\/\" target=\"_blank\" rel=\"noopener\" style=\"text-decoration:none;\">B10 Brasil<\/a><\/strong> \u2013<br \/>\n            As principais not\u00edcias, an\u00e1lises e insights sobre neg\u00f3cios, economia e soberania nacional. Conectando o Brasil ao mundo com intelig\u00eancia e estrat\u00e9gia.\n        <\/li>\n<\/ul>\n<\/div>\n<p><!-- \/bloco-portais-jbr --><\/div>\n","protected":false},"excerpt":{"rendered":"<p>Ex-governador pede voto para Albertinho Maluf, candidato a deputado estadual 29 ago2026 \u2013 08h22 \u2013 Por: Reda\u00e7\u00e3o Terra \u2013 Maluf faz propaganda aos 94 anos \u2013 Foto: Reprodu\u00e7\u00e3o\/TV O ex-governador Paulo Maluf reapareceu no hor\u00e1rio eleitoral de 2026. No dia da estreia da divulga\u00e7\u00e3o das campanhas, o pol\u00edtico apareceu no<span class=\"more-link\"><a href=\"http:\/\/diadianews.com\/index.php\/2026\/08\/31\/paulo-maluf-reaparece-em-horario-eleitoral-aos-94-anos-para-fazer-propaganda-por-primo\/\">Continue Reading<\/a><\/span><\/p>\n","protected":false},"author":1,"featured_media":8046,"comment_status":"closed","ping_status":"closed","sticky":false,"template":"","format":"standard","meta":{"footnotes":""},"categories":[1],"tags":[],"class_list":["entry","author-valdei","post-8045","post","type-post","status-publish","format-standard","has-post-thumbnail","category-news-do-dia"],"_links":{"self":[{"href":"http:\/\/diadianews.com\/index.php\/wp-json\/wp\/v2\/posts\/8045","targetHints":{"allow":["GET"]}}],"collection":[{"href":"http:\/\/diadianews.com\/index.php\/wp-json\/wp\/v2\/posts"}],"about":[{"href":"http:\/\/diadianews.com\/index.php\/wp-json\/wp\/v2\/types\/post"}],"author":[{"embeddable":true,"href":"http:\/\/diadianews.com\/index.php\/wp-json\/wp\/v2\/users\/1"}],"replies":[{"embeddable":true,"href":"http:\/\/diadianews.com\/index.php\/wp-json\/wp\/v2\/comments?post=8045"}],"version-history":[{"count":0,"href":"http:\/\/diadianews.com\/index.php\/wp-json\/wp\/v2\/posts\/8045\/revisions"}],"wp:featuredmedia":[{"embeddable":true,"href":"http:\/\/diadianews.com\/index.php\/wp-json\/wp\/v2\/media\/8046"}],"wp:attachment":[{"href":"http:\/\/diadianews.com\/index.php\/wp-json\/wp\/v2\/media?parent=8045"}],"wp:term":[{"taxonomy":"category","embeddable":true,"href":"http:\/\/diadianews.com\/index.php\/wp-json\/wp\/v2\/categories?post=8045"},{"taxonomy":"post_tag","embeddable":true,"href":"http:\/\/diadianews.com\/index.php\/wp-json\/wp\/v2\/tags?post=8045"}],"curies":[{"name":"wp","href":"https:\/\/api.w.org\/{rel}","templated":true}]}}