{"id":8057,"date":"2026-08-31T12:48:10","date_gmt":"2026-08-31T15:48:10","guid":{"rendered":"https:\/\/diadianews.com\/index.php\/2026\/08\/31\/policia-militar-efetua-prisoes-de-foragidos-da-justica-em-tres-lagoas\/"},"modified":"2026-08-31T12:48:10","modified_gmt":"2026-08-31T15:48:10","slug":"policia-militar-efetua-prisoes-de-foragidos-da-justica-em-tres-lagoas","status":"publish","type":"post","link":"http:\/\/diadianews.com\/index.php\/2026\/08\/31\/policia-militar-efetua-prisoes-de-foragidos-da-justica-em-tres-lagoas\/","title":{"rendered":"Pol\u00edcia Militar efetua pris\u00f5es de foragidos da Justi\u00e7a em Tr\u00eas Lagoas"},"content":{"rendered":"<div>\n<p><strong>Pol\u00edcia Militar efetua pris\u00f5es de foragidos da Justi\u00e7a em Tr\u00eas Lagoas<\/strong><\/p>\n<\/p>\n<div><img width=\"768\" height=\"611\" src=\"https:\/\/jbr.jor.br\/wp-content\/uploads\/2026\/08\/WhatsApp-Image-2025-03-25-at-103319-e1772728866498-768x611.webp\" class=\"webfeedsFeaturedVisual wp-post-image\" alt=\"Pol\u00edcia Militar efetua pris\u00f5es de foragidos da Justi\u00e7a em Tr\u00eas Lagoas\" style=\"float: left; margin-right: 5px;\" link_thumbnail=\"\" decoding=\"async\" loading=\"lazy\" srcset=\"https:\/\/jbr.jor.br\/wp-content\/uploads\/2026\/08\/WhatsApp-Image-2025-03-25-at-103319-e1772728866498-768x611.webp 768w, https:\/\/jbr.jor.br\/wp-content\/uploads\/2026\/08\/WhatsApp-Image-2025-03-25-at-103319-e1772728866498-300x239.webp 300w, https:\/\/jbr.jor.br\/wp-content\/uploads\/2026\/08\/WhatsApp-Image-2025-03-25-at-103319-e1772728866498-1024x815.webp 1024w, https:\/\/jbr.jor.br\/wp-content\/uploads\/2026\/08\/WhatsApp-Image-2025-03-25-at-103319-e1772728866498-465x370.webp 465w, https:\/\/jbr.jor.br\/wp-content\/uploads\/2026\/08\/WhatsApp-Image-2025-03-25-at-103319-e1772728866498-690x550.webp 690w, https:\/\/jbr.jor.br\/wp-content\/uploads\/2026\/08\/WhatsApp-Image-2025-03-25-at-103319-e1772728866498-628x500.webp 628w, https:\/\/jbr.jor.br\/wp-content\/uploads\/2026\/08\/WhatsApp-Image-2025-03-25-at-103319-e1772728866498.webp 1250w\" sizes=\"auto, (max-width: 768px) 100vw, 768px\" itemprop=\"image\">A Pol\u00edcia Militar de Tr\u00eas Lagoas prendeu tr\u00eas foragidos da Justi\u00e7a durante opera\u00e7\u00f5es realizadas em diferentes bairros da cidade neste domingo (30). As deten\u00e7\u00f5es ocorreram nos bairros Jardim Cangalha, Jardim Bela Vista e Jardim das Orqu\u00eddeas. Detalhes das pris\u00f5es A primeira pris\u00e3o aconteceu por volta das 10h, na Viela Dois,<\/div>\n<p>\nLeia a reportagem completa em:<br \/>\n<a href=\"https:\/\/jbr.jor.br\/policia-prisoes-tres-lagoas\/\" target=\"_blank\" rel=\"noopener noreferrer\"><br \/>\nJBR Jornal Brasil Regional<br \/>\n<\/a>\n<\/p>\n<p><!-- bloco-portais-jbr --><\/p>\n<div class=\"box-portais-jbr\" style=\"border:1px solid #e0e0e0;padding:16px 18px;margin:24px 0;border-radius:8px;background:#f9f9f9;font-size:0.95rem;\">\n<p style=\"margin:0 0 10px 0;font-weight:600;\">\n        Continue sempre bem informado acessando nossos portais:\n    <\/p>\n<ul style=\"margin:0;padding-left:20px;\">\n<li style=\"margin-bottom:8px;\">\n            <strong><a href=\"https:\/\/jornaldiadia.com.br\/\" target=\"_blank\" rel=\"noopener\" style=\"text-decoration:none;\">Jornal Dia Dia<\/a><\/strong> \u2013<br \/>\n            Sua fonte confi\u00e1vel para as melhores not\u00edcias e artigos \u00fateis. Fique por dentro dos acontecimentos mais importantes, dicas pr\u00e1ticas e conte\u00fados de qualidade.\n<\/li>\n<li style=\"margin-bottom:8px;\">\n            <strong><a href=\"https:\/\/jbr.jor.br\/\" target=\"_blank\" rel=\"noopener\" style=\"text-decoration:none;\">Jornal Brasil Regional (JBR)<\/a><\/strong> \u2013<br \/>\n            O pulso do pa\u00eds em tempo real. Not\u00edcias nacionais, regionais e internacionais com \u00e9tica e credibilidade.\n        <\/li>\n<li style=\"margin-bottom:8px;\">\n            <strong><a href=\"https:\/\/castilho.jor.br\/\" target=\"_blank\" rel=\"noopener\" style=\"text-decoration:none;\">Castilho Not\u00edcias (News)<\/a><\/strong> \u2013<br \/>\n            O seu di\u00e1rio local com cobertura de Castilho e Regi\u00e3o (SP). Jornalismo com credibilidade.\n        <\/li>\n<li style=\"margin-bottom:8px;\">\n            <strong><a href=\"https:\/\/casaejardim.net.br\/\" target=\"_blank\" rel=\"noopener\" style=\"text-decoration:none;\">Casa e Jardim<\/a><\/strong> \u2013<br \/>\n            Dicas exclusivas sobre decora\u00e7\u00e3o, jardinagem, arquitetura, DIY, reformas e muito mais. Tend\u00eancias, solu\u00e7\u00f5es pr\u00e1ticas e ideias criativas para todos os estilos e or\u00e7amentos.\n        <\/li>\n<li style=\"margin-bottom:0;\">\n            <strong><a href=\"https:\/\/b10.net.br\/\" target=\"_blank\" rel=\"noopener\" style=\"text-decoration:none;\">B10 Brasil<\/a><\/strong> \u2013<br \/>\n            As principais not\u00edcias, an\u00e1lises e insights sobre neg\u00f3cios, economia e soberania nacional. Conectando o Brasil ao mundo com intelig\u00eancia e estrat\u00e9gia.\n        <\/li>\n<\/ul>\n<\/div>\n<p><!-- \/bloco-portais-jbr --><\/p>\n<\/div>\n","protected":false},"excerpt":{"rendered":"<p>Pol\u00edcia Militar efetua pris\u00f5es de foragidos da Justi\u00e7a em Tr\u00eas Lagoas A Pol\u00edcia Militar de Tr\u00eas Lagoas prendeu tr\u00eas foragidos da Justi\u00e7a durante opera\u00e7\u00f5es realizadas em diferentes bairros da cidade neste domingo (30). As deten\u00e7\u00f5es ocorreram nos bairros Jardim Cangalha, Jardim Bela Vista e Jardim das Orqu\u00eddeas. Detalhes das pris\u00f5es<span class=\"more-link\"><a href=\"http:\/\/diadianews.com\/index.php\/2026\/08\/31\/policia-militar-efetua-prisoes-de-foragidos-da-justica-em-tres-lagoas\/\">Continue Reading<\/a><\/span><\/p>\n","protected":false},"author":1,"featured_media":8058,"comment_status":"closed","ping_status":"closed","sticky":false,"template":"","format":"standard","meta":{"footnotes":""},"categories":[1],"tags":[],"class_list":["entry","author-valdei","post-8057","post","type-post","status-publish","format-standard","has-post-thumbnail","category-news-do-dia"],"_links":{"self":[{"href":"http:\/\/diadianews.com\/index.php\/wp-json\/wp\/v2\/posts\/8057","targetHints":{"allow":["GET"]}}],"collection":[{"href":"http:\/\/diadianews.com\/index.php\/wp-json\/wp\/v2\/posts"}],"about":[{"href":"http:\/\/diadianews.com\/index.php\/wp-json\/wp\/v2\/types\/post"}],"author":[{"embeddable":true,"href":"http:\/\/diadianews.com\/index.php\/wp-json\/wp\/v2\/users\/1"}],"replies":[{"embeddable":true,"href":"http:\/\/diadianews.com\/index.php\/wp-json\/wp\/v2\/comments?post=8057"}],"version-history":[{"count":0,"href":"http:\/\/diadianews.com\/index.php\/wp-json\/wp\/v2\/posts\/8057\/revisions"}],"wp:featuredmedia":[{"embeddable":true,"href":"http:\/\/diadianews.com\/index.php\/wp-json\/wp\/v2\/media\/8058"}],"wp:attachment":[{"href":"http:\/\/diadianews.com\/index.php\/wp-json\/wp\/v2\/media?parent=8057"}],"wp:term":[{"taxonomy":"category","embeddable":true,"href":"http:\/\/diadianews.com\/index.php\/wp-json\/wp\/v2\/categories?post=8057"},{"taxonomy":"post_tag","embeddable":true,"href":"http:\/\/diadianews.com\/index.php\/wp-json\/wp\/v2\/tags?post=8057"}],"curies":[{"name":"wp","href":"https:\/\/api.w.org\/{rel}","templated":true}]}}