{"id":8069,"date":"2026-08-31T14:48:14","date_gmt":"2026-08-31T17:48:14","guid":{"rendered":"https:\/\/diadianews.com\/index.php\/2026\/08\/31\/haddad-promete-revisar-contratos-e-privatizacoes-em-sp-durante-entrevista-a-tv-tem\/"},"modified":"2026-08-31T14:48:14","modified_gmt":"2026-08-31T17:48:14","slug":"haddad-promete-revisar-contratos-e-privatizacoes-em-sp-durante-entrevista-a-tv-tem","status":"publish","type":"post","link":"http:\/\/diadianews.com\/index.php\/2026\/08\/31\/haddad-promete-revisar-contratos-e-privatizacoes-em-sp-durante-entrevista-a-tv-tem\/","title":{"rendered":"Haddad promete revisar contratos e privatiza\u00e7\u00f5es em SP durante entrevista \u00e0 TV TEM"},"content":{"rendered":"<div>\n<p><strong>Haddad promete revisar contratos e privatiza\u00e7\u00f5es em SP durante entrevista \u00e0 TV TEM<\/strong><\/p>\n<\/p>\n<div><img width=\"768\" height=\"432\" src=\"https:\/\/jbr.jor.br\/wp-content\/uploads\/2026\/08\/sor-tn1-310826-frame-75888-768x432.webp\" class=\"webfeedsFeaturedVisual wp-post-image\" alt=\"Haddad promete revisar contratos e privatiza\u00e7\u00f5es em SP durante entrevista \u00e0 TV TEM\" style=\"float: left; margin-right: 5px;\" link_thumbnail=\"\" decoding=\"async\" fetchpriority=\"high\" srcset=\"https:\/\/jbr.jor.br\/wp-content\/uploads\/2026\/08\/sor-tn1-310826-frame-75888-768x432.webp 768w, https:\/\/jbr.jor.br\/wp-content\/uploads\/2026\/08\/sor-tn1-310826-frame-75888-300x169.webp 300w, https:\/\/jbr.jor.br\/wp-content\/uploads\/2026\/08\/sor-tn1-310826-frame-75888-1024x576.webp 1024w, https:\/\/jbr.jor.br\/wp-content\/uploads\/2026\/08\/sor-tn1-310826-frame-75888-1536x864.webp 1536w, https:\/\/jbr.jor.br\/wp-content\/uploads\/2026\/08\/sor-tn1-310826-frame-75888-465x262.webp 465w, https:\/\/jbr.jor.br\/wp-content\/uploads\/2026\/08\/sor-tn1-310826-frame-75888-695x391.webp 695w, https:\/\/jbr.jor.br\/wp-content\/uploads\/2026\/08\/sor-tn1-310826-frame-75888.webp 1920w\" sizes=\"(max-width: 768px) 100vw, 768px\" itemprop=\"image\">O candidato ao governo de S\u00e3o Paulo, Fernando Haddad (PT), afirmou em entrevista \u00e0 TV TEM na segunda-feira (31) que, se eleito, ir\u00e1 rever contratos estabelecidos pela gest\u00e3o de Tarc\u00edsio de Freitas (Republicanos). Entre os contratos mencionados est\u00e3o o sistema de ped\u00e1gios \u2018free flow\u2019, a concess\u00e3o da rede de trens<\/div>\n<p>\nLeia a reportagem completa em:<br \/>\n<a href=\"https:\/\/jbr.jor.br\/haddad-revisao-contratos-sp\/\" target=\"_blank\" rel=\"noopener noreferrer\"><br \/>\nJBR Jornal Brasil Regional<br \/>\n<\/a>\n<\/p>\n<p><!-- bloco-portais-jbr --><\/p>\n<div class=\"box-portais-jbr\" style=\"border:1px solid #e0e0e0;padding:16px 18px;margin:24px 0;border-radius:8px;background:#f9f9f9;font-size:0.95rem;\">\n<p style=\"margin:0 0 10px 0;font-weight:600;\">\n        Continue sempre bem informado acessando nossos portais:\n    <\/p>\n<ul style=\"margin:0;padding-left:20px;\">\n<li style=\"margin-bottom:8px;\">\n            <strong><a href=\"https:\/\/jornaldiadia.com.br\/\" target=\"_blank\" rel=\"noopener\" style=\"text-decoration:none;\">Jornal Dia Dia<\/a><\/strong> \u2013<br \/>\n            Sua fonte confi\u00e1vel para as melhores not\u00edcias e artigos \u00fateis. Fique por dentro dos acontecimentos mais importantes, dicas pr\u00e1ticas e conte\u00fados de qualidade.\n<\/li>\n<li style=\"margin-bottom:8px;\">\n            <strong><a href=\"https:\/\/jbr.jor.br\/\" target=\"_blank\" rel=\"noopener\" style=\"text-decoration:none;\">Jornal Brasil Regional (JBR)<\/a><\/strong> \u2013<br \/>\n            O pulso do pa\u00eds em tempo real. Not\u00edcias nacionais, regionais e internacionais com \u00e9tica e credibilidade.\n        <\/li>\n<li style=\"margin-bottom:8px;\">\n            <strong><a href=\"https:\/\/castilho.jor.br\/\" target=\"_blank\" rel=\"noopener\" style=\"text-decoration:none;\">Castilho Not\u00edcias (News)<\/a><\/strong> \u2013<br \/>\n            O seu di\u00e1rio local com cobertura de Castilho e Regi\u00e3o (SP). Jornalismo com credibilidade.\n        <\/li>\n<li style=\"margin-bottom:8px;\">\n            <strong><a href=\"https:\/\/casaejardim.net.br\/\" target=\"_blank\" rel=\"noopener\" style=\"text-decoration:none;\">Casa e Jardim<\/a><\/strong> \u2013<br \/>\n            Dicas exclusivas sobre decora\u00e7\u00e3o, jardinagem, arquitetura, DIY, reformas e muito mais. Tend\u00eancias, solu\u00e7\u00f5es pr\u00e1ticas e ideias criativas para todos os estilos e or\u00e7amentos.\n        <\/li>\n<li style=\"margin-bottom:0;\">\n            <strong><a href=\"https:\/\/b10.net.br\/\" target=\"_blank\" rel=\"noopener\" style=\"text-decoration:none;\">B10 Brasil<\/a><\/strong> \u2013<br \/>\n            As principais not\u00edcias, an\u00e1lises e insights sobre neg\u00f3cios, economia e soberania nacional. Conectando o Brasil ao mundo com intelig\u00eancia e estrat\u00e9gia.\n        <\/li>\n<\/ul>\n<\/div>\n<p><!-- \/bloco-portais-jbr --><\/p>\n<\/div>\n","protected":false},"excerpt":{"rendered":"<p>Haddad promete revisar contratos e privatiza\u00e7\u00f5es em SP durante entrevista \u00e0 TV TEM O candidato ao governo de S\u00e3o Paulo, Fernando Haddad (PT), afirmou em entrevista \u00e0 TV TEM na segunda-feira (31) que, se eleito, ir\u00e1 rever contratos estabelecidos pela gest\u00e3o de Tarc\u00edsio de Freitas (Republicanos). Entre os contratos mencionados<span class=\"more-link\"><a href=\"http:\/\/diadianews.com\/index.php\/2026\/08\/31\/haddad-promete-revisar-contratos-e-privatizacoes-em-sp-durante-entrevista-a-tv-tem\/\">Continue Reading<\/a><\/span><\/p>\n","protected":false},"author":1,"featured_media":8070,"comment_status":"closed","ping_status":"closed","sticky":false,"template":"","format":"standard","meta":{"footnotes":""},"categories":[1],"tags":[],"class_list":["entry","author-valdei","post-8069","post","type-post","status-publish","format-standard","has-post-thumbnail","category-news-do-dia"],"_links":{"self":[{"href":"http:\/\/diadianews.com\/index.php\/wp-json\/wp\/v2\/posts\/8069","targetHints":{"allow":["GET"]}}],"collection":[{"href":"http:\/\/diadianews.com\/index.php\/wp-json\/wp\/v2\/posts"}],"about":[{"href":"http:\/\/diadianews.com\/index.php\/wp-json\/wp\/v2\/types\/post"}],"author":[{"embeddable":true,"href":"http:\/\/diadianews.com\/index.php\/wp-json\/wp\/v2\/users\/1"}],"replies":[{"embeddable":true,"href":"http:\/\/diadianews.com\/index.php\/wp-json\/wp\/v2\/comments?post=8069"}],"version-history":[{"count":0,"href":"http:\/\/diadianews.com\/index.php\/wp-json\/wp\/v2\/posts\/8069\/revisions"}],"wp:featuredmedia":[{"embeddable":true,"href":"http:\/\/diadianews.com\/index.php\/wp-json\/wp\/v2\/media\/8070"}],"wp:attachment":[{"href":"http:\/\/diadianews.com\/index.php\/wp-json\/wp\/v2\/media?parent=8069"}],"wp:term":[{"taxonomy":"category","embeddable":true,"href":"http:\/\/diadianews.com\/index.php\/wp-json\/wp\/v2\/categories?post=8069"},{"taxonomy":"post_tag","embeddable":true,"href":"http:\/\/diadianews.com\/index.php\/wp-json\/wp\/v2\/tags?post=8069"}],"curies":[{"name":"wp","href":"https:\/\/api.w.org\/{rel}","templated":true}]}}