{"id":8073,"date":"2026-08-31T15:13:02","date_gmt":"2026-08-31T18:13:02","guid":{"rendered":"https:\/\/diadianews.com\/index.php\/2026\/08\/31\/feriado-da-independencia-do-brasil-vialagos-preve-fluxo-de-mais-de-168-mil-veiculos-na-rj-124\/"},"modified":"2026-08-31T15:13:02","modified_gmt":"2026-08-31T18:13:02","slug":"feriado-da-independencia-do-brasil-vialagos-preve-fluxo-de-mais-de-168-mil-veiculos-na-rj-124","status":"publish","type":"post","link":"http:\/\/diadianews.com\/index.php\/2026\/08\/31\/feriado-da-independencia-do-brasil-vialagos-preve-fluxo-de-mais-de-168-mil-veiculos-na-rj-124\/","title":{"rendered":"Feriado da Independ\u00eancia do Brasil: ViaLagos prev\u00ea fluxo de mais de 168 mil ve\u00edculos na RJ-124"},"content":{"rendered":"<div>\n<p class=\"wp-block-paragraph\">A expectativa \u00e9 de maior concentra\u00e7\u00e3o de ve\u00edculos na sexta-feira (04), entre 15h e 17h, e na segunda-feira (07), a partir das 09h, com novo pico por volta de 12h.<\/p>\n<p class=\"wp-block-paragraph\"><strong>Rio de Janeiro, 31 de agosto de 2026.<\/strong> A ViaLagos, uma empresa Motiva, estima que 168 mil ve\u00edculos circulem pela RJ-124 durante o feriado da Independ\u00eancia do Brasil, entre os dias 04 e 08 de setembro. A rodovia, principal liga\u00e7\u00e3o entre a capital e a Regi\u00e3o dos Lagos, deve registrar aumento no volume de tr\u00e1fego, especialmente nos dias de sa\u00edda para o feriado e retorno \u00e0 cidade do Rio de Janeiro.<\/p>\n<p class=\"wp-block-paragraph\">A expectativa \u00e9 de maior concentra\u00e7\u00e3o de ve\u00edculos na sexta-feira (04\/09) e na segunda-feira (07\/09), dias tradicionalmente marcados pelo aumento do fluxo de motoristas nos deslocamentos de ida e volta.<\/p>\n<p class=\"wp-block-paragraph\">Nos per\u00edodos de maior movimento, a previs\u00e3o \u00e9 de pico entre 15h e 17h na sexta-feira (04\/09). J\u00e1 na segunda-feira (07\/09), o fluxo mais intenso \u00e9 esperado a partir das 9h, com novo per\u00edodo de maior concentra\u00e7\u00e3o por volta de 12h.<\/p>\n<p class=\"wp-block-paragraph\"><strong>INFORMA\u00c7\u00d5ES COMPLETAS EM ANEXO\u00a0<\/strong><\/p>\n<figure class=\"wp-block-image size-full\"><img fetchpriority=\"high\" decoding=\"async\" width=\"730\" height=\"214\" src=\"https:\/\/jornaldiadia.com.br\/wp-content\/uploads\/image-9750.webp\" alt=\"\" class=\"wp-image-83804\" srcset=\"https:\/\/jornaldiadia.com.br\/wp-content\/uploads\/image-9750.webp 730w, https:\/\/jornaldiadia.com.br\/wp-content\/uploads\/image-9750-300x88.webp 300w, https:\/\/jornaldiadia.com.br\/wp-content\/uploads\/image-9750-465x136.webp 465w, https:\/\/jornaldiadia.com.br\/wp-content\/uploads\/image-9750-695x204.webp 695w\" sizes=\"(max-width: 730px) 100vw, 730px\"><\/figure>\n<p class=\"wp-block-paragraph\">\u200b\u200b<\/p>\n<figure class=\"wp-block-image size-full\"><img loading=\"lazy\" decoding=\"async\" width=\"504\" height=\"217\" src=\"https:\/\/jornaldiadia.com.br\/wp-content\/uploads\/image-9749.webp\" alt=\"\" class=\"wp-image-83803\" srcset=\"https:\/\/jornaldiadia.com.br\/wp-content\/uploads\/image-9749.webp 504w, https:\/\/jornaldiadia.com.br\/wp-content\/uploads\/image-9749-300x129.webp 300w, https:\/\/jornaldiadia.com.br\/wp-content\/uploads\/image-9749-465x200.webp 465w\" sizes=\"auto, (max-width: 504px) 100vw, 504px\"><\/figure>\n<figure class=\"wp-block-image is-resized\"><img decoding=\"async\" src=\"https:\/\/webmailaz.terra.com.br\/appsuite\/api\/image\/mail\/picture?folder=default0\/INBOX&amp;id=579755&amp;uid=ccf58a1a-5e31-4d5b-8d5b-dbc697a02497\" alt=\"Assinatura\" style=\"aspect-ratio:2.3225806451612905;width:504px;height:auto\"><\/figure>\n<p><!-- bloco-portais-jbr --><\/p>\n<div class=\"box-portais-jbr\" style=\"border:1px solid #e0e0e0;padding:16px 18px;margin:24px 0;border-radius:8px;background:#f9f9f9;font-size:0.95rem;\">\n<p style=\"margin:0 0 10px 0;font-weight:600;\">\n        Continue sempre bem informado acessando nossos portais:\n    <\/p>\n<ul style=\"margin:0;padding-left:20px;\">\n<li style=\"margin-bottom:8px;\">\n            <strong><a href=\"https:\/\/jornaldiadia.com.br\/\" target=\"_blank\" rel=\"noopener\" style=\"text-decoration:none;\">Jornal Dia Dia<\/a><\/strong> \u2013<br \/>\n            Sua fonte confi\u00e1vel para as melhores not\u00edcias e artigos \u00fateis. Fique por dentro dos acontecimentos mais importantes, dicas pr\u00e1ticas e conte\u00fados de qualidade.\n        <\/li>\n<li style=\"margin-bottom:8px;\">\n            <strong><a href=\"https:\/\/jbr.jor.br\/\" target=\"_blank\" rel=\"noopener\" style=\"text-decoration:none;\">Jornal Brasil Regional (JBR)<\/a><\/strong> \u2013<br \/>\n            O pulso do pa\u00eds em tempo real. Not\u00edcias nacionais, regionais e internacionais com \u00e9tica e credibilidade.\n        <\/li>\n<li style=\"margin-bottom:8px;\">\n            <strong><a href=\"https:\/\/castilho.jor.br\/\" target=\"_blank\" rel=\"noopener\" style=\"text-decoration:none;\">Castilho Not\u00edcias (News)<\/a><\/strong> \u2013<br \/>\n            O seu di\u00e1rio local com cobertura de Castilho e Regi\u00e3o (SP). Jornalismo com credibilidade.\n        <\/li>\n<li style=\"margin-bottom:8px;\">\n            <strong><a href=\"https:\/\/casaejardim.net.br\/\" target=\"_blank\" rel=\"noopener\" style=\"text-decoration:none;\">Casa e Jardim<\/a><\/strong> \u2013<br \/>\n            Dicas exclusivas sobre decora\u00e7\u00e3o, jardinagem, arquitetura, DIY, reformas e muito mais. Tend\u00eancias, solu\u00e7\u00f5es pr\u00e1ticas e ideias criativas para todos os estilos e or\u00e7amentos.\n        <\/li>\n<li style=\"margin-bottom:0;\">\n            <strong><a href=\"https:\/\/b10.net.br\/\" target=\"_blank\" rel=\"noopener\" style=\"text-decoration:none;\">B10 Brasil<\/a><\/strong> \u2013<br \/>\n            As principais not\u00edcias, an\u00e1lises e insights sobre neg\u00f3cios, economia e soberania nacional. Conectando o Brasil ao mundo com intelig\u00eancia e estrat\u00e9gia.\n        <\/li>\n<\/ul>\n<\/div>\n<p><!-- \/bloco-portais-jbr --><\/div>\n","protected":false},"excerpt":{"rendered":"<p>A expectativa \u00e9 de maior concentra\u00e7\u00e3o de ve\u00edculos na sexta-feira (04), entre 15h e 17h, e na segunda-feira (07), a partir das 09h, com novo pico por volta de 12h. Rio de Janeiro, 31 de agosto de 2026. A ViaLagos, uma empresa Motiva, estima que 168 mil ve\u00edculos circulem pela<span class=\"more-link\"><a href=\"http:\/\/diadianews.com\/index.php\/2026\/08\/31\/feriado-da-independencia-do-brasil-vialagos-preve-fluxo-de-mais-de-168-mil-veiculos-na-rj-124\/\">Continue Reading<\/a><\/span><\/p>\n","protected":false},"author":1,"featured_media":8074,"comment_status":"closed","ping_status":"closed","sticky":false,"template":"","format":"standard","meta":{"footnotes":""},"categories":[1],"tags":[],"class_list":["entry","author-valdei","post-8073","post","type-post","status-publish","format-standard","has-post-thumbnail","category-news-do-dia"],"_links":{"self":[{"href":"http:\/\/diadianews.com\/index.php\/wp-json\/wp\/v2\/posts\/8073","targetHints":{"allow":["GET"]}}],"collection":[{"href":"http:\/\/diadianews.com\/index.php\/wp-json\/wp\/v2\/posts"}],"about":[{"href":"http:\/\/diadianews.com\/index.php\/wp-json\/wp\/v2\/types\/post"}],"author":[{"embeddable":true,"href":"http:\/\/diadianews.com\/index.php\/wp-json\/wp\/v2\/users\/1"}],"replies":[{"embeddable":true,"href":"http:\/\/diadianews.com\/index.php\/wp-json\/wp\/v2\/comments?post=8073"}],"version-history":[{"count":0,"href":"http:\/\/diadianews.com\/index.php\/wp-json\/wp\/v2\/posts\/8073\/revisions"}],"wp:featuredmedia":[{"embeddable":true,"href":"http:\/\/diadianews.com\/index.php\/wp-json\/wp\/v2\/media\/8074"}],"wp:attachment":[{"href":"http:\/\/diadianews.com\/index.php\/wp-json\/wp\/v2\/media?parent=8073"}],"wp:term":[{"taxonomy":"category","embeddable":true,"href":"http:\/\/diadianews.com\/index.php\/wp-json\/wp\/v2\/categories?post=8073"},{"taxonomy":"post_tag","embeddable":true,"href":"http:\/\/diadianews.com\/index.php\/wp-json\/wp\/v2\/tags?post=8073"}],"curies":[{"name":"wp","href":"https:\/\/api.w.org\/{rel}","templated":true}]}}