{"id":8101,"date":"2026-08-31T17:43:10","date_gmt":"2026-08-31T20:43:10","guid":{"rendered":"https:\/\/diadianews.com\/index.php\/2026\/08\/31\/missao-e-renan-santos-fazem-post-apos-decisao-de-toffoli-em-suspender-campanha-do-candidato\/"},"modified":"2026-08-31T17:43:10","modified_gmt":"2026-08-31T20:43:10","slug":"missao-e-renan-santos-fazem-post-apos-decisao-de-toffoli-em-suspender-campanha-do-candidato","status":"publish","type":"post","link":"http:\/\/diadianews.com\/index.php\/2026\/08\/31\/missao-e-renan-santos-fazem-post-apos-decisao-de-toffoli-em-suspender-campanha-do-candidato\/","title":{"rendered":"Miss\u00e3o e Renan Santos fazem post ap\u00f3s decis\u00e3o de Toffoli em suspender campanha do candidato"},"content":{"rendered":"<div>\n<p class=\"wp-block-paragraph\">Candidato \u00e0 Presid\u00eancia est\u00e1 suspenso de realizar campanha eleitoral digital<\/p>\n<p class=\"wp-block-paragraph\">Gabriel Diniz \u2013 31\/08\/2026 \u2013 15:24 \u2013 Foto de Renan Santos com o rosto escondido pela palavra \u2018Censurado\u2019, publicada em suas redes sociais. (Foto: Reprodu\u00e7\u00e3o\/Instagram)<\/p>\n<p class=\"wp-block-paragraph\">Candidato \u00e0 Presid\u00eancia da Rep\u00fablica, Renan Santos publicou nesta segunda-feira (31), no Instagram, uma foto em que aparece seu rosto tapado pela palavra \u201cCensurado\u201d. A postagem foi feita ap\u00f3s o ministro do Tribunal Superior Eleitoral (TSE) Dias Toffoli suspender a propaganda eleitoral digital do candidato. O Miss\u00e3o, partido de Renan, compartilhou a mesma foto com uma mensagem \u201cAN\u00daNCIO IMPORTANTE NAS PR\u00d3XIMAS HORAS\u201d.<\/p>\n<p class=\"wp-block-paragraph\">O partido e o candidato tamb\u00e9m mudaram as fotos de perfil nas redes sociais para a mesma imagem, com o rosto de Renan escondido pela palavra \u201cCensurado\u201d.<\/p>\n<p class=\"wp-block-paragraph\">Relator do pedido de registro da candidatura de Renan, Toffoli determinou a suspens\u00e3o da propagando eleitoral da chapa do Miss\u00e3o em perfis n\u00e3o informados \u00e0 Justi\u00e7a Eleitoral. Al\u00e9m disso, o ministro suspendeu repasses do Fundo Eleitoral e o direito do candidato de participar de debates em meios de comunica\u00e7\u00e3o.<\/p>\n<p class=\"wp-block-paragraph\"><em>*Com informa\u00e7\u00f5es do G1<\/em>.<\/p>\n<p class=\"wp-block-paragraph\"><strong>Confira a postagem:<\/strong><\/p>\n<figure class=\"wp-block-image is-resized\"><img decoding=\"async\" src=\"https:\/\/cdn.midiamax.com.br\/wp-content\/uploads\/2026\/08\/WhatsApp-Image-2026-08-31-at-15.19.49.jpeg\" alt=\"\" class=\"wp-image-3398088\" style=\"aspect-ratio:1.6677966101694914;width:984px;height:auto\"><figcaption class=\"wp-element-caption\">Renan Santos publica imagem de \u2018censurado\u2019. (Foto: Reprodu\u00e7\u00e3o\/Instagram)<br \/><\/figcaption><\/figure>\n<p class=\"wp-block-paragraph\"><strong>Saiba mais:<\/strong><\/p>\n<figure class=\"wp-block-image size-full\"><img loading=\"lazy\" decoding=\"async\" width=\"300\" height=\"169\" src=\"https:\/\/jornaldiadia.com.br\/wp-content\/uploads\/image-9755.webp\" alt=\"\" class=\"wp-image-83853\"><\/figure>\n<p class=\"wp-block-paragraph\"><a href=\"https:\/\/midiamax.com.br\/brasil\/2026\/renan-santos-tem-campanha-suspensa-ministro-tse\/\">Renan Santos tem campanha suspensa por ministro do TSE<\/a><\/p>\n<p class=\"wp-block-paragraph\">Ministro determinou suspens\u00e3o da realiza\u00e7\u00e3o de propaganda eleitoral, de repasses do Fundo Eleitoral e do direito de participar de debates<\/p>\n<p class=\"wp-block-paragraph\"><a href=\"https:\/\/midiamax.com.br\/\"><img loading=\"lazy\" decoding=\"async\" src=\"https:\/\/cdn.midiamax.com.br\/wp-content\/uploads\/2022\/05\/favicon_midiamax-150x150.png\" srcset=\"https:\/\/cdn.midiamax.com.br\/wp-content\/uploads\/2022\/05\/favicon_midiamax-150x150.png 2x\" alt=\"\" width=\"32\" height=\"32\">Midiamax | Jornal de Campo Grande e Mato Grosso do Sul<\/a><\/p>\n<p class=\"wp-block-paragraph\"><a href=\"https:\/\/midiamax.com.br\/brasil\/2026\/renan-santos-tem-campanha-suspensa-ministro-tse\/embed\/#?secret=dlui5LJmsG%23?secret=LttotInTug\">https:\/\/midiamax.com.br\/brasil\/2026\/renan-santos-tem-campanha-suspensa-ministro-tse\/embed\/#?secret=dlui5LJmsG#?secret=LttotInTug<\/a><\/p>\n<h2 class=\"wp-block-heading\"><img decoding=\"async\" src=\"https:\/\/s.w.org\/images\/core\/emoji\/17.0.2\/72x72\/1f4ac.png\" alt=\"\ud83d\udcac\" class=\"wp-smiley\" style=\"height: 1em; max-height: 1em;\"> Fale com os jornalistas do Midiamax<\/h2>\n<p class=\"wp-block-paragraph\">Tem alguma <strong>den\u00fancia<\/strong>, <strong>flagrante<\/strong>, <strong>reclama\u00e7\u00e3o<\/strong> ou <strong>sugest\u00e3o<\/strong> de pauta para o <strong>Jornal Midiamax<\/strong>?<\/p>\n<p><img decoding=\"async\" src=\"https:\/\/s.w.org\/images\/core\/emoji\/17.0.2\/72x72\/1f5e3.png\" alt=\"\ud83d\udde3\" class=\"wp-smiley\" style=\"height: 1em; max-height: 1em;\"> Envie direto para nossos jornalistas pelo <a href=\"https:\/\/api.whatsapp.com\/send?phone=5567992074330&amp;text=Digite%20aqui%20sua%20den%C3%BAncia.%20Se%20tiver%20fotos%20e%20v%C3%ADdeo%2C%20envie%20tamb%C3%A9m.\">WhatsApp (67) 99207-4330<\/a>. O sigilo est\u00e1 garantido na lei.<\/p>\n<p class=\"wp-block-paragraph\"><img decoding=\"async\" src=\"https:\/\/s.w.org\/images\/core\/emoji\/17.0.2\/72x72\/2705.png\" alt=\"\u2705\" class=\"wp-smiley\" style=\"height: 1em; max-height: 1em;\"> Clique no nome de qualquer uma das plataformas abaixo para nos encontrar nas redes sociais:<br \/><a href=\"https:\/\/www.instagram.com\/midiamax\/\">Instagram<\/a>, <a href=\"https:\/\/www.facebook.com\/midiamax\">Facebook<\/a>, <a href=\"https:\/\/www.tiktok.com\/@midiamax\">TikTok<\/a>, <a href=\"https:\/\/www.youtube.com\/@jornal.midiamax\">YouTube<\/a>, <a href=\"https:\/\/whatsapp.com\/channel\/0029Va7FGJa9cDDXCIIEOn3d\">WhatsApp<\/a>, <a href=\"https:\/\/bsky.app\/profile\/midiamax.bsky.social\">Bluesky<\/a> e <a href=\"https:\/\/www.threads.net\/@midiamax?hl=pt-br\">Threads<\/a>.<\/p>\n<p class=\"wp-block-paragraph\">Midiamax<\/p>\n<p><!-- bloco-portais-jbr --><\/p>\n<div class=\"box-portais-jbr\" style=\"border:1px solid #e0e0e0;padding:16px 18px;margin:24px 0;border-radius:8px;background:#f9f9f9;font-size:0.95rem;\">\n<p style=\"margin:0 0 10px 0;font-weight:600;\">\n        Continue sempre bem informado acessando nossos portais:\n    <\/p>\n<ul style=\"margin:0;padding-left:20px;\">\n<li style=\"margin-bottom:8px;\">\n            <strong><a href=\"https:\/\/jornaldiadia.com.br\/\" target=\"_blank\" rel=\"noopener\" style=\"text-decoration:none;\">Jornal Dia Dia<\/a><\/strong> \u2013<br \/>\n            Sua fonte confi\u00e1vel para as melhores not\u00edcias e artigos \u00fateis. Fique por dentro dos acontecimentos mais importantes, dicas pr\u00e1ticas e conte\u00fados de qualidade.\n        <\/li>\n<li style=\"margin-bottom:8px;\">\n            <strong><a href=\"https:\/\/jbr.jor.br\/\" target=\"_blank\" rel=\"noopener\" style=\"text-decoration:none;\">Jornal Brasil Regional (JBR)<\/a><\/strong> \u2013<br \/>\n            O pulso do pa\u00eds em tempo real. Not\u00edcias nacionais, regionais e internacionais com \u00e9tica e credibilidade.\n        <\/li>\n<li style=\"margin-bottom:8px;\">\n            <strong><a href=\"https:\/\/castilho.jor.br\/\" target=\"_blank\" rel=\"noopener\" style=\"text-decoration:none;\">Castilho Not\u00edcias (News)<\/a><\/strong> \u2013<br \/>\n            O seu di\u00e1rio local com cobertura de Castilho e Regi\u00e3o (SP). Jornalismo com credibilidade.\n        <\/li>\n<li style=\"margin-bottom:8px;\">\n            <strong><a href=\"https:\/\/casaejardim.net.br\/\" target=\"_blank\" rel=\"noopener\" style=\"text-decoration:none;\">Casa e Jardim<\/a><\/strong> \u2013<br \/>\n            Dicas exclusivas sobre decora\u00e7\u00e3o, jardinagem, arquitetura, DIY, reformas e muito mais. Tend\u00eancias, solu\u00e7\u00f5es pr\u00e1ticas e ideias criativas para todos os estilos e or\u00e7amentos.\n        <\/li>\n<li style=\"margin-bottom:0;\">\n            <strong><a href=\"https:\/\/b10.net.br\/\" target=\"_blank\" rel=\"noopener\" style=\"text-decoration:none;\">B10 Brasil<\/a><\/strong> \u2013<br \/>\n            As principais not\u00edcias, an\u00e1lises e insights sobre neg\u00f3cios, economia e soberania nacional. Conectando o Brasil ao mundo com intelig\u00eancia e estrat\u00e9gia.\n        <\/li>\n<\/ul>\n<\/div>\n<p><!-- \/bloco-portais-jbr --><\/div>\n","protected":false},"excerpt":{"rendered":"<p>Candidato \u00e0 Presid\u00eancia est\u00e1 suspenso de realizar campanha eleitoral digital Gabriel Diniz \u2013 31\/08\/2026 \u2013 15:24 \u2013 Foto de Renan Santos com o rosto escondido pela palavra \u2018Censurado\u2019, publicada em suas redes sociais. (Foto: Reprodu\u00e7\u00e3o\/Instagram) Candidato \u00e0 Presid\u00eancia da Rep\u00fablica, Renan Santos publicou nesta segunda-feira (31), no Instagram, uma foto<span class=\"more-link\"><a href=\"http:\/\/diadianews.com\/index.php\/2026\/08\/31\/missao-e-renan-santos-fazem-post-apos-decisao-de-toffoli-em-suspender-campanha-do-candidato\/\">Continue Reading<\/a><\/span><\/p>\n","protected":false},"author":1,"featured_media":8102,"comment_status":"closed","ping_status":"closed","sticky":false,"template":"","format":"standard","meta":{"footnotes":""},"categories":[1],"tags":[],"class_list":["entry","author-valdei","post-8101","post","type-post","status-publish","format-standard","has-post-thumbnail","category-news-do-dia"],"_links":{"self":[{"href":"http:\/\/diadianews.com\/index.php\/wp-json\/wp\/v2\/posts\/8101","targetHints":{"allow":["GET"]}}],"collection":[{"href":"http:\/\/diadianews.com\/index.php\/wp-json\/wp\/v2\/posts"}],"about":[{"href":"http:\/\/diadianews.com\/index.php\/wp-json\/wp\/v2\/types\/post"}],"author":[{"embeddable":true,"href":"http:\/\/diadianews.com\/index.php\/wp-json\/wp\/v2\/users\/1"}],"replies":[{"embeddable":true,"href":"http:\/\/diadianews.com\/index.php\/wp-json\/wp\/v2\/comments?post=8101"}],"version-history":[{"count":0,"href":"http:\/\/diadianews.com\/index.php\/wp-json\/wp\/v2\/posts\/8101\/revisions"}],"wp:featuredmedia":[{"embeddable":true,"href":"http:\/\/diadianews.com\/index.php\/wp-json\/wp\/v2\/media\/8102"}],"wp:attachment":[{"href":"http:\/\/diadianews.com\/index.php\/wp-json\/wp\/v2\/media?parent=8101"}],"wp:term":[{"taxonomy":"category","embeddable":true,"href":"http:\/\/diadianews.com\/index.php\/wp-json\/wp\/v2\/categories?post=8101"},{"taxonomy":"post_tag","embeddable":true,"href":"http:\/\/diadianews.com\/index.php\/wp-json\/wp\/v2\/tags?post=8101"}],"curies":[{"name":"wp","href":"https:\/\/api.w.org\/{rel}","templated":true}]}}