{"id":8112,"date":"2026-08-31T18:33:27","date_gmt":"2026-08-31T21:33:27","guid":{"rendered":"https:\/\/diadianews.com\/index.php\/2026\/08\/31\/durigan-tem-meta-de-uma-operacao-carbono-oculto-a-cada-dois-meses-com-apoio-de-ia\/"},"modified":"2026-08-31T18:33:27","modified_gmt":"2026-08-31T21:33:27","slug":"durigan-tem-meta-de-uma-operacao-carbono-oculto-a-cada-dois-meses-com-apoio-de-ia","status":"publish","type":"post","link":"http:\/\/diadianews.com\/index.php\/2026\/08\/31\/durigan-tem-meta-de-uma-operacao-carbono-oculto-a-cada-dois-meses-com-apoio-de-ia\/","title":{"rendered":"Durigan tem meta de uma Opera\u00e7\u00e3o Carbono Oculto a cada dois meses com apoio de IA"},"content":{"rendered":"<div>\n<p class=\"wp-block-paragraph\">A opera\u00e7\u00e3o atuou no combate a esquema de fraudes no setor de combust\u00edveis com liga\u00e7\u00e3o ao PCC<\/p>\n<p class=\"wp-block-paragraph\">Mariana Viana \u2013 31\/08\/2026 \u2013 11:40 \u2013 Ministro da Fazenda, Dario Durigan. (Foto: Madu Livramento, Jornal Midiamax)<\/p>\n<p class=\"wp-block-paragraph\">O ministro da Fazenda, Dario Durigan, afirmou nesta segunda-feira (31) que a meta do Governo Federal \u00e9 realizar uma Opera\u00e7\u00e3o Carbono Oculto a cada dois meses. A a\u00e7\u00e3o, deflagrada em 2025, teve o objetivo de destruir esquema de fraudes no setor de combust\u00edveis, com liga\u00e7\u00e3o ao PCC (Primeiro Comando da Capital).<\/p>\n<p class=\"wp-block-paragraph\">Durigan fez a declara\u00e7\u00e3o em um evento do banco BTG Pactual, em <a href=\"https:\/\/midiamax.com.br\/municipios\/sao-paulo\/\">S\u00e3o Paulo<\/a>. O ministro ressaltou que a seguran\u00e7a p\u00fablica, com foco no combate ao crime organizado, \u00e9 prioridade do pa\u00eds. Completou ainda que um sistema de IA (intelig\u00eancia artificial) pode auxiliar as opera\u00e7\u00f5es.<\/p>\n<p class=\"wp-block-paragraph\">Segundo o ministro, 1,4 mil CNPJs (Cadastros Nacionais de Pessoas Jur\u00eddicas) com contas banc\u00e1rias comprometidas foram cancelados. Essa medida \u00e9 um desdobramento da opera\u00e7\u00e3o. \u201cEle [sistema de IA] vai conseguir otimizar e fazer uma Carbono Oculto a cada dois meses, se tiver o compromisso pol\u00edtico de avan\u00e7ar contra o crime organizado e, em especial, a lavagem de dinheiro no andar de cima\u201d, destacou.<\/p>\n<p class=\"wp-block-paragraph\">A Opera\u00e7\u00e3o Carbono Oculto foi deflagrada em 28 de agosto de 2025 e ainda tem desdobramentos em curso. A a\u00e7\u00e3o tem atua\u00e7\u00e3o conjunta entre a Receita Federal, o MPSP (Minist\u00e9rio P\u00fablico de S\u00e3o Paulo) e a PF (Pol\u00edcia Federal).<\/p>\n<p class=\"wp-block-paragraph\">Os agentes investigam um esquema bilion\u00e1rio de lavagem de dinheiro, sonega\u00e7\u00e3o fiscal e fraudes no setor de combust\u00edveis, com suposta liga\u00e7\u00e3o ao PCC (Primeiro Comando da Capital).<\/p>\n<p class=\"wp-block-paragraph\">O ministro destacou a atua\u00e7\u00e3o dos \u00f3rg\u00e3os federais no combate ao esquema. \u201cE n\u00f3s descobrimos como funcionava isso. Est\u00e1 fazendo um ano da opera\u00e7\u00e3o e pedi para a Receita Federal se debru\u00e7ar sobre o assunto, porque vamos ter de apresentar novas a\u00e7\u00f5es enquanto legado da Carbono Oculto\u201d, afirmou.<\/p>\n<p class=\"wp-block-paragraph\"><em>*Com informa\u00e7\u00f5es do Metr\u00f3poles<\/em>.<\/p>\n<h2 class=\"wp-block-heading\"><img decoding=\"async\" src=\"https:\/\/s.w.org\/images\/core\/emoji\/17.0.2\/72x72\/2705.png\" alt=\"\u2705\" class=\"wp-smiley\" style=\"height: 1em; max-height: 1em;\"> <strong>Siga o Jornal Midiamax nas redes sociais<\/strong><\/h2>\n<p class=\"wp-block-paragraph\">Voc\u00ea tamb\u00e9m pode <mark>acompanhar as \u00faltimas not\u00edcias e atualiza\u00e7\u00f5es do <strong>Jornal Midiamax<\/strong> direto das redes sociais<\/mark>. Siga nossos perfis nas redes que voc\u00ea mais usa. <img decoding=\"async\" src=\"https:\/\/s.w.org\/images\/core\/emoji\/17.0.2\/72x72\/1f447.png\" alt=\"\ud83d\udc47\" class=\"wp-smiley\" style=\"height: 1em; max-height: 1em;\"><\/p>\n<p>\u00c9 f\u00e1cil! <img decoding=\"async\" src=\"https:\/\/s.w.org\/images\/core\/emoji\/17.0.2\/72x72\/1f609.png\" alt=\"\ud83d\ude09\" class=\"wp-smiley\" style=\"height: 1em; max-height: 1em;\"> Clique no nome de qualquer uma das plataformas abaixo para nos encontrar:<br \/><a href=\"https:\/\/www.instagram.com\/midiamax\/\">Instagram<\/a>, <a href=\"https:\/\/www.facebook.com\/midiamax\">Facebook<\/a>, <a href=\"https:\/\/www.tiktok.com\/@midiamax\">TikTok<\/a>, <a href=\"https:\/\/www.youtube.com\/@jornal.midiamax\">YouTube<\/a>, <a href=\"https:\/\/whatsapp.com\/channel\/0029Va7FGJa9cDDXCIIEOn3d\">WhatsApp<\/a>, <a href=\"https:\/\/bsky.app\/profile\/midiamax.bsky.social\">Bluesky<\/a> e <a href=\"https:\/\/www.threads.net\/@midiamax?hl=pt-br\">Threads<\/a>.<\/p>\n<p><img decoding=\"async\" src=\"https:\/\/s.w.org\/images\/core\/emoji\/17.0.2\/72x72\/1f4ac.png\" alt=\"\ud83d\udcac\" class=\"wp-smiley\" style=\"height: 1em; max-height: 1em;\"> Fique atualizado com o <strong>melhor do jornalismo local<\/strong> e participe das nossas coberturas!<\/p>\n<p><!-- bloco-portais-jbr --><\/p>\n<div class=\"box-portais-jbr\" style=\"border:1px solid #e0e0e0;padding:16px 18px;margin:24px 0;border-radius:8px;background:#f9f9f9;font-size:0.95rem;\">\n<p style=\"margin:0 0 10px 0;font-weight:600;\">\n        Continue sempre bem informado acessando nossos portais:\n    <\/p>\n<ul style=\"margin:0;padding-left:20px;\">\n<li style=\"margin-bottom:8px;\">\n            <strong><a href=\"https:\/\/jornaldiadia.com.br\/\" target=\"_blank\" rel=\"noopener\" style=\"text-decoration:none;\">Jornal Dia Dia<\/a><\/strong> \u2013<br \/>\n            Sua fonte confi\u00e1vel para as melhores not\u00edcias e artigos \u00fateis. Fique por dentro dos acontecimentos mais importantes, dicas pr\u00e1ticas e conte\u00fados de qualidade.\n        <\/li>\n<li style=\"margin-bottom:8px;\">\n            <strong><a href=\"https:\/\/jbr.jor.br\/\" target=\"_blank\" rel=\"noopener\" style=\"text-decoration:none;\">Jornal Brasil Regional (JBR)<\/a><\/strong> \u2013<br \/>\n            O pulso do pa\u00eds em tempo real. Not\u00edcias nacionais, regionais e internacionais com \u00e9tica e credibilidade.\n        <\/li>\n<li style=\"margin-bottom:8px;\">\n            <strong><a href=\"https:\/\/castilho.jor.br\/\" target=\"_blank\" rel=\"noopener\" style=\"text-decoration:none;\">Castilho Not\u00edcias (News)<\/a><\/strong> \u2013<br \/>\n            O seu di\u00e1rio local com cobertura de Castilho e Regi\u00e3o (SP). Jornalismo com credibilidade.\n        <\/li>\n<li style=\"margin-bottom:8px;\">\n            <strong><a href=\"https:\/\/casaejardim.net.br\/\" target=\"_blank\" rel=\"noopener\" style=\"text-decoration:none;\">Casa e Jardim<\/a><\/strong> \u2013<br \/>\n            Dicas exclusivas sobre decora\u00e7\u00e3o, jardinagem, arquitetura, DIY, reformas e muito mais. Tend\u00eancias, solu\u00e7\u00f5es pr\u00e1ticas e ideias criativas para todos os estilos e or\u00e7amentos.\n        <\/li>\n<li style=\"margin-bottom:0;\">\n            <strong><a href=\"https:\/\/b10.net.br\/\" target=\"_blank\" rel=\"noopener\" style=\"text-decoration:none;\">B10 Brasil<\/a><\/strong> \u2013<br \/>\n            As principais not\u00edcias, an\u00e1lises e insights sobre neg\u00f3cios, economia e soberania nacional. Conectando o Brasil ao mundo com intelig\u00eancia e estrat\u00e9gia.\n        <\/li>\n<\/ul>\n<\/div>\n<p><!-- \/bloco-portais-jbr --><\/div>\n","protected":false},"excerpt":{"rendered":"<p>A opera\u00e7\u00e3o atuou no combate a esquema de fraudes no setor de combust\u00edveis com liga\u00e7\u00e3o ao PCC Mariana Viana \u2013 31\/08\/2026 \u2013 11:40 \u2013 Ministro da Fazenda, Dario Durigan. (Foto: Madu Livramento, Jornal Midiamax) O ministro da Fazenda, Dario Durigan, afirmou nesta segunda-feira (31) que a meta do Governo Federal<span class=\"more-link\"><a href=\"http:\/\/diadianews.com\/index.php\/2026\/08\/31\/durigan-tem-meta-de-uma-operacao-carbono-oculto-a-cada-dois-meses-com-apoio-de-ia\/\">Continue Reading<\/a><\/span><\/p>\n","protected":false},"author":1,"featured_media":8113,"comment_status":"closed","ping_status":"closed","sticky":false,"template":"","format":"standard","meta":{"footnotes":""},"categories":[1],"tags":[],"class_list":["entry","author-valdei","post-8112","post","type-post","status-publish","format-standard","has-post-thumbnail","category-news-do-dia"],"_links":{"self":[{"href":"http:\/\/diadianews.com\/index.php\/wp-json\/wp\/v2\/posts\/8112","targetHints":{"allow":["GET"]}}],"collection":[{"href":"http:\/\/diadianews.com\/index.php\/wp-json\/wp\/v2\/posts"}],"about":[{"href":"http:\/\/diadianews.com\/index.php\/wp-json\/wp\/v2\/types\/post"}],"author":[{"embeddable":true,"href":"http:\/\/diadianews.com\/index.php\/wp-json\/wp\/v2\/users\/1"}],"replies":[{"embeddable":true,"href":"http:\/\/diadianews.com\/index.php\/wp-json\/wp\/v2\/comments?post=8112"}],"version-history":[{"count":0,"href":"http:\/\/diadianews.com\/index.php\/wp-json\/wp\/v2\/posts\/8112\/revisions"}],"wp:featuredmedia":[{"embeddable":true,"href":"http:\/\/diadianews.com\/index.php\/wp-json\/wp\/v2\/media\/8113"}],"wp:attachment":[{"href":"http:\/\/diadianews.com\/index.php\/wp-json\/wp\/v2\/media?parent=8112"}],"wp:term":[{"taxonomy":"category","embeddable":true,"href":"http:\/\/diadianews.com\/index.php\/wp-json\/wp\/v2\/categories?post=8112"},{"taxonomy":"post_tag","embeddable":true,"href":"http:\/\/diadianews.com\/index.php\/wp-json\/wp\/v2\/tags?post=8112"}],"curies":[{"name":"wp","href":"https:\/\/api.w.org\/{rel}","templated":true}]}}