{"id":8118,"date":"2026-08-31T19:27:59","date_gmt":"2026-08-31T22:27:59","guid":{"rendered":"https:\/\/diadianews.com\/index.php\/2026\/08\/31\/fpa-analise-de-midia-de-24-a-31-08-2026\/"},"modified":"2026-08-31T19:27:59","modified_gmt":"2026-08-31T22:27:59","slug":"fpa-analise-de-midia-de-24-a-31-08-2026","status":"publish","type":"post","link":"http:\/\/diadianews.com\/index.php\/2026\/08\/31\/fpa-analise-de-midia-de-24-a-31-08-2026\/","title":{"rendered":"FPA: An\u00e1lise de M\u00eddia \u2013 De 24 a 31\/08\/2026"},"content":{"rendered":"<div>\n<figure class=\"wp-block-table\">\n<table class=\"has-fixed-layout\">\n<tbody>\n<tr>\n<td><img decoding=\"async\" alt=\"\" src=\"https:\/\/gallery.mailchimp.com\/f32ce36947d382beade64b8c5\/images\/181a0c42-ef4c-4449-a0a2-91cd13985e70.png\" width=\"564\"><\/td>\n<\/tr>\n<tr>\n<td>An\u00e1lise de M\u00eddia \u2013 24\/08\/2026\u00a0 <img loading=\"lazy\" decoding=\"async\" src=\"https:\/\/gallery.mailchimp.com\/f32ce36947d382beade64b8c5\/images\/8ed44d0b-a4be-4f83-beb8-bb189525503f.png\" width=\"200\" height=\"53\"><br \/>\u2013 Estad\u00e3o informa que a Uni\u00e3o Europeia far\u00e1 uma auditoria sanit\u00e1ria na produ\u00e7\u00e3o brasileira de frangos e mel nesta segunda-feira (24). A inspe\u00e7\u00e3o avaliar\u00e1 os controles sobre o uso de antimicrobianos e ocorrer\u00e1 ap\u00f3s a retirada do Brasil da lista de fornecedores de carnes e produtos de origem animal autorizados a exportar para o bloco. O governo brasileiro busca comprovar a conformidade dos novos protocolos, que incluem segrega\u00e7\u00e3o da produ\u00e7\u00e3o, rastreabilidade e controles audit\u00e1veis. <a href=\"https:\/\/www.estadao.com.br\/economia\/agronegocios\/producao-de-frango-e-mel-do-brasil-sera-alvo-de-auditoria-sanitaria-da-uniao-europeia\/\" target=\"_blank\" rel=\"noopener\">Leia+<\/a>.<\/p>\n<p>\u2013 Exame destaca que a alta de 75% nos pre\u00e7os da carne bovina nos Estados Unidos levou o governo Donald Trump a autorizar a entrada de at\u00e9 300 mil toneladas da prote\u00edna sem tarifas adicionais durante 90 dias. A medida ocorre em meio \u00e0 redu\u00e7\u00e3o do rebanho americano, \u00e0 seca e \u00e0 menor produ\u00e7\u00e3o dom\u00e9stica. O Brasil pode se beneficiar caso seja inclu\u00eddo entre os fornecedores contemplados, mas ainda n\u00e3o h\u00e1 defini\u00e7\u00e3o sobre os pa\u00edses autorizados. <a href=\"https:\/\/exame.com\/agro\/carne-dispara-75-nos-eua-frigorificos-fecham-e-trump-vai-importar-mais\/\" target=\"_blank\" rel=\"noopener\">Leia+<\/a>.<\/p>\n<p>\u2013 Globo Rural aponta que o governo federal recomendou a prioriza\u00e7\u00e3o do desembarque de fertilizantes minerais nos portos p\u00fablicos brasileiros pelos pr\u00f3ximos seis meses, com o objetivo de garantir o abastecimento da safra 2026\/27. A medida prev\u00ea prefer\u00eancia para cargas de nitrogenados, fosfatados, pot\u00e1ssicos e demais nutrientes, sem flexibilizar controles sanit\u00e1rios, fitossanit\u00e1rios, aduaneiros ou de\u00a0qualidade. O Brasil importa cerca de 93% dos fertilizantes que consome, e os pre\u00e7os dos produtos importados subiram em 2026. <a href=\"https:\/\/globorural.globo.com\/insumos\/noticia\/2026\/08\/governo-quer-priorizar-chegada-de-fertilizantes-importados-para-a-safra-202627.ghtml\" target=\"_blank\" rel=\"noopener\">Leia+<\/a>.<\/p>\n<p>\u2013 Folha informa que o governo Lula prev\u00ea chegar ao fim do mandato com 266 mil fam\u00edlias inclu\u00eddas na reforma agr\u00e1ria. A estimativa re\u00fane novos assentamentos, reconhecimento de propriedades e regulariza\u00e7\u00e3o de lotes, impulsionados pelo programa Terra da Gente. Segundo o Minist\u00e9rio do Desenvolvimento Agr\u00e1rio, o resultado ser\u00e1 superior ao registrado no governo anterior e contar\u00e1 com a cria\u00e7\u00e3o de 182 assentamentos e investimentos de R$ 2,9 bilh\u00f5es em infraestrutura e apoio \u00e0 produ\u00e7\u00e3o. <a href=\"https:\/\/www1.folha.uol.com.br\/colunas\/painel\/2026\/08\/governo-lula-diz-que-chegara-a-266-mil-familias-incluidas-na-reforma-agraria-ate-o-fim-do-mandato.shtml\" target=\"_blank\" rel=\"noopener\">Leia+<\/a>. <img loading=\"lazy\" decoding=\"async\" src=\"https:\/\/gallery.mailchimp.com\/f32ce36947d382beade64b8c5\/images\/e2ffd932-7232-4e1d-b777-d61a05448070.png\" width=\"200\" height=\"59\"> \u2013 Metr\u00f3poles revela que Omar Aziz, relator da PEC que prev\u00ea o fim da escala 6\u00d71 na Comiss\u00e3o de Constitui\u00e7\u00e3o e Justi\u00e7a do Senado, pretende apresentar seu parecer pela admissibilidade da proposta durante o esfor\u00e7o concentrado previsto para a semana de 31 de agosto. O senador declarou ser favor\u00e1vel ao m\u00e9rito da mat\u00e9ria e \u00e0 regra de transi\u00e7\u00e3o aprovada pela C\u00e2mara dos Deputados. <a href=\"https:\/\/www.metropoles.com\/brasil\/relator-quer-apresentar-parecer-a-favor-do-fim-da-6x1-em-duas-semanas\" target=\"_blank\" rel=\"noopener\">Leia+<\/a>.<\/p>\n<p>\u2013 Poder360 informa que o ministro Fl\u00e1vio Dino, do Supremo Tribunal Federal, determinou a anula\u00e7\u00e3o de emendas parlamentares cuja indica\u00e7\u00e3o tenha sofrido interfer\u00eancia de presidentes de partidos, ex-congressistas ou outras pessoas sem mandato. A decis\u00e3o tamb\u00e9m ordena que os presidentes da C\u00e2mara e do Senado comuniquem aos\u00a0\u00f3rg\u00e3os t\u00e9cnicos que dirigentes partid\u00e1rios n\u00e3o podem definir a destina\u00e7\u00e3o dos recursos. A medida est\u00e1 relacionada a investiga\u00e7\u00f5es sobre a poss\u00edvel influ\u00eancia na indica\u00e7\u00e3o de emendas que somam R$ 119,2 milh\u00f5es. <a href=\"https:\/\/www.poder360.com.br\/poder-justica\/dino-determina-anulacao-de-emendas-indicadas-por-presidentes-de-siglas\/\" target=\"_blank\" rel=\"noopener\">Leia+<\/a>.<\/td>\n<\/tr>\n<\/tbody>\n<\/table>\n<\/figure>\n<figure class=\"wp-block-table\">\n<table class=\"has-fixed-layout\">\n<tbody>\n<tr>\n<td><img decoding=\"async\" src=\"https:\/\/gallery.mailchimp.com\/f32ce36947d382beade64b8c5\/images\/181a0c42-ef4c-4449-a0a2-91cd13985e70.png\" alt=\"\" width=\"564\"><\/td>\n<\/tr>\n<tr>\n<td>An\u00e1lise de M\u00eddia \u2013 25\/08\/2026\u00a0<img loading=\"lazy\" decoding=\"async\" src=\"https:\/\/gallery.mailchimp.com\/f32ce36947d382beade64b8c5\/images\/8ed44d0b-a4be-4f83-beb8-bb189525503f.png\" width=\"200\" height=\"53\"><br \/>\u2013 Globo Rural informa que o Conselho Monet\u00e1rio Nacional flexibilizou o uso de recursos obrigat\u00f3rios para a renegocia\u00e7\u00e3o de d\u00edvidas rurais prevista na MP 1.376\/2026. As institui\u00e7\u00f5es financeiras poder\u00e3o direcionar at\u00e9 40% das exigibilidades do ano-safra para liquidar ou amortizar opera\u00e7\u00f5es contratadas originalmente com outras fontes, com taxas entre 5% e 12% ao ano. A medida tamb\u00e9m permite a participa\u00e7\u00e3o de bancos que n\u00e3o receberam recursos de equaliza\u00e7\u00e3o na distribui\u00e7\u00e3o de R$ 25,8 bilh\u00f5es feita anteriormente. <a href=\"https:\/\/us.list-manage.com\/J3QXDoMPRJO?e=f6af22dc62&amp;c2id=1a25a806aba6b8260c23d7e6fa1d556b\" target=\"_blank\" rel=\"noopener\">Leia+<\/a>.<\/p>\n<p>\u2013 Ag\u00eancia Estado aponta que a produ\u00e7\u00e3o brasileira de ra\u00e7\u00f5es alcan\u00e7ou 22,6 milh\u00f5es de toneladas no primeiro trimestre de 2026, alta de 5,4% em rela\u00e7\u00e3o ao mesmo per\u00edodo do ano passado. Para o ano, a proje\u00e7\u00e3o \u00e9 de crescimento de 4,6%, chegando a 94,9 milh\u00f5es de toneladas, impulsionado principalmente pelas cadeias de frangos e su\u00ednos. <a href=\"https:\/\/us.list-manage.com\/13iLeifymqe?e=f6af22dc62&amp;c2id=1a25a806aba6b8260c23d7e6fa1d556b\" target=\"_blank\" rel=\"noopener\">Leia+<\/a>.<\/p>\n<p>\u2013 Exame revela que cooperativas de cr\u00e9dito e bancos cooperativos movimentaram R$ 45,76 bilh\u00f5es em cr\u00e9dito rural entre janeiro e julho, superando os R$ 35,31 bilh\u00f5es operados pelos bancos privados. O sistema cooperativo respondeu por 28% dos R$ 164,02 bilh\u00f5es contratados no per\u00edodo e foi o \u00fanico entre os principais grupos financeiros a registrar crescimento na compara\u00e7\u00e3o anual. <a href=\"https:\/\/us.list-manage.com\/13lMWPllYfq?e=f6af22dc62&amp;c2id=1a25a806aba6b8260c23d7e6fa1d556b\" target=\"_blank\" rel=\"noopener\">Leia+<\/a>.<\/p>\n<p>\u2013 CNN Brasil alerta que os estoques brasileiros de fertilizantes fosfatados podem se esgotar at\u00e9 o fim de agosto, levando a uma poss\u00edvel redu\u00e7\u00e3o de at\u00e9 30% na aplica\u00e7\u00e3o desses produtos a partir de setembro. A menor utiliza\u00e7\u00e3o pode afetar a produtividade das lavouras, especialmente em um cen\u00e1rio de El Ni\u00f1o e de restri\u00e7\u00f5es de cr\u00e9dito. <a href=\"https:\/\/us.list-manage.com\/8q_6wrsCtE7?e=f6af22dc62&amp;c2id=1a25a806aba6b8260c23d7e6fa1d556b\" target=\"_blank\" rel=\"noopener\">Leia+<\/a>.<img loading=\"lazy\" decoding=\"async\" src=\"https:\/\/gallery.mailchimp.com\/f32ce36947d382beade64b8c5\/images\/e2ffd932-7232-4e1d-b777-d61a05448070.png\" width=\"200\" height=\"59\">\u2013 Folha informa que o relator da PEC do fim da escala 6\u00d71, senador Omar Aziz, pretende apresentar seu parecer na quinta-feira (27). Embora o governo trabalhe pela aprova\u00e7\u00e3o r\u00e1pida da proposta antes das elei\u00e7\u00f5es, o relator ainda avalia se manter\u00e1 o texto aprovado pela C\u00e2mara. Uma eventual altera\u00e7\u00e3o faria a PEC retornar aos deputados e dificultaria sua promulga\u00e7\u00e3o antes do pleito. <a href=\"https:\/\/us.list-manage.com\/mLyIHpYdI57?e=f6af22dc62&amp;c2id=1a25a806aba6b8260c23d7e6fa1d556b\" target=\"_blank\" rel=\"noopener\">Leia+<\/a>.<\/p>\n<p>\u2013 CNN Brasil aponta que Davi Alcolumbre sinalizou a aliados que poder\u00e1 deixar a vota\u00e7\u00e3o da PEC do fim da escala 6\u00d71 no plen\u00e1rio do Senado para depois das elei\u00e7\u00f5es. A proposta deve avan\u00e7ar primeiro na CCJ, mas a decis\u00e3o sobre seu encaminhamento ao plen\u00e1rio depender\u00e1 do resultado da disputa presidencial e da articula\u00e7\u00e3o pol\u00edtica para a elei\u00e7\u00e3o da presid\u00eancia do Senado em 2027. <a href=\"https:\/\/us.list-manage.com\/xqXaBFtIEVk?e=f6af22dc62&amp;c2id=1a25a806aba6b8260c23d7e6fa1d556b\" target=\"_blank\" rel=\"noopener\">Leia+<\/a>.<\/p>\n<p>\u2013 Valor noticia que o governo enviar\u00e1 ao Congresso uma previs\u00e3o de sal\u00e1rio m\u00ednimo de R$ 1.741 no Projeto de Lei Or\u00e7ament\u00e1ria de 2027, alta de R$ 120 em rela\u00e7\u00e3o ao valor atual. O piso tamb\u00e9m servir\u00e1 de refer\u00eancia para benef\u00edcios previdenci\u00e1rios, BPC, seguro-desemprego e abono\u00a0salarial. O valor definitivo ser\u00e1 calculado ao final do ano, considerando a infla\u00e7\u00e3o e o crescimento do PIB. <a href=\"https:\/\/us.list-manage.com\/oW8tP18SHW3?e=f6af22dc62&amp;c2id=1a25a806aba6b8260c23d7e6fa1d556b\" target=\"_blank\" rel=\"noopener\">Leia+<\/a>.<\/td>\n<\/tr>\n<\/tbody>\n<\/table>\n<\/figure>\n<figure class=\"wp-block-table\">\n<table class=\"has-fixed-layout\">\n<tbody>\n<tr>\n<td><img decoding=\"async\" alt=\"\" src=\"https:\/\/gallery.mailchimp.com\/f32ce36947d382beade64b8c5\/images\/181a0c42-ef4c-4449-a0a2-91cd13985e70.png\" width=\"564\"> An\u00e1lise de M\u00eddia \u2013 26\/08\/2026 <img loading=\"lazy\" decoding=\"async\" src=\"https:\/\/gallery.mailchimp.com\/f32ce36947d382beade64b8c5\/images\/7e705cd9-7232-4981-898f-c7c949a52ffe.png\" width=\"200\" height=\"57\"> \u2013 Estad\u00e3o destaca declara\u00e7\u00e3o da vice-presidente da FPA, senadora Tereza Cristina, de que reduzir o limite de crescimento das despesas p\u00fablicas sem indicar cortes n\u00e3o representa um ajuste fiscal efetivo. Segundo a parlamentar, o ambiente de juros elevados, endividamento e falta de previsibilidade tem agravado as dificuldades do agroneg\u00f3cio e o aumento dos pedidos de recupera\u00e7\u00e3o judicial. Tereza defende o controle das contas p\u00fablicas como forma de reduzir os juros, destravar investimentos e melhorar as condi\u00e7\u00f5es de financiamento do setor.<br \/><a href=\"https:\/\/www.estadao.com.br\/economia\/agronegocios\/limite-crescimento-gasto-sem-cortes-ajuste-fiscal-tereza-cristina\/\" target=\"_blank\" rel=\"noopener\">Leia+.<\/a><\/p>\n<p><img loading=\"lazy\" decoding=\"async\" src=\"https:\/\/gallery.mailchimp.com\/f32ce36947d382beade64b8c5\/images\/8f8f8418-54db-4fcb-ab07-a3120e9a2865.png\" width=\"220\" height=\"49\"><br \/>\u2013 UOL | <a href=\"https:\/\/noticias.uol.com.br\/ultimas-noticias\/agencia-estado\/2026\/08\/25\/fpa-internet-e-qualificacao-sao-gargalos-para-produtividade-no-campo.htm\" target=\"_blank\" rel=\"noopener\">FPA: internet e qualifica\u00e7\u00e3o s\u00e3o gargalos para produtividade no campo<\/a><br \/>\u2013 CNN Brasil | <a href=\"https:\/\/www.cnnbrasil.com.br\/agro\/tereza-cristina-defende-gestao-orcamentaria-rigorosa-no-governo\/\" target=\"_blank\" rel=\"noopener\">Tereza Cristina defende gest\u00e3o or\u00e7ament\u00e1ria rigorosa<\/a><br \/>\u2013 Canal Rural | <a href=\"https:\/\/www.canalrural.com.br\/economia\/tereza-cristina-cobra-ajuste-fiscal-e-alerta-para-credito-rural-mais-caro\/\" target=\"_blank\" rel=\"noopener\">Tereza Cristina cobra ajuste fiscal e alerta para cr\u00e9dito rural mais caro<\/a><\/p>\n<p><img loading=\"lazy\" decoding=\"async\" src=\"https:\/\/gallery.mailchimp.com\/f32ce36947d382beade64b8c5\/images\/8ed44d0b-a4be-4f83-beb8-bb189525503f.png\" width=\"200\" height=\"53\"><br \/>Zero Hora informa que o governo federal avalia prorrogar o prazo de suspens\u00e3o dos vencimentos de d\u00edvidas rurais enquadradas na MP 21.376\/2026. A medida busca evitar um intervalo entre o fim da suspens\u00e3o, previsto para 27 de agosto, e a efetiva renegocia\u00e7\u00e3o dos contratos. Entidades do setor tamb\u00e9m defendem mudan\u00e7as nos crit\u00e9rios de elegibilidade, especialmente para incluir CPRs n\u00e3o vinculadas a institui\u00e7\u00f5es financeiras. <a href=\"https:\/\/gauchazh.clicrbs.com.br\/colunistas\/matheus-schuch\/noticia\/2026\/08\/governo-federal-avalia-prorrogar-prazo-para-suspensao-de-vencimentos-de-dividas-rurais-cmt8nik0h00h1015gah31q65l.html\" target=\"_blank\" rel=\"noopener\">Leia+.<\/a><\/p>\n<p>\u2013 Globo Rural revela que a falta de m\u00e3o de obra passou a preocupar os produtores mais do que custos, pre\u00e7os e clima. Levantamento da CNA mostra que 44,5% dos entrevistados consideram a escassez de trabalhadores o principal desafio do setor, enquanto 94,8% relatam dificuldades para contratar. Como resposta, produtores t\u00eam acelerado investimentos em mecaniza\u00e7\u00e3o, automa\u00e7\u00e3o, terceiriza\u00e7\u00e3o e tecnologias digitais. <a href=\"https:\/\/globorural.globo.com\/economia\/noticia\/2026\/08\/falta-de-mao-de-obra-preocupa-agricultores-mais-do-que-custos-precos-e-clima-aponta-estudo.ghtml\" target=\"_blank\" rel=\"noopener\">Leia+.<\/a><\/p>\n<p>\u2013 Poder360 informa que Brasil e Estados Unidos remarcaram para a pr\u00f3xima semana a reuni\u00e3o sobre o tarifa\u00e7o que elevou as sobretaxas sobre determinados produtos brasileiros para at\u00e9 37,5%. O encontro dever\u00e1 discutir poss\u00edveis exce\u00e7\u00f5es \u00e0s tarifas e marcar a retomada das negocia\u00e7\u00f5es entre os dois governos. Paralelamente, o Brasil abriu consultas na OMC e iniciou os procedimentos previstos na Lei da Reciprocidade Econ\u00f4mica.<br \/><a href=\"https:\/\/www.poder360.com.br\/poder-governo\/brasil-e-eua-remarcam-reuniao-sobre-tarifaco-para-a-proxima-semana\/\" target=\"_blank\" rel=\"noopener\">Leia+.<\/a><\/p>\n<p>\u2013 Isto\u00c9 registra que o Brasil apresentou na COP17 suas primeiras metas de Neutralidade da Degrada\u00e7\u00e3o da Terra, com o compromisso de restaurar mais de 163 mil quil\u00f4metros quadrados at\u00e9 2030. As a\u00e7\u00f5es\u00a0incluem recupera\u00e7\u00e3o de vegeta\u00e7\u00e3o nativa, sistemas agroflorestais e prote\u00e7\u00e3o de unidades de conserva\u00e7\u00e3o, territ\u00f3rios ind\u00edgenas, \u00e1reas de preserva\u00e7\u00e3o permanente e bacias hidrogr\u00e1ficas.<br \/><a href=\"https:\/\/istoe.com.br\/brasil-apresenta-metas-neutralidade-degradacao-terra-cop17\" target=\"_blank\" rel=\"noopener\">Leia+.<\/a><br \/><img loading=\"lazy\" decoding=\"async\" src=\"https:\/\/gallery.mailchimp.com\/f32ce36947d382beade64b8c5\/images\/e2ffd932-7232-4e1d-b777-d61a05448070.png\" width=\"200\" height=\"59\"><br \/>\u2013 O Globo informa que Lula se re\u00fane nesta quarta-feira com os presidentes da C\u00e2mara e do Senado, Hugo Motta e Davi Alcolumbre, em uma tentativa de fortalecer a aproxima\u00e7\u00e3o com a c\u00fapula do Congresso e acelerar pautas de interesse do governo antes das elei\u00e7\u00f5es. Oficialmente, o encontro trata da medida provis\u00f3ria que extingue a chamada taxa das blusinhas, mas tamb\u00e9m deve abordar a PEC do fim da escala 6\u00d71 e outras mat\u00e9rias priorit\u00e1rias do Planalto.<br \/><a href=\"https:\/\/oglobo.globo.com\/politica\/eleicoes-2026\/noticia\/2026\/08\/26\/lula-se-reune-com-motta-e-alcolumbre-e-reforca-aproximacao-com-cupula-do-congresso-por-cartada-eleitoral.ghtml\" target=\"_blank\" rel=\"noopener\">Leia+.<\/a><\/p>\n<p>\u2013 G1 aponta que a oposi\u00e7\u00e3o pretende tentar impedir a vota\u00e7\u00e3o das PECs do fim da escala 6\u00d71 e da Seguran\u00e7a P\u00fablica antes das elei\u00e7\u00f5es, mas j\u00e1 admite dificuldades para barrar as propostas caso elas cheguem ao plen\u00e1rio do Senado. O PL deve defender o cumprimento dos prazos regimentais e argumentar que as mat\u00e9rias precisam de maior discuss\u00e3o. Mesmo assim, o ambiente pol\u00edtico \u00e9 considerado favor\u00e1vel \u00e0 aprova\u00e7\u00e3o dos textos durante o esfor\u00e7o concentrado da pr\u00f3xima semana.<br \/><a href=\"https:\/\/g1.globo.com\/politica\/noticia\/2026\/08\/25\/pl-tenta-barrar-votacao-mas-admite-derrota-se-pec-do-fim-da-escala-6x1-chegar-ao-plenario.ghtml\" target=\"_blank\" rel=\"noopener\">Leia+.<\/a><\/p>\n<p>\u2013 JOTA informa que as al\u00edquotas do Imposto Seletivo para 2027 devem ser encaminhadas ao Congresso por medida provis\u00f3ria na primeira quinzena de setembro, ap\u00f3s o envio do Projeto de Lei Or\u00e7ament\u00e1ria Anual. A estrat\u00e9gia busca garantir que as al\u00edquotas estejam vigentes em 1\u00ba de janeiro de 2027, respeitando os prazos de anterioridade tribut\u00e1ria. O governo ainda n\u00e3o definiu o valor da remunera\u00e7\u00e3o \u00e0s institui\u00e7\u00f5es financeiras pelo split payment, embora um relat\u00f3rio tenha indicado R$ 0,39 por opera\u00e7\u00e3o.<br \/><a href=\"https:\/\/www.jota.info\/coberturas-especiais\/pulso-da-reforma\/aliquotas-do-is-devem-ir-ao-congresso-na-primeira-quinzena-de-setembro\" target=\"_blank\" rel=\"noopener\">Leia+.<\/a><\/td>\n<\/tr>\n<tr>\n<td><img decoding=\"async\" alt=\"\" src=\"https:\/\/gallery.mailchimp.com\/977589f18efd28a281e94c869\/images\/1b0a163f-cf62-4ca6-9592-04e486eb9953.png\" width=\"564\"><\/td>\n<\/tr>\n<\/tbody>\n<\/table>\n<\/figure>\n<figure class=\"wp-block-table\">\n<table class=\"has-fixed-layout\">\n<tbody>\n<tr>\n<td><img decoding=\"async\" alt=\"\" src=\"https:\/\/gallery.mailchimp.com\/f32ce36947d382beade64b8c5\/images\/181a0c42-ef4c-4449-a0a2-91cd13985e70.png\" width=\"564\"><\/td>\n<\/tr>\n<tr>\n<td>An\u00e1lise de M\u00eddia \u2013 27\/08\/2026 <img loading=\"lazy\" decoding=\"async\" src=\"https:\/\/gallery.mailchimp.com\/f32ce36947d382beade64b8c5\/images\/8ed44d0b-a4be-4f83-beb8-bb189525503f.png\" width=\"200\" height=\"53\"><br \/>\u2013 Globo Rural informa que o governo articula a amplia\u00e7\u00e3o do prazo para a renegocia\u00e7\u00e3o de d\u00edvidas rurais prevista na MP 1.376\/2026. A proposta em discuss\u00e3o pode estender de 30 para at\u00e9 90 dias o per\u00edodo de prorroga\u00e7\u00e3o dos vencimentos, diante da demora na regulamenta\u00e7\u00e3o e da adapta\u00e7\u00e3o dos sistemas banc\u00e1rios. <a href=\"https:\/\/globorural.globo.com\/credito-e-investimento\/noticia\/2026\/08\/dividas-podem-ter-mais-prazo-para-renegociacao.ghtml\" target=\"_blank\" rel=\"noopener\">Leia+<\/a>.<\/p>\n<p>\u2013 Estad\u00e3o destaca que o Banco do Brasil iniciou as renegocia\u00e7\u00f5es de opera\u00e7\u00f5es de cr\u00e9dito rural no \u00e2mbito da MP 1.376\/2026. O programa pode alcan\u00e7ar at\u00e9 R$ 100 bilh\u00f5es e beneficiar aproximadamente 113 mil clientes, incluindo produtores e cooperativas afetados por perdas clim\u00e1ticas ou de mercado em duas ou mais safras. <a href=\"https:\/\/www.estadao.com.br\/einvestidor\/cenarios-e-mercado\/bb-abre-renegociacao-de-ate-r-100-bilhoes-para-aliviar-crise-no-credito-rural\/\" target=\"_blank\" rel=\"noopener\">Leia+<\/a>.<\/p>\n<p>\u2013 Folha critica o crescimento das fam\u00edlias unipessoais no Bolsa Fam\u00edlia, que passaram de 3,5 milh\u00f5es em janeiro para 3,9 milh\u00f5es em julho. O jornal atribui o aumento \u00e0 possibilidade de distor\u00e7\u00f5es no cadastro e defende o fortalecimento da fiscaliza\u00e7\u00e3o, especialmente em um ano eleitoral. A contrata\u00e7\u00e3o de benefici\u00e1rios do Bolsa Fam\u00edlia tem sido discutida no setor produtivo com o projeto de lei dos safristas, aprovado no Congresso Nacional, mas vetado pelo governo. <a href=\"https:\/\/www1.folha.uol.com.br\/opiniao\/2026\/08\/familias-unipessoais-distorcem-o-bolsa-familia.shtml\" target=\"_blank\" rel=\"noopener\">Leia+<\/a>.<\/p>\n<p>\u2013 O Globo destaca que o agroneg\u00f3cio j\u00e1 responde por aproximadamente 60% da oferta de energia renov\u00e1vel no Brasil, impulsionado pelo uso de etanol, biodiesel, biomassa, biog\u00e1s, biometano e bioeletricidade.\u00a0Segundo estudo da FGV Agro, a participa\u00e7\u00e3o da bioenergia agropecu\u00e1ria na matriz energ\u00e9tica nacional passou de 9,7%, em 1970, para 29,1%, em 2023. O levantamento tamb\u00e9m aponta que, sem a contribui\u00e7\u00e3o do setor, a participa\u00e7\u00e3o das fontes renov\u00e1veis na matriz brasileira cairia de 49,5% para cerca de 20%. <a href=\"https:\/\/oglobo.globo.com\/economia\/transicao-energetica\/noticia\/2026\/08\/27\/agro-ja-responde-por-60percent-da-oferta-de-energia-verde-no-brasil-revela-estudo-da-fgv.ghtml\" target=\"_blank\" rel=\"noopener\">Leia<\/a>+.<\/p>\n<p>\u2013 CNN Brasil aponta que a amplia\u00e7\u00e3o tempor\u00e1ria da cota americana para importa\u00e7\u00e3o de carne bovina pode abrir oportunidades para o Brasil, mas a Abiec mant\u00e9m cautela. A medida permitir\u00e1 a entrada de at\u00e9 300 mil toneladas sem tarifas adicionais durante 90 dias, por\u00e9m a exig\u00eancia de comercializa\u00e7\u00e3o dos produtos com pre\u00e7os 25% menores limita os ganhos imediatos da ind\u00fastria brasileira. <a href=\"https:\/\/www.cnnbrasil.com.br\/agro\/abiec-ve-oportunidade-para-carne-brasileira-nos-eua-mas-mantem-cautela\/\" target=\"_blank\" rel=\"noopener\">Leia+<\/a>. <img loading=\"lazy\" decoding=\"async\" src=\"https:\/\/gallery.mailchimp.com\/f32ce36947d382beade64b8c5\/images\/e2ffd932-7232-4e1d-b777-d61a05448070.png\" width=\"200\" height=\"59\"> \u2013 Estad\u00e3o informa que Lula chegou a um acordo com os presidentes da C\u00e2mara e do Senado, Hugo Motta e Davi Alcolumbre, para acelerar a vota\u00e7\u00e3o de pautas priorit\u00e1rias do governo antes das elei\u00e7\u00f5es. Entre os temas est\u00e3o o fim da taxa das blusinhas, a explora\u00e7\u00e3o de terras raras, a PEC do fim da escala 6\u00d71, a PEC da Seguran\u00e7a P\u00fablica e o projeto de desonera\u00e7\u00e3o para data centers. <a href=\"https:\/\/www.estadao.com.br\/politica\/lula-acerta-com-motta-e-alcolumbre-votacoes-de-6x1mp-das-blusinhas-terras-raras-e-pec-da-seguranca\/\" target=\"_blank\" rel=\"noopener\">Leia+<\/a>.<\/p>\n<p>\u2013 O Globo revela que o relator da PEC do fim da escala 6\u00d71, senador Omar Aziz, espera que o Senado conclua a tramita\u00e7\u00e3o da proposta na pr\u00f3xima semana. O parlamentar pretende apresentar o relat\u00f3rio sem\u00a0altera\u00e7\u00f5es em rela\u00e7\u00e3o ao texto aprovado pela C\u00e2mara, que reduz a jornada semanal de 44 para 40 horas e prev\u00ea dois dias de folga. <a href=\"https:\/\/oglobo.globo.com\/economia\/noticia\/2026\/08\/26\/relator-espera-que-senado-aprove-pec-do-fim-da-6x1-e-diz-que-nao-votar-e-suicidio.ghtml\" target=\"_blank\" rel=\"noopener\">Leia+<\/a>.<\/td>\n<\/tr>\n<\/tbody>\n<\/table>\n<\/figure>\n<figure class=\"wp-block-table\">\n<table class=\"has-fixed-layout\">\n<tbody>\n<tr>\n<td><img decoding=\"async\" alt=\"\" src=\"https:\/\/gallery.mailchimp.com\/f32ce36947d382beade64b8c5\/images\/181a0c42-ef4c-4449-a0a2-91cd13985e70.png\" width=\"564\"><\/td>\n<\/tr>\n<tr>\n<td>An\u00e1lise de M\u00eddia \u2013 28\/08\/2026 <img loading=\"lazy\" decoding=\"async\" src=\"https:\/\/gallery.mailchimp.com\/f32ce36947d382beade64b8c5\/images\/8ed44d0b-a4be-4f83-beb8-bb189525503f.png\" width=\"200\" height=\"53\"><br \/>\u2013 Globo Rural aponta que o cr\u00e9dito \u201cverde\u201d ainda alcan\u00e7a uma parcela reduzida dos produtores rurais. Na safra 2025\/26, as contrata\u00e7\u00f5es com redu\u00e7\u00e3o de 0,5 ponto percentual nos juros, atreladas \u00e0 ado\u00e7\u00e3o de boas pr\u00e1ticas, somaram R$ 1,7 bilh\u00e3o, ante uma oferta de R$ 6,3 bilh\u00f5es para a modalidade. A falta de automatiza\u00e7\u00e3o, a burocracia e a aus\u00eancia de clareza nos crit\u00e9rios dificultam o acesso ao benef\u00edcio. Para a safra 2026\/27, os recursos dispon\u00edveis com juros reduzidos foram limitados a R$ 3,1 bilh\u00f5es. <a href=\"https:\/\/globorural.globo.com\/credito-e-investimento\/noticia\/2026\/08\/credito-verde-com-taxa-reduzida-ainda-e-para-poucos-no-brasil.ghtml\" target=\"_blank\" rel=\"noopener\">Leia+<\/a>.<\/p>\n<p>\u2013 Ag\u00eancia Estado informa que entidades do setor produtivo estimam preju\u00edzos de at\u00e9 R$ 850 milh\u00f5es caso a dragagem de manuten\u00e7\u00e3o do rio Tapaj\u00f3s n\u00e3o seja realizada antes da safra 2026\/27. A falta do servi\u00e7o poderia reduzir a capacidade de transporte da hidrovia, elevar os custos log\u00edsticos entre R$ 150 e R$ 250 por tonelada e comprometer o escoamento de at\u00e9 5 milh\u00f5es de toneladas de gr\u00e3os. <a href=\"https:\/\/www.broadcast.com.br\/ultimas-noticias\/setor-produtivo-estima-prejuizo-de-ate-r-850-mi-sem-dragagem-no-tapajos\/\" target=\"_blank\" rel=\"noopener\">Leia+<\/a>.<\/p>\n<p>\u2013 Folha aponta que entidades ligadas \u00e0 contrata\u00e7\u00e3o de jovens aprendizes estimam que at\u00e9 500 mil vagas poderiam ser extintas caso sejam aprovadas mudan\u00e7as no Estatuto do Aprendiz. Entre as propostas em discuss\u00e3o est\u00e3o a redu\u00e7\u00e3o da base de c\u00e1lculo das cotas e a flexibiliza\u00e7\u00e3o das obriga\u00e7\u00f5es para determinados setores. A vice-presidente da FPA, senadora Tereza Cristina, apresentou emendas para excluir contratos\u00a0de safra e o ciclo agr\u00edcola da base de c\u00e1lculo, reduzir pela metade a multa por aprendiz n\u00e3o contratado e permitir a negocia\u00e7\u00e3o coletiva sobre a aprendizagem. Segundo a parlamentar, a mesma exig\u00eancia n\u00e3o seria adequada a todas as atividades e a livre negocia\u00e7\u00e3o n\u00e3o deveria ser impedida por norma infraconstitucional. <a href=\"https:\/\/www1.folha.uol.com.br\/colunas\/painelsa\/2026\/08\/entidades-dizem-que-mudancas-no-estatuto-do-aprendiz-podem-extinguir-500-mil-vagas.shtml\" target=\"_blank\" rel=\"noopener\">Leia+<\/a>.<\/p>\n<p>\u2013 O Globo destaca que o governo ampliou as possibilidades de financiamento para empresas de fertilizantes e reduziu para 3% ao ano os encargos sobre financiamentos destinados \u00e0 aquisi\u00e7\u00e3o de bens de capital e investimentos em atividades industriais e tecnol\u00f3gicas relacionadas a minerais cr\u00edticos. As empresas da cadeia de fertilizantes tamb\u00e9m poder\u00e3o acessar linhas de capital de giro, e o prazo para protocolar pedidos de financiamento no BNDES foi prorrogado at\u00e9 31 de dezembro de 2027. <a href=\"https:\/\/oglobo.globo.com\/economia\/noticia\/2026\/08\/27\/governo-amplia-financiamento-para-empresas-de-fertilizantes-e-reduz-encargos-para-minerais-criticos.ghtml\" target=\"_blank\" rel=\"noopener\">Leia+<\/a>. <img loading=\"lazy\" decoding=\"async\" src=\"https:\/\/gallery.mailchimp.com\/f32ce36947d382beade64b8c5\/images\/e2ffd932-7232-4e1d-b777-d61a05448070.png\" width=\"200\" height=\"59\"> \u2013 Folha informa que o senador Omar Aziz entregou o relat\u00f3rio da PEC que prev\u00ea o fim da escala 6\u00d71 sem altera\u00e7\u00f5es em rela\u00e7\u00e3o ao texto aprovado pela C\u00e2mara. A proposta est\u00e1 pronta para ser analisada pela Comiss\u00e3o de Constitui\u00e7\u00e3o e Justi\u00e7a do Senado na pr\u00f3xima quarta-feira (2), em uma tentativa do governo de aprov\u00e1-la antes das elei\u00e7\u00f5es. <a href=\"https:\/\/www1.folha.uol.com.br\/poder\/2026\/08\/senador-rejeita-emendas-entrega-relatorio-e-fim-da-escala-6x1-fica-pronta-para-votacao-na-ccj.shtml\" target=\"_blank\" rel=\"noopener\">Leia+<\/a>.<\/p>\n<p>\u2013 O Globo revela que a oposi\u00e7\u00e3o protocolou pedidos para que a PEC do fim da escala 6\u00d71 tamb\u00e9m seja analisada pelas comiss\u00f5es de Assuntos Econ\u00f4micos, de Infraestrutura e de Agricultura, numa tentativa de\u00a0retardar a vota\u00e7\u00e3o do relat\u00f3rio na CCJ. Os governistas j\u00e1 esperam um pedido de vista, que poder\u00e1 adiar a an\u00e1lise por algumas horas ou dias, dependendo da decis\u00e3o do presidente da comiss\u00e3o, Otto Alencar. <a href=\"https:\/\/oglobo.globo.com\/blogs\/miriam-leitao\/post\/2026\/08\/oposicao-articula-e-tenta-levar-pec-do-fim-da-6x1-a-outras-comissoes-antes-da-votacao-do-relatorio.ghtml\" target=\"_blank\" rel=\"noopener\">Leia+<\/a>.<\/td>\n<\/tr>\n<\/tbody>\n<\/table>\n<\/figure>\n<figure class=\"wp-block-table\">\n<table class=\"has-fixed-layout\">\n<tbody>\n<tr>\n<td><img decoding=\"async\" alt=\"\" src=\"https:\/\/gallery.mailchimp.com\/f32ce36947d382beade64b8c5\/images\/181a0c42-ef4c-4449-a0a2-91cd13985e70.png\" width=\"564\"><\/td>\n<\/tr>\n<tr>\n<td>An\u00e1lise de M\u00eddia \u2013 31\/08\/2026 <img loading=\"lazy\" decoding=\"async\" src=\"https:\/\/gallery.mailchimp.com\/f32ce36947d382beade64b8c5\/images\/8ed44d0b-a4be-4f83-beb8-bb189525503f.png\" width=\"200\" height=\"53\"><br \/>\u2013 Folha destaca que o agroneg\u00f3cio vem impulsionando o crescimento da produtividade e o desenvolvimento econ\u00f4mico do interior do pa\u00eds, especialmente em estados como Piau\u00ed, Maranh\u00e3o, Tocantins e Mato Grosso. Entre 2002 e 2019, a produtividade da agropecu\u00e1ria avan\u00e7ou 80,1%, enquanto o crescimento foi de 10,3% nos servi\u00e7os e de 5,4% na ind\u00fastria. O movimento tamb\u00e9m fortalece cadeias como transporte, com\u00e9rcio, constru\u00e7\u00e3o, tecnologia, cr\u00e9dito e servi\u00e7os, embora persistam desafios relacionados \u00e0 falta de m\u00e3o de obra e \u00e0 necessidade de ampliar o valor agregado das exporta\u00e7\u00f5es. <a href=\"https:\/\/www1.folha.uol.com.br\/mercado\/2026\/08\/agro-impulsiona-interior-e-faz-produtividade-do-brasil-mudar-de-endereco.shtml\" target=\"_blank\" rel=\"noopener\">Leia+<\/a>.<\/p>\n<p>\u2013 Globo Rural informa que a inadimpl\u00eancia do cr\u00e9dito rural para pessoas f\u00edsicas atingiu 8,8% em julho, o maior n\u00edvel da s\u00e9rie hist\u00f3rica iniciada em 2011. O \u00edndice praticamente dobrou em 12 meses, em um cen\u00e1rio de perdas de safras, efeitos clim\u00e1ticos, juros elevados e expectativa dos produtores pela efetiva\u00e7\u00e3o do programa de renegocia\u00e7\u00e3o autorizado pela MP 1.376\/2026. <a href=\"https:\/\/globorural.globo.com\/credito-e-investimento\/noticia\/2026\/08\/inadimplencia-do-credito-rural-bate-recorde-e-chega-a-88percent-em-julho.ghtml\" target=\"_blank\" rel=\"noopener\">Leia+<\/a>.<\/p>\n<p>\u2013 Globo Rural aponta que o Brasil v\u00ea pouco espa\u00e7o para reverter, no curto prazo, o bloqueio da Uni\u00e3o Europeia \u00e0s exporta\u00e7\u00f5es de prote\u00ednas animais e derivados. A suspens\u00e3o, prevista para come\u00e7ar em 3 de setembro, pode afetar embarques de carnes de aves, bovina, ovos, mel e pescados, com impacto potencial pr\u00f3ximo de US$ 2 bilh\u00f5es em um ano. O governo mant\u00e9m o di\u00e1logo com o bloco, mas j\u00e1 avalia a possibilidade de adotar medidas de reciprocidade. <a href=\"https:\/\/globorural.globo.com\/pecuaria\/noticia\/2026\/08\/brasil-ve-pouco-espaco-para-reverter-o-bloqueio-da-ue.ghtml\" target=\"_blank\" rel=\"noopener\">Leia+<\/a>.<\/p>\n<p>\u2013 Revista Cultivar informa que o setor de sementes defende a moderniza\u00e7\u00e3o da Lei de Prote\u00e7\u00e3o de Cultivares, em vigor desde 1997, para acompanhar a evolu\u00e7\u00e3o tecnol\u00f3gica e estimular investimentos em pesquisa e inova\u00e7\u00e3o. A proposta, constru\u00edda com a participa\u00e7\u00e3o de entidades do setor e do Minist\u00e9rio da Agricultura, avan\u00e7ou na C\u00e2mara, mas sua tramita\u00e7\u00e3o deve ser postergada em raz\u00e3o do calend\u00e1rio eleitoral. <a href=\"https:\/\/revistacultivar.com.br\/noticias\/setor-de-sementes-defende-atualizacao-da-lei-de-cultivares\" target=\"_blank\" rel=\"noopener\">Leia+<\/a>.<\/p>\n<p>\u2013 Estad\u00e3o noticia que Brasil e Estados Unidos retomam nesta segunda-feira as negocia\u00e7\u00f5es comerciais sobre o tarifa\u00e7o que elevou as sobretaxas sobre produtos brasileiros. O governo brasileiro espera conhecer as propostas norte-americanas e prioriza a amplia\u00e7\u00e3o da lista de exce\u00e7\u00f5es, sem descartar discuss\u00f5es setoriais ou um acordo mais amplo. A reuni\u00e3o \u00e9 considerada explorat\u00f3ria e n\u00e3o deve resultar em uma solu\u00e7\u00e3o imediata. <a href=\"https:\/\/revistacultivar.com.br\/noticias\/setor-de-sementes-defende-atualizacao-da-lei-de-cultivares\" target=\"_blank\" rel=\"noopener\">Leia+<\/a>.\u00a0 <img loading=\"lazy\" decoding=\"async\" src=\"https:\/\/gallery.mailchimp.com\/f32ce36947d382beade64b8c5\/images\/e2ffd932-7232-4e1d-b777-d61a05448070.png\" width=\"200\" height=\"59\"> \u2013 Valor informa que o Congresso inicia a \u00faltima semana de vota\u00e7\u00f5es antes das elei\u00e7\u00f5es com uma pauta alinhada aos interesses do governo. As PECs do fim da escala 6\u00d71 e da Seguran\u00e7a P\u00fablica devem ser analisadas pela CCJ do Senado, enquanto o projeto sobre minerais cr\u00edticos e terras raras est\u00e1 previsto para vota\u00e7\u00e3o no plen\u00e1rio. Tamb\u00e9m 31 de Agosto de 2026 est\u00e3o no radar as medidas provis\u00f3rias que tratam do fim da taxa das blusinhas e do programa Move Brasil. <a href=\"https:\/\/valor.globo.com\/politica\/noticia\/2026\/08\/31\/congresso-vota-propostas-de-interesse-do-governo.ghtml\" target=\"_blank\" rel=\"noopener\">Leia+<\/a>.<\/p>\n<p>\u2013 CNN Brasil revela que Davi Alcolumbre sinalizou a aliados que n\u00e3o assumiu compromisso de levar ao plen\u00e1rio, ainda nesta semana, a PEC do fim da escala 6\u00d71. A proposta deve avan\u00e7ar na CCJ na quarta-feira, mas a oposi\u00e7\u00e3o prepara medidas de obstru\u00e7\u00e3o, e o presidente do Senado busca preservar o di\u00e1logo com os dois grupos pol\u00edticos antes da elei\u00e7\u00e3o para o comando da Casa em 2027. <a href=\"https:\/\/www.cnnbrasil.com.br\/blogs\/caio-junqueira\/politica\/alcolumbre-sinaliza-nao-ter-compromisso-com-votacao-da-pec-6x1-no-plenario\/\" target=\"_blank\" rel=\"noopener\">Leia+<\/a>. <img decoding=\"async\" alt=\"\" src=\"https:\/\/gallery.mailchimp.com\/977589f18efd28a281e94c869\/images\/1b0a163f-cf62-4ca6-9592-04e486eb9953.png\" width=\"564\"> <a href=\"https:\/\/www.fpagropecuaria.org.br\/\" class=\"\" target=\"_blank\" rel=\"noopener\"><img decoding=\"async\" alt=\"\" src=\"https:\/\/gallery.mailchimp.com\/f32ce36947d382beade64b8c5\/images\/e7402798-63aa-4eba-8cda-0ec529babc8c.png\" width=\"132\"><\/a> <em><strong>Assessoria de Imprensa e Comunica\u00e7\u00e3o<\/strong><\/em><br \/><a href=\"tel:+55613246-4682\" target=\"_blank\" rel=\"noopener\">+55 61 3246-4682<\/a><br \/><em><a href=\"tel:+55613263-1717\" target=\"_blank\" rel=\"noopener\">+55 61 3263-1717<\/a><\/em><br \/><a href=\"mailto:fpa.imprensa@gmail.com\" target=\"_blank\" rel=\"noopener\">fpa.imprensa@gmail.com<\/a><\/td>\n<\/tr>\n<\/tbody>\n<\/table>\n<\/figure>\n<p><!-- bloco-portais-jbr --><\/p>\n<div class=\"box-portais-jbr\" style=\"border:1px solid #e0e0e0;padding:16px 18px;margin:24px 0;border-radius:8px;background:#f9f9f9;font-size:0.95rem;\">\n<p style=\"margin:0 0 10px 0;font-weight:600;\">\n        Continue sempre bem informado acessando nossos portais:\n    <\/p>\n<ul style=\"margin:0;padding-left:20px;\">\n<li style=\"margin-bottom:8px;\">\n            <strong><a href=\"https:\/\/jornaldiadia.com.br\/\" target=\"_blank\" rel=\"noopener\" style=\"text-decoration:none;\">Jornal Dia Dia<\/a><\/strong> \u2013<br \/>\n            Sua fonte confi\u00e1vel para as melhores not\u00edcias e artigos \u00fateis. Fique por dentro dos acontecimentos mais importantes, dicas pr\u00e1ticas e conte\u00fados de qualidade.\n        <\/li>\n<li style=\"margin-bottom:8px;\">\n            <strong><a href=\"https:\/\/jbr.jor.br\/\" target=\"_blank\" rel=\"noopener\" style=\"text-decoration:none;\">Jornal Brasil Regional (JBR)<\/a><\/strong> \u2013<br \/>\n            O pulso do pa\u00eds em tempo real. Not\u00edcias nacionais, regionais e internacionais com \u00e9tica e credibilidade.\n        <\/li>\n<li style=\"margin-bottom:8px;\">\n            <strong><a href=\"https:\/\/castilho.jor.br\/\" target=\"_blank\" rel=\"noopener\" style=\"text-decoration:none;\">Castilho Not\u00edcias (News)<\/a><\/strong> \u2013<br \/>\n            O seu di\u00e1rio local com cobertura de Castilho e Regi\u00e3o (SP). Jornalismo com credibilidade.\n        <\/li>\n<li style=\"margin-bottom:8px;\">\n            <strong><a href=\"https:\/\/casaejardim.net.br\/\" target=\"_blank\" rel=\"noopener\" style=\"text-decoration:none;\">Casa e Jardim<\/a><\/strong> \u2013<br \/>\n            Dicas exclusivas sobre decora\u00e7\u00e3o, jardinagem, arquitetura, DIY, reformas e muito mais. Tend\u00eancias, solu\u00e7\u00f5es pr\u00e1ticas e ideias criativas para todos os estilos e or\u00e7amentos.\n        <\/li>\n<li style=\"margin-bottom:0;\">\n            <strong><a href=\"https:\/\/b10.net.br\/\" target=\"_blank\" rel=\"noopener\" style=\"text-decoration:none;\">B10 Brasil<\/a><\/strong> \u2013<br \/>\n            As principais not\u00edcias, an\u00e1lises e insights sobre neg\u00f3cios, economia e soberania nacional. Conectando o Brasil ao mundo com intelig\u00eancia e estrat\u00e9gia.\n        <\/li>\n<\/ul>\n<\/div>\n<p><!-- \/bloco-portais-jbr --><\/div>\n","protected":false},"excerpt":{"rendered":"<p>An\u00e1lise de M\u00eddia \u2013 24\/08\/2026\u00a0 \u2013 Estad\u00e3o informa que a Uni\u00e3o Europeia far\u00e1 uma auditoria sanit\u00e1ria na produ\u00e7\u00e3o brasileira de frangos e mel nesta segunda-feira (24). A inspe\u00e7\u00e3o avaliar\u00e1 os controles sobre o uso de antimicrobianos e ocorrer\u00e1 ap\u00f3s a retirada do Brasil da lista de fornecedores de carnes e<span class=\"more-link\"><a href=\"http:\/\/diadianews.com\/index.php\/2026\/08\/31\/fpa-analise-de-midia-de-24-a-31-08-2026\/\">Continue Reading<\/a><\/span><\/p>\n","protected":false},"author":1,"featured_media":8119,"comment_status":"closed","ping_status":"closed","sticky":false,"template":"","format":"standard","meta":{"footnotes":""},"categories":[1],"tags":[],"class_list":["entry","author-valdei","post-8118","post","type-post","status-publish","format-standard","has-post-thumbnail","category-news-do-dia"],"_links":{"self":[{"href":"http:\/\/diadianews.com\/index.php\/wp-json\/wp\/v2\/posts\/8118","targetHints":{"allow":["GET"]}}],"collection":[{"href":"http:\/\/diadianews.com\/index.php\/wp-json\/wp\/v2\/posts"}],"about":[{"href":"http:\/\/diadianews.com\/index.php\/wp-json\/wp\/v2\/types\/post"}],"author":[{"embeddable":true,"href":"http:\/\/diadianews.com\/index.php\/wp-json\/wp\/v2\/users\/1"}],"replies":[{"embeddable":true,"href":"http:\/\/diadianews.com\/index.php\/wp-json\/wp\/v2\/comments?post=8118"}],"version-history":[{"count":0,"href":"http:\/\/diadianews.com\/index.php\/wp-json\/wp\/v2\/posts\/8118\/revisions"}],"wp:featuredmedia":[{"embeddable":true,"href":"http:\/\/diadianews.com\/index.php\/wp-json\/wp\/v2\/media\/8119"}],"wp:attachment":[{"href":"http:\/\/diadianews.com\/index.php\/wp-json\/wp\/v2\/media?parent=8118"}],"wp:term":[{"taxonomy":"category","embeddable":true,"href":"http:\/\/diadianews.com\/index.php\/wp-json\/wp\/v2\/categories?post=8118"},{"taxonomy":"post_tag","embeddable":true,"href":"http:\/\/diadianews.com\/index.php\/wp-json\/wp\/v2\/tags?post=8118"}],"curies":[{"name":"wp","href":"https:\/\/api.w.org\/{rel}","templated":true}]}}