{"id":8120,"date":"2026-08-31T19:43:05","date_gmt":"2026-08-31T22:43:05","guid":{"rendered":"https:\/\/diadianews.com\/index.php\/2026\/08\/31\/arauco-conclui-roteiro-itinerante-do-programa-colheita-de-talentos-em-agua-clara-e-celebra-formatura-de-primeira-turma-em-tres-lagoas\/"},"modified":"2026-08-31T19:43:05","modified_gmt":"2026-08-31T22:43:05","slug":"arauco-conclui-roteiro-itinerante-do-programa-colheita-de-talentos-em-agua-clara-e-celebra-formatura-de-primeira-turma-em-tres-lagoas","status":"publish","type":"post","link":"http:\/\/diadianews.com\/index.php\/2026\/08\/31\/arauco-conclui-roteiro-itinerante-do-programa-colheita-de-talentos-em-agua-clara-e-celebra-formatura-de-primeira-turma-em-tres-lagoas\/","title":{"rendered":"Arauco conclui roteiro itinerante do programa Colheita de Talentos em \u00c1gua Clara e celebra formatura de primeira turma em Tr\u00eas Lagoas"},"content":{"rendered":"<div>\n<p class=\"wp-block-paragraph\"><em>Iniciativa encerra a rodada presencial de inscri\u00e7\u00f5es em seis munic\u00edpios de MS e marca a forma\u00e7\u00e3o dos primeiros mec\u00e2nicos qualificados para atuar no Projeto Sucuri\u00fa<\/em><\/p>\n<p class=\"wp-block-paragraph\">Formandos da primeira turma do programa Colheita de Talentos da Arauco. Fotos: Arauco<\/p>\n<p class=\"wp-block-paragraph\"><strong>Agosto de 2026<\/strong> \u2013 A Arauco entra na etapa final da mobiliza\u00e7\u00e3o regional do programa Colheita de Talentos, voltado \u00e0 qualifica\u00e7\u00e3o gratuita de operadores e mec\u00e2nicos de m\u00e1quinas florestais. <\/p>\n<p class=\"wp-block-paragraph\">Entre 1 e 3 de setembro, o munic\u00edpio de \u00c1gua Clara recebe a \u00faltima edi\u00e7\u00e3o do roteiro itineranteque, desde abril, vem apresentando o programa ao p\u00fablico e realizando as inscri\u00e7\u00f5es dos interessados. <\/p>\n<p class=\"wp-block-paragraph\">Antes, a iniciativa foi levada \u00e0s cidades de Tr\u00eas Lagoas, Parana\u00edba, Inoc\u00eancia, Aparecida do Taboado e Chapad\u00e3o do Sul. <\/p>\n<p class=\"wp-block-paragraph\">A a\u00e7\u00e3o coincide com outro marco do programa: a formatura, nesta sexta, 28, da primeira turma de mec\u00e2nicos de m\u00e1quinas e equipamentos florestais. <\/p>\n<p class=\"wp-block-paragraph\">Dos 20 diplomados na primeira turma, 17 j\u00e1 est\u00e3o com contrata\u00e7\u00e3o garantida para atuar na colheita de madeira de eucalipto que abastecer\u00e1 a futura f\u00e1brica de celulose da Arauco em Inoc\u00eancia (MS), o Projeto Sucuri\u00fa.<\/p>\n<p class=\"wp-block-paragraph\">Com a meta de qualificar cerca de 700 profissionais na regi\u00e3o at\u00e9 dezembro de 2027, o programa oferece bolsa-aux\u00edlio mensal de R$ 1.500,00 durante o per\u00edodo de curso e prioriza a contrata\u00e7\u00e3o de moradores locais. <\/p>\n<p class=\"wp-block-paragraph\">A viabiliza\u00e7\u00e3o da iniciativa conta com as parcerias do Senai\/MS, Evoluir RH, John Deere e Komatsu. Os cursos t\u00eam dura\u00e7\u00e3o de dois meses e combinam aulas te\u00f3ricas e pr\u00e1ticas intensivos para garantir a prepara\u00e7\u00e3o completa dos alunos para as rotinas operacionais no campo.<\/p>\n<p class=\"wp-block-paragraph\">Explana\u00e7\u00e3o sobre a iniciativa, na etapa de Chapad\u00e3o do Sul. Foto: Arauco<\/p>\n<p class=\"wp-block-paragraph\">Segundo a coordenadora de Gest\u00e3o de Pessoas Florestal da Arauco, Julene Dal Libero Taniguchi, o alto \u00edndice de aproveitamento reflete o sucesso da iniciativa no Estado. \u201cVer esses primeiros alunos formados pelo Senai, ap\u00f3s dois meses de dedica\u00e7\u00e3o entre aulas te\u00f3ricas e pr\u00e1ticas, confirma que nosso prop\u00f3sito vai al\u00e9m de suprir uma demanda operacional. <\/p>\n<p class=\"wp-block-paragraph\">O fato de que a grande maioria da turma j\u00e1 ingressa diretamente no nosso time de colaboradores demonstra a efetividade dessa prepara\u00e7\u00e3o e consolida nossa miss\u00e3o de gerar autonomia, renda e desenvolvimento profissional nas comunidades que nos acolhem\u201d.<\/p>\n<p class=\"wp-block-paragraph\">Julene complementa detalhando o cronograma cont\u00ednuo de forma\u00e7\u00f5es. \u201cJ\u00e1 em agosto demos in\u00edcio a mais duas turmas de mec\u00e2nicos e, mantendo esse ritmo de capacita\u00e7\u00e3o, preparamos para setembro a chegada da primeira turma de operadores de m\u00e1quinas florestais, que vai reunir 70 novos alunos\u201d.<\/p>\n<p class=\"wp-block-paragraph\">Durante a cerim\u00f4nia de formatura, no Senai de Tr\u00eas Lagoas, os concluintes da primeira turma compartilharam a trajet\u00f3ria de aprendizado e as perspectivas com a nova qualifica\u00e7\u00e3o.<\/p>\n<p class=\"wp-block-paragraph\">Para o novo mec\u00e2nico florestal Vitor Augusto Ramos Ribeiro, de 24 anos, a conquista representa o in\u00edcio de um percurso profissional promissor e a supera\u00e7\u00e3o de desafios iniciais: \u201cSinto muito orgulho por ter conclu\u00eddo todas as etapas com sucesso. Quando iniciamos o curso, tudo era muito novo para mim, mas, por meio da Arauco, pude conhecer a fundo a \u00e1rea em que vou atuar. Minhas expectativas no campo s\u00e3o absorver o m\u00e1ximo de conhecimento para construir uma carreira exemplar e, no futuro, estar capacitado para ensinar outros mec\u00e2nicos. O apoio da bolsa-aux\u00edlio e a estrutura do programa mostram o quanto a Arauco preza por cada trabalhador. Para quem tem algum receio ou d\u00favida, meu conselho \u00e9 n\u00e3o perder essa oportunidade: siga em frente, que no come\u00e7o pode n\u00e3o ser f\u00e1cil, mas depois tudo se encaixa.\u201d<\/p>\n<p class=\"wp-block-paragraph\">A formanda Nath\u00e1lia Oliveira Alves de Paula, de 30 anos, destaca o impacto da forma\u00e7\u00e3o para a inclus\u00e3o de mulheres no setor e refor\u00e7a o incentivo para que mais profissionais busquem o espa\u00e7o no mercado florestal: \u201cA abertura para a contrata\u00e7\u00e3o feminina no setor florestal \u00e9 fundamental para criar novas oportunidades para as mulheres em qualquer cargo, demonstrando que podemos desempenhar qualquer atividade com excel\u00eancia. O curso prova que a \u00e1rea n\u00e3o \u00e9 voltada apenas para quem j\u00e1 entende de manuten\u00e7\u00e3o, mas para qualquer pessoa com vontade de aprender. O setor hoje \u00e9 pautado pela sustentabilidade e exige precis\u00e3o, dedica\u00e7\u00e3o e vis\u00e3o estrat\u00e9gica \u2014 atitudes e compet\u00eancias que n\u00e3o t\u00eam g\u00eanero. Minha motiva\u00e7\u00e3o \u00e9 aplicar essa experi\u00eancia, trabalhar com foco na seguran\u00e7a e na evolu\u00e7\u00e3o cont\u00ednua. Deixem o receio de lado e venham seguir firmes nesta carreira transformadora.\u201d<\/p>\n<p class=\"wp-block-paragraph\">Mesmo com o encerramento da etapa presencial de atendimento nos munic\u00edpios, o processo cont\u00ednuo de atra\u00e7\u00e3o de profissionais segue ativo. Os interessados em integrar as pr\u00f3ximas turmas do Colheita de Talentos podem acompanhar as redes sociais da <a href=\"https:\/\/www.linkedin.com\/company\/araucobrasil\/posts\/?feedView=all\">Arauco<\/a> e do <a href=\"https:\/\/www.instagram.com\/projetosucuriu\/\">Projeto Sucuri\u00fa<\/a>, onde ser\u00e3o divulgados novos prazos e chamadas para os cursos de capacita\u00e7\u00e3o.<\/p>\n<p class=\"wp-block-paragraph\">Para quem tem interesse em participar, mas n\u00e3o conseguiu comparecer \u00e0s etapas presenciais da regi\u00e3o, as inscri\u00e7\u00f5es para o programa de forma\u00e7\u00e3o e o cadastramento de curr\u00edculos continuam dispon\u00edveis pelo link: <a href=\"https:\/\/short-url.cc\/1xg4C\" target=\"_blank\" rel=\"noopener\">https:\/\/short-url.cc\/1xg4C<\/a><\/p>\n<p class=\"wp-block-paragraph\">As informa\u00e7\u00f5es tamb\u00e9m podem ser acompanhadas no <a href=\"https:\/\/www.linkedin.com\/company\/araucobrasil\/posts\/?feedView=all\">LinkedIn da Arauco<\/a> e no <a href=\"https:\/\/www.instagram.com\/projetosucuriu\/\">Instagram do Projeto Sucuri\u00fa<\/a>.<\/p>\n<p class=\"wp-block-paragraph\"><strong>Servi\u00e7o<\/strong><\/p>\n<p class=\"wp-block-paragraph\"><strong>Colheita de Talentos Arauco \u2013 Inscri\u00e7\u00f5es presenciais em \u00c1gua Clara<\/strong><\/p>\n<p class=\"wp-block-paragraph\"><strong>Local:<\/strong> Centro de Eventos (Avenida Benevenuto Ottoni, n\u00ba 372, Centro)<\/p>\n<p class=\"wp-block-paragraph\"><strong>Hor\u00e1rios:<\/strong>das 18h30 \u00e0s 19h30 e das 20h30 \u00e0s 21h30<\/p>\n<p class=\"wp-block-paragraph\"><strong>Datas:<\/strong> 1, 2 e 3 de setembro<\/p>\n<p class=\"wp-block-paragraph\"><strong>Sobre o Projeto Sucuri\u00fa<\/strong><\/p>\n<p class=\"wp-block-paragraph\">O Projeto Sucuri\u00fa marca a entrada da divis\u00e3o de celulose da Arauco no Brasil. O investimento de US$4.6 bilh\u00f5es inclui a constru\u00e7\u00e3o de uma planta com capacidade de produ\u00e7\u00e3o de 3,5 milh\u00f5es de toneladas de fibra curta de celulose\/ano. <\/p>\n<p class=\"wp-block-paragraph\">Est\u00e1 localizado em uma \u00e1rea de 3.500 hectares, a 50 quil\u00f4metros do centro da cidade de Inoc\u00eancia (MS) e ao lado do Rio Sucuri\u00fa. A etapa de terraplanagem come\u00e7ou em 2024 e a previs\u00e3o de entrada em opera\u00e7\u00e3o \u00e9 no final de 2027.<\/p>\n<p class=\"wp-block-paragraph\">Em todas as fases de desenvolvimento do Projeto, e de maneira cont\u00ednua, monitora e respeita a biodiversidade local, identificando esp\u00e9cies de flora e fauna nativas da regi\u00e3o, al\u00e9m de fazer o mapeamento das \u00e1reas priorit\u00e1rias para conserva\u00e7\u00e3o.<\/p>\n<p class=\"wp-block-paragraph\">Durante as obras, a Arauco vai oferecer capacita\u00e7\u00e3o e gerar mais de 14 mil oportunidades de trabalho. Depois do start up, o Projeto Sucuri\u00fa empregar\u00e1 cerca de 6 mil pessoas nas unidades Industrial, Florestal e opera\u00e7\u00f5es de log\u00edstica. <\/p>\n<p class=\"wp-block-paragraph\">O prop\u00f3sito \u00e9 impulsionar o desenvolvimento social e econ\u00f4mico para toda regi\u00e3o, fomentando um aumento na gera\u00e7\u00e3o de renda e na arrecada\u00e7\u00e3o de impostos, al\u00e9m de contribuir para atrair investimentos.<\/p>\n<p class=\"wp-block-paragraph\"><strong>Sobre a Arauco Brasil<\/strong><\/p>\n<p class=\"wp-block-paragraph\">No pa\u00eds desde 2002, a Arauco atua nos segmentos Florestal e de Madeiras com o prop\u00f3sito de, a partir da natureza e de fontes renov\u00e1veis, contribuir com as pessoas e o planeta. Emprega 3.500 colaboradores e conta com cinco unidades industriais brasileiras.<\/p>\n<p class=\"wp-block-paragraph\">As plantas est\u00e3o distribu\u00eddas entre a produ\u00e7\u00e3o de pain\u00e9is, em tr\u00eas f\u00e1bricas localizadas nas cidades de Jaguaria\u00edva (PR), Ponta Grossa (PR) e Montenegro (RS); pain\u00e9is e molduras, na planta localizada em Pi\u00ean (PR); resinas e qu\u00edmicos, na unidade de Arauc\u00e1ria (PR); e, em 2027, a companhia prepara-se para inaugurar sua primeira f\u00e1brica de celulose branqueada em Inoc\u00eancia (MS).<\/p>\n<p class=\"wp-block-paragraph\">Todas as florestas de eucalipto plantadas pela Arauco no Brasil s\u00e3o certificadas pelo FSC\u00ae (Forest StewardshipCouncil\u00ae), que reconhece o manejo florestal ambientalmente adequado, socialmente ben\u00e9fico e economicamente vi\u00e1vel. <\/p>\n<p class=\"wp-block-paragraph\">A companhia tamb\u00e9m conta com certifica\u00e7\u00f5es FSC relacionadas \u00e0 Cadeia de Cust\u00f3dia, Madeira Controlada, opera\u00e7\u00e3o Multisite e uso da marca, que abrangem a rastreabilidade da madeira utilizada na produ\u00e7\u00e3o de pain\u00e9is, inclusive a adquirida de terceiros. <\/p>\n<p class=\"wp-block-paragraph\">Os pain\u00e9is tamb\u00e9m atendem \u00e0 certifica\u00e7\u00e3o CARB, relacionada aos baixos n\u00edveis de emiss\u00e3o de formalde\u00eddo.<\/p>\n<p class=\"wp-block-paragraph\"><strong>Mais informa\u00e7\u00f5es \u00e0 imprensa:<\/strong><\/p>\n<p class=\"wp-block-paragraph\"><strong>COR COMUNICA\u00c7\u00c3O\u00a0<\/strong><\/p>\n<p class=\"wp-block-paragraph\"><strong>S\u00e3o Paulo<\/strong><\/p>\n<p class=\"wp-block-paragraph\">Neila Carvalho:\u00a0<a href=\"mailto:neilacarvalho@corcomunica.com.br\">neilacarvalho@corcomunica.com.br<\/a> | +55 (11) 99916-5094<\/p>\n<p class=\"wp-block-paragraph\">Gleison Rezende: <a href=\"mailto:gleisonrezende@corcomunica.com.br\">gleisonrezende@corcomunica.com.br<\/a>|\u00a0 +55 (71) 99733-8883<\/p>\n<p class=\"wp-block-paragraph\"><strong>Mato Grosso do Sul<\/strong><\/p>\n<p class=\"wp-block-paragraph\">Evelise Couto: <a href=\"mailto:evelisecouto@corcomunica.com.br\">evelisecouto@corcomunica.com.br<\/a> | +55 (67) 9260-0352<\/p>\n<p class=\"wp-block-paragraph\">Gabrielli Pinha:\u00a0\u00a0<a href=\"mailto:gabriellipinha@corcomunica.com.br\">gabriellipinha@corcomunica.com.br<\/a>\u00a0| +55 (18) 99669-3445<\/p>\n<figure class=\"wp-block-image size-large\"><img loading=\"lazy\" decoding=\"async\" width=\"768\" height=\"1024\" src=\"https:\/\/jornaldiadia.com.br\/wp-content\/uploads\/image-9758-768x1024.webp\" alt=\"\" class=\"wp-image-83886\" srcset=\"https:\/\/jornaldiadia.com.br\/wp-content\/uploads\/image-9758-768x1024.webp 768w, https:\/\/jornaldiadia.com.br\/wp-content\/uploads\/image-9758-225x300.webp 225w, https:\/\/jornaldiadia.com.br\/wp-content\/uploads\/image-9758-1152x1536.webp 1152w, https:\/\/jornaldiadia.com.br\/wp-content\/uploads\/image-9758-413x550.webp 413w, https:\/\/jornaldiadia.com.br\/wp-content\/uploads\/image-9758-375x500.webp 375w, https:\/\/jornaldiadia.com.br\/wp-content\/uploads\/image-9758.webp 1200w\" sizes=\"auto, (max-width: 768px) 100vw, 768px\"><\/figure>\n<figure class=\"wp-block-image size-full\"><img loading=\"lazy\" decoding=\"async\" width=\"555\" height=\"677\" src=\"https:\/\/jornaldiadia.com.br\/wp-content\/uploads\/image-9759.webp\" alt=\"\" class=\"wp-image-83887\" srcset=\"https:\/\/jornaldiadia.com.br\/wp-content\/uploads\/image-9759.webp 555w, https:\/\/jornaldiadia.com.br\/wp-content\/uploads\/image-9759-246x300.webp 246w, https:\/\/jornaldiadia.com.br\/wp-content\/uploads\/image-9759-451x550.webp 451w, https:\/\/jornaldiadia.com.br\/wp-content\/uploads\/image-9759-410x500.webp 410w\" sizes=\"auto, (max-width: 555px) 100vw, 555px\"><\/figure>\n<figure class=\"wp-block-image size-large\"><img loading=\"lazy\" decoding=\"async\" width=\"1024\" height=\"575\" src=\"https:\/\/jornaldiadia.com.br\/wp-content\/uploads\/image-9760-1024x575.webp\" alt=\"\" class=\"wp-image-83888\" srcset=\"https:\/\/jornaldiadia.com.br\/wp-content\/uploads\/image-9760-1024x575.webp 1024w, https:\/\/jornaldiadia.com.br\/wp-content\/uploads\/image-9760-300x169.webp 300w, https:\/\/jornaldiadia.com.br\/wp-content\/uploads\/image-9760-768x432.webp 768w, https:\/\/jornaldiadia.com.br\/wp-content\/uploads\/image-9760-1536x863.webp 1536w, https:\/\/jornaldiadia.com.br\/wp-content\/uploads\/image-9760-465x261.webp 465w, https:\/\/jornaldiadia.com.br\/wp-content\/uploads\/image-9760-695x391.webp 695w, https:\/\/jornaldiadia.com.br\/wp-content\/uploads\/image-9760.webp 1600w\" sizes=\"auto, (max-width: 1024px) 100vw, 1024px\"><\/figure>\n<figure class=\"wp-block-image size-large\"><img loading=\"lazy\" decoding=\"async\" width=\"1024\" height=\"612\" src=\"https:\/\/jornaldiadia.com.br\/wp-content\/uploads\/image-9761-1024x612.webp\" alt=\"\" class=\"wp-image-83889\" srcset=\"https:\/\/jornaldiadia.com.br\/wp-content\/uploads\/image-9761-1024x612.webp 1024w, https:\/\/jornaldiadia.com.br\/wp-content\/uploads\/image-9761-300x179.webp 300w, https:\/\/jornaldiadia.com.br\/wp-content\/uploads\/image-9761-768x459.webp 768w, https:\/\/jornaldiadia.com.br\/wp-content\/uploads\/image-9761-1536x919.webp 1536w, https:\/\/jornaldiadia.com.br\/wp-content\/uploads\/image-9761-465x278.webp 465w, https:\/\/jornaldiadia.com.br\/wp-content\/uploads\/image-9761-695x416.webp 695w, https:\/\/jornaldiadia.com.br\/wp-content\/uploads\/image-9761.webp 1600w\" sizes=\"auto, (max-width: 1024px) 100vw, 1024px\"><\/figure>\n<p><!-- bloco-portais-jbr --><\/p>\n<div class=\"box-portais-jbr\" style=\"border:1px solid #e0e0e0;padding:16px 18px;margin:24px 0;border-radius:8px;background:#f9f9f9;font-size:0.95rem;\">\n<p style=\"margin:0 0 10px 0;font-weight:600;\">\n        Continue sempre bem informado acessando nossos portais:\n    <\/p>\n<ul style=\"margin:0;padding-left:20px;\">\n<li style=\"margin-bottom:8px;\">\n            <strong><a href=\"https:\/\/jornaldiadia.com.br\/\" target=\"_blank\" rel=\"noopener\" style=\"text-decoration:none;\">Jornal Dia Dia<\/a><\/strong> \u2013<br \/>\n            Sua fonte confi\u00e1vel para as melhores not\u00edcias e artigos \u00fateis. Fique por dentro dos acontecimentos mais importantes, dicas pr\u00e1ticas e conte\u00fados de qualidade.\n        <\/li>\n<li style=\"margin-bottom:8px;\">\n            <strong><a href=\"https:\/\/jbr.jor.br\/\" target=\"_blank\" rel=\"noopener\" style=\"text-decoration:none;\">Jornal Brasil Regional (JBR)<\/a><\/strong> \u2013<br \/>\n            O pulso do pa\u00eds em tempo real. Not\u00edcias nacionais, regionais e internacionais com \u00e9tica e credibilidade.\n        <\/li>\n<li style=\"margin-bottom:8px;\">\n            <strong><a href=\"https:\/\/castilho.jor.br\/\" target=\"_blank\" rel=\"noopener\" style=\"text-decoration:none;\">Castilho Not\u00edcias (News)<\/a><\/strong> \u2013<br \/>\n            O seu di\u00e1rio local com cobertura de Castilho e Regi\u00e3o (SP). Jornalismo com credibilidade.\n        <\/li>\n<li style=\"margin-bottom:8px;\">\n            <strong><a href=\"https:\/\/casaejardim.net.br\/\" target=\"_blank\" rel=\"noopener\" style=\"text-decoration:none;\">Casa e Jardim<\/a><\/strong> \u2013<br \/>\n            Dicas exclusivas sobre decora\u00e7\u00e3o, jardinagem, arquitetura, DIY, reformas e muito mais. Tend\u00eancias, solu\u00e7\u00f5es pr\u00e1ticas e ideias criativas para todos os estilos e or\u00e7amentos.\n        <\/li>\n<li style=\"margin-bottom:0;\">\n            <strong><a href=\"https:\/\/b10.net.br\/\" target=\"_blank\" rel=\"noopener\" style=\"text-decoration:none;\">B10 Brasil<\/a><\/strong> \u2013<br \/>\n            As principais not\u00edcias, an\u00e1lises e insights sobre neg\u00f3cios, economia e soberania nacional. Conectando o Brasil ao mundo com intelig\u00eancia e estrat\u00e9gia.\n        <\/li>\n<\/ul>\n<\/div>\n<p><!-- \/bloco-portais-jbr --><\/div>\n","protected":false},"excerpt":{"rendered":"<p>Iniciativa encerra a rodada presencial de inscri\u00e7\u00f5es em seis munic\u00edpios de MS e marca a forma\u00e7\u00e3o dos primeiros mec\u00e2nicos qualificados para atuar no Projeto Sucuri\u00fa Formandos da primeira turma do programa Colheita de Talentos da Arauco. Fotos: Arauco Agosto de 2026 \u2013 A Arauco entra na etapa final da mobiliza\u00e7\u00e3o<span class=\"more-link\"><a href=\"http:\/\/diadianews.com\/index.php\/2026\/08\/31\/arauco-conclui-roteiro-itinerante-do-programa-colheita-de-talentos-em-agua-clara-e-celebra-formatura-de-primeira-turma-em-tres-lagoas\/\">Continue Reading<\/a><\/span><\/p>\n","protected":false},"author":1,"featured_media":8121,"comment_status":"closed","ping_status":"closed","sticky":false,"template":"","format":"standard","meta":{"footnotes":""},"categories":[1],"tags":[],"class_list":["entry","author-valdei","post-8120","post","type-post","status-publish","format-standard","has-post-thumbnail","category-news-do-dia"],"_links":{"self":[{"href":"http:\/\/diadianews.com\/index.php\/wp-json\/wp\/v2\/posts\/8120","targetHints":{"allow":["GET"]}}],"collection":[{"href":"http:\/\/diadianews.com\/index.php\/wp-json\/wp\/v2\/posts"}],"about":[{"href":"http:\/\/diadianews.com\/index.php\/wp-json\/wp\/v2\/types\/post"}],"author":[{"embeddable":true,"href":"http:\/\/diadianews.com\/index.php\/wp-json\/wp\/v2\/users\/1"}],"replies":[{"embeddable":true,"href":"http:\/\/diadianews.com\/index.php\/wp-json\/wp\/v2\/comments?post=8120"}],"version-history":[{"count":0,"href":"http:\/\/diadianews.com\/index.php\/wp-json\/wp\/v2\/posts\/8120\/revisions"}],"wp:featuredmedia":[{"embeddable":true,"href":"http:\/\/diadianews.com\/index.php\/wp-json\/wp\/v2\/media\/8121"}],"wp:attachment":[{"href":"http:\/\/diadianews.com\/index.php\/wp-json\/wp\/v2\/media?parent=8120"}],"wp:term":[{"taxonomy":"category","embeddable":true,"href":"http:\/\/diadianews.com\/index.php\/wp-json\/wp\/v2\/categories?post=8120"},{"taxonomy":"post_tag","embeddable":true,"href":"http:\/\/diadianews.com\/index.php\/wp-json\/wp\/v2\/tags?post=8120"}],"curies":[{"name":"wp","href":"https:\/\/api.w.org\/{rel}","templated":true}]}}