{"id":8158,"date":"2026-09-01T11:18:29","date_gmt":"2026-09-01T14:18:29","guid":{"rendered":"https:\/\/diadianews.com\/index.php\/2026\/09\/01\/diretoria-da-amamsul-estreia-projeto-magistratura-vai-a-escola-em-campo-grande\/"},"modified":"2026-09-01T11:18:29","modified_gmt":"2026-09-01T14:18:29","slug":"diretoria-da-amamsul-estreia-projeto-magistratura-vai-a-escola-em-campo-grande","status":"publish","type":"post","link":"http:\/\/diadianews.com\/index.php\/2026\/09\/01\/diretoria-da-amamsul-estreia-projeto-magistratura-vai-a-escola-em-campo-grande\/","title":{"rendered":"Diretoria da Amamsul estreia projeto Magistratura Vai \u00e0 Escola em Campo Grande"},"content":{"rendered":"<div>\n<p class=\"wp-block-paragraph\">A diretoria da Amamsul realizou, nesta segunda-feira (31), a primeira atividade do projeto Magistratura Vai \u00e0 Escola, iniciativa que aproxima ju\u00edzes e desembargadores de estudantes, professores e equipes pedag\u00f3gicas da rede estadual de ensino. \u201cNesta a\u00e7\u00e3o, o diferencial \u00e9 ouvir os adolescentes e jovens e tirar as suas d\u00favidas. N\u00e3o \u00e9 fazer uma palestra\u201d, explicou o presidente da Amamsul, juiz M\u00e1rio Jos\u00e9 Esbalqueiro J\u00fanior.<\/p>\n<p class=\"wp-block-paragraph\">A estreia foi na Escola Estadual Professora Delmira Ramos de Oliveira, no Bairro Coophavila, em Campo Grande. Representando a diretoria da Amamsul, juiz M\u00e1rio Jos\u00e9 Esbalqueiro J\u00fanior, conversou com alunos e profissionais da escola sobre cidadania, direitos, deveres, educa\u00e7\u00e3o e as consequ\u00eancias jur\u00eddicas de determinadas escolhas e condutas. \u00a0\u201cO Magistratura Vai \u00e0 Escola pretende aproximar o Poder Judici\u00e1rio da comunidade escolar e criar um espa\u00e7o de conversa direta que pode influenciar positivamente o futuro dos adolescentes.\u201d<\/p>\n<p class=\"wp-block-paragraph\">A diretora da escola, Gigliola Aparecida Penazzo Vinci, agradeceu a presen\u00e7a do juiz e destacou a receptividade do encontro. Segundo ela, a comunidade escolar se sentiu muito acolhida com a visita. \u201cEles se sentiram muito acolhidos.\u201d<\/p>\n<p class=\"wp-block-paragraph\">Durante a conversa, professores apresentaram situa\u00e7\u00f5es enfrentadas no cotidiano escolar. Entre elas, relataram casos de alunos que permanecem semanas sem frequentar as aulas, muitas vezes sem uma interven\u00e7\u00e3o efetiva dos respons\u00e1veis, e questionaram quais consequ\u00eancias essa situa\u00e7\u00e3o pode produzir do ponto de vista jur\u00eddico.<\/p>\n<p class=\"wp-block-paragraph\">O magistrado M\u00e1rio Esbalqueiro explicou que a educa\u00e7\u00e3o b\u00e1sica \u00e9 obrigat\u00f3ria e que pais ou respons\u00e1veis possuem o dever de garantir a frequ\u00eancia escolar dos filhos. Dependendo das circunst\u00e2ncias e da persist\u00eancia da omiss\u00e3o, a situa\u00e7\u00e3o pode exigir a atua\u00e7\u00e3o da rede de prote\u00e7\u00e3o e gerar repercuss\u00f5es jur\u00eddicas. \u201cAbandono\u201d, destacou.\u00a0<\/p>\n<p class=\"wp-block-paragraph\">O encontro tamb\u00e9m abriu espa\u00e7o para que os estudantes conhecessem melhor o funcionamento da Justi\u00e7a e a profiss\u00e3o de magistrado, al\u00e9m de receberem orienta\u00e7\u00f5es sobre responsabilidade, conviv\u00eancia social e a import\u00e2ncia das escolhas feitas durante a adolesc\u00eancia.<\/p>\n<p class=\"wp-block-paragraph\">Nesta ter\u00e7a-feira (1\u00ba), o projeto ter\u00e1 continuidade com a participa\u00e7\u00e3o do juiz Jorge Tadashi Kuramoto, que estar\u00e1, \u00e0s 10h, na EE Padre M\u00e1rio Blandino, no bairro Aero Rancho, em Campo Grande.<\/p>\n<p class=\"wp-block-paragraph\">At\u00e9 o fim do per\u00edodo letivo, respeitando o calend\u00e1rio escolar e evitando datas pr\u00f3ximas \u00e0s avalia\u00e7\u00f5es, magistrados da Amamsul visitar\u00e3o outras escolas estaduais. \u201cNesta primeira etapa, ser\u00e3o atendidas institui\u00e7\u00f5es de ensino que j\u00e1 mant\u00eam contato com iniciativas sociais desenvolvidas pelo Judici\u00e1rio por meio de projetos ligados ao Centro Penal Agroindustrial da Gameleira\u201d, explicou o presidente da Amamsul.<\/p>\n<p class=\"wp-block-paragraph\">fotos: Divulga\u00e7\u00e3o<\/p>\n<figure class=\"wp-block-image size-large\"><img loading=\"lazy\" decoding=\"async\" width=\"768\" height=\"1024\" src=\"https:\/\/jornaldiadia.com.br\/wp-content\/uploads\/image-9762-768x1024.webp\" alt=\"\" class=\"wp-image-83946\" srcset=\"https:\/\/jornaldiadia.com.br\/wp-content\/uploads\/image-9762-768x1024.webp 768w, https:\/\/jornaldiadia.com.br\/wp-content\/uploads\/image-9762-225x300.webp 225w, https:\/\/jornaldiadia.com.br\/wp-content\/uploads\/image-9762-413x550.webp 413w, https:\/\/jornaldiadia.com.br\/wp-content\/uploads\/image-9762-375x500.webp 375w, https:\/\/jornaldiadia.com.br\/wp-content\/uploads\/image-9762.webp 810w\" sizes=\"auto, (max-width: 768px) 100vw, 768px\"><\/figure>\n<figure class=\"wp-block-image size-large\"><img loading=\"lazy\" decoding=\"async\" width=\"696\" height=\"1024\" src=\"https:\/\/jornaldiadia.com.br\/wp-content\/uploads\/image-9763-696x1024.webp\" alt=\"\" class=\"wp-image-83947\" srcset=\"https:\/\/jornaldiadia.com.br\/wp-content\/uploads\/image-9763-696x1024.webp 696w, https:\/\/jornaldiadia.com.br\/wp-content\/uploads\/image-9763-204x300.webp 204w, https:\/\/jornaldiadia.com.br\/wp-content\/uploads\/image-9763-374x550.webp 374w, https:\/\/jornaldiadia.com.br\/wp-content\/uploads\/image-9763-340x500.webp 340w, https:\/\/jornaldiadia.com.br\/wp-content\/uploads\/image-9763.webp 734w\" sizes=\"auto, (max-width: 696px) 100vw, 696px\"><\/figure>\n<figure class=\"wp-block-image size-large\"><\/figure>\n<p class=\"wp-block-paragraph\">Neiba Ota<\/p>\n<p><!-- bloco-portais-jbr --><\/p>\n<div class=\"box-portais-jbr\" style=\"border:1px solid #e0e0e0;padding:16px 18px;margin:24px 0;border-radius:8px;background:#f9f9f9;font-size:0.95rem;\">\n<p style=\"margin:0 0 10px 0;font-weight:600;\">\n        Continue sempre bem informado acessando nossos portais:\n    <\/p>\n<ul style=\"margin:0;padding-left:20px;\">\n<li style=\"margin-bottom:8px;\">\n            <strong><a href=\"https:\/\/jornaldiadia.com.br\/\" target=\"_blank\" rel=\"noopener\" style=\"text-decoration:none;\">Jornal Dia Dia<\/a><\/strong> \u2013<br \/>\n            Sua fonte confi\u00e1vel para as melhores not\u00edcias e artigos \u00fateis. Fique por dentro dos acontecimentos mais importantes, dicas pr\u00e1ticas e conte\u00fados de qualidade.\n        <\/li>\n<li style=\"margin-bottom:8px;\">\n            <strong><a href=\"https:\/\/jbr.jor.br\/\" target=\"_blank\" rel=\"noopener\" style=\"text-decoration:none;\">Jornal Brasil Regional (JBR)<\/a><\/strong> \u2013<br \/>\n            O pulso do pa\u00eds em tempo real. Not\u00edcias nacionais, regionais e internacionais com \u00e9tica e credibilidade.\n        <\/li>\n<li style=\"margin-bottom:8px;\">\n            <strong><a href=\"https:\/\/castilho.jor.br\/\" target=\"_blank\" rel=\"noopener\" style=\"text-decoration:none;\">Castilho Not\u00edcias (News)<\/a><\/strong> \u2013<br \/>\n            O seu di\u00e1rio local com cobertura de Castilho e Regi\u00e3o (SP). Jornalismo com credibilidade.\n        <\/li>\n<li style=\"margin-bottom:8px;\">\n            <strong><a href=\"https:\/\/casaejardim.net.br\/\" target=\"_blank\" rel=\"noopener\" style=\"text-decoration:none;\">Casa e Jardim<\/a><\/strong> \u2013<br \/>\n            Dicas exclusivas sobre decora\u00e7\u00e3o, jardinagem, arquitetura, DIY, reformas e muito mais. Tend\u00eancias, solu\u00e7\u00f5es pr\u00e1ticas e ideias criativas para todos os estilos e or\u00e7amentos.\n        <\/li>\n<li style=\"margin-bottom:0;\">\n            <strong><a href=\"https:\/\/b10.net.br\/\" target=\"_blank\" rel=\"noopener\" style=\"text-decoration:none;\">B10 Brasil<\/a><\/strong> \u2013<br \/>\n            As principais not\u00edcias, an\u00e1lises e insights sobre neg\u00f3cios, economia e soberania nacional. Conectando o Brasil ao mundo com intelig\u00eancia e estrat\u00e9gia.\n        <\/li>\n<\/ul>\n<\/div>\n<p><!-- \/bloco-portais-jbr --><\/div>\n","protected":false},"excerpt":{"rendered":"<p>A diretoria da Amamsul realizou, nesta segunda-feira (31), a primeira atividade do projeto Magistratura Vai \u00e0 Escola, iniciativa que aproxima ju\u00edzes e desembargadores de estudantes, professores e equipes pedag\u00f3gicas da rede estadual de ensino. \u201cNesta a\u00e7\u00e3o, o diferencial \u00e9 ouvir os adolescentes e jovens e tirar as suas d\u00favidas. N\u00e3o<span class=\"more-link\"><a href=\"http:\/\/diadianews.com\/index.php\/2026\/09\/01\/diretoria-da-amamsul-estreia-projeto-magistratura-vai-a-escola-em-campo-grande\/\">Continue Reading<\/a><\/span><\/p>\n","protected":false},"author":1,"featured_media":8159,"comment_status":"closed","ping_status":"closed","sticky":false,"template":"","format":"standard","meta":{"footnotes":""},"categories":[1],"tags":[],"class_list":["entry","author-valdei","post-8158","post","type-post","status-publish","format-standard","has-post-thumbnail","category-news-do-dia"],"_links":{"self":[{"href":"http:\/\/diadianews.com\/index.php\/wp-json\/wp\/v2\/posts\/8158","targetHints":{"allow":["GET"]}}],"collection":[{"href":"http:\/\/diadianews.com\/index.php\/wp-json\/wp\/v2\/posts"}],"about":[{"href":"http:\/\/diadianews.com\/index.php\/wp-json\/wp\/v2\/types\/post"}],"author":[{"embeddable":true,"href":"http:\/\/diadianews.com\/index.php\/wp-json\/wp\/v2\/users\/1"}],"replies":[{"embeddable":true,"href":"http:\/\/diadianews.com\/index.php\/wp-json\/wp\/v2\/comments?post=8158"}],"version-history":[{"count":0,"href":"http:\/\/diadianews.com\/index.php\/wp-json\/wp\/v2\/posts\/8158\/revisions"}],"wp:featuredmedia":[{"embeddable":true,"href":"http:\/\/diadianews.com\/index.php\/wp-json\/wp\/v2\/media\/8159"}],"wp:attachment":[{"href":"http:\/\/diadianews.com\/index.php\/wp-json\/wp\/v2\/media?parent=8158"}],"wp:term":[{"taxonomy":"category","embeddable":true,"href":"http:\/\/diadianews.com\/index.php\/wp-json\/wp\/v2\/categories?post=8158"},{"taxonomy":"post_tag","embeddable":true,"href":"http:\/\/diadianews.com\/index.php\/wp-json\/wp\/v2\/tags?post=8158"}],"curies":[{"name":"wp","href":"https:\/\/api.w.org\/{rel}","templated":true}]}}