{"id":8166,"date":"2026-09-01T11:23:59","date_gmt":"2026-09-01T14:23:59","guid":{"rendered":"https:\/\/diadianews.com\/index.php\/2026\/09\/01\/fiems-em-3-anos-sesi-e-senai-repassaram-r-157-milhoes-para-gestao-de-longen-revela-tcu\/"},"modified":"2026-09-01T11:23:59","modified_gmt":"2026-09-01T14:23:59","slug":"fiems-em-3-anos-sesi-e-senai-repassaram-r-157-milhoes-para-gestao-de-longen-revela-tcu","status":"publish","type":"post","link":"http:\/\/diadianews.com\/index.php\/2026\/09\/01\/fiems-em-3-anos-sesi-e-senai-repassaram-r-157-milhoes-para-gestao-de-longen-revela-tcu\/","title":{"rendered":"Fiems: em 3 anos, Sesi e Senai repassaram R$ 15,7 milh\u00f5es para gest\u00e3o de Longen, revela TCU"},"content":{"rendered":"<div>\n<p class=\"wp-block-paragraph\">Sistema S \u00e9 financiado com recursos de origem p\u00fablica, que podem chegar a R$ 60 milh\u00f5es este ano<\/p>\n<p class=\"wp-block-paragraph\">Gabriel Maymone \u2013 01\/09\/2026 \u2013 07:10 \u2013 S\u00e9rgio Longen, presidente da Fiems. (Madu Livramento, Midiamax)<\/p>\n<p class=\"wp-block-paragraph\">Manifesta\u00e7\u00e3o oficial do TCU (Tribunal de Contas da Uni\u00e3o) revela que o Sesi-MS (Servi\u00e7o Social da Ind\u00fastria em Mato Grosso do Sul) e o Senai-MS (Servi\u00e7o Nacional da Aprendizagem Industrial de MS) repassaram R$ 15.757.150,79 para a Fiems (Federa\u00e7\u00e3o das Ind\u00fastrias de MS) no per\u00edodo de 2023 a 2025.<\/p>\n<p class=\"wp-block-paragraph\">Os dados, enviados ap\u00f3s solicita\u00e7\u00e3o parlamentar, exp\u00f5em a dimens\u00e3o das fontes de receita que alimentam a entidade presidida por S\u00e9rgio Longen h\u00e1 quase duas d\u00e9cadas, justamente em um momento no qual sua gest\u00e3o <a href=\"https:\/\/midiamax.com.br\/politica\/transparencia\/2026\/cgu-mira-fiems-vai-investigar-denuncias-esquema-milionario-sob-gestao-sergio-longen\/\" target=\"_blank\" rel=\"noopener\">entra na mira da CGU (Controladoria-Geral da Uni\u00e3o) sobre suspeitas de fraudes em licita\u00e7\u00f5es e em contratos.<\/a><\/p>\n<p class=\"wp-block-paragraph\">Conforme o detalhamento do TCU, os repasses anuais \u00e0 federa\u00e7\u00e3o saltaram de R$ 4,5 milh\u00f5es em 2023 para R$ 5,8 milh\u00f5es em 2025. Esse dinheiro \u00e9 oriundo das \u201ccotas de administra\u00e7\u00e3o superior\u201d \u2014 repasses compuls\u00f3rios previstos em decretos federais, nos quais o Sesi transfere 7% de sua arrecada\u00e7\u00e3o e o Senai at\u00e9 1%, para manter a estrutura da federa\u00e7\u00e3o patronal.<\/p>\n<h2 class=\"wp-block-heading\">Dinheiro p\u00fablico abastece cofres da Fiems<\/h2>\n<p class=\"wp-block-paragraph\">Al\u00e9m das cotas do Sesi e do Senai, a Fiems \u00e9 abastecida pelos chamados recursos parafiscais, que s\u00e3o de natureza p\u00fablica, obtidos por meio de taxas cobradas compulsoriamente na folha de pagamento de empresas e recolhidas com o apoio da Receita Federal, com proje\u00e7\u00e3o de arrecadar cerca de R$ 60 milh\u00f5es este ano.<\/p>\n<p class=\"wp-block-paragraph\">Apesar de se tratar de dinheiro de origem tribut\u00e1ria e de interesse p\u00fablico, a Fiems n\u00e3o possui um Portal da Transpar\u00eancia para detalhar ou especificar como utiliza esses recursos.<\/p>\n<p class=\"wp-block-paragraph\">Para se ter uma ideia do montante movimentado pela entidade sob administra\u00e7\u00e3o de Longen, o portal de licita\u00e7\u00f5es da Fiems traz a informa\u00e7\u00e3o de que realizou mais de R$ 120 milh\u00f5es em compras nos \u00faltimos 12 meses.<\/p>\n<p class=\"wp-block-paragraph\">Dessa forma, a CGU passou a monitorar a entidade, e auditorias anteriores no Sesi-MS j\u00e1 haviam apontado gargalos e inconsist\u00eancias na aplica\u00e7\u00e3o dessas verbas, com o avan\u00e7o das den\u00fancias que envolvem a gest\u00e3o de S\u00e9rgio Longen.<\/p>\n<figure class=\"wp-block-image is-resized\"><img decoding=\"async\" src=\"https:\/\/cdn.midiamax.com.br\/wp-content\/uploads\/2025\/04\/Novo-Projeto-2025-04-27T210228.936-1024x576.webp\" alt=\"fiems\" class=\"wp-image-2021688\" style=\"aspect-ratio:1.7777777777777777;width:1024px;height:auto\"><figcaption class=\"wp-element-caption\">Sede da Fiems em <a href=\"https:\/\/midiamax.com.br\/municipios\/campo-grande\/\">Campo Grande<\/a>. (Reprodu\u00e7\u00e3o, Maps)<\/figcaption><\/figure>\n<h3 class=\"wp-block-heading\">Licita\u00e7\u00f5es de Longen na mira da CGU<\/h3>\n<p class=\"wp-block-paragraph\">O <strong>Jornal Midiamax<\/strong> publicou s\u00e9rie de reportagens com den\u00fancias de ex-funcion\u00e1rios e fornecedores, que afirmam existir uma <a href=\"https:\/\/midiamax.com.br\/politica\/transparencia\/2026\/diretoria-fiems-usa-suposta-empresa-laranja-contrato-milionario-sistema-s\/\" target=\"_blank\" rel=\"noopener\">rede de CNPJs controlados pela diretoria da entidade dos industri\u00e1rios para desviar milh\u00f5es em contratos com o Sistema S<\/a>, que recebe recursos parafiscais diretamente da Receita Federal.<\/p>\n<p class=\"wp-block-paragraph\">Segundo os relatos, o suposto esquema foi arquitetado para ganhar contratos de presta\u00e7\u00e3o de servi\u00e7os dif\u00edceis de serem conferidos depois, ampliando a margem para superfaturamentos e desvios.<\/p>\n<p class=\"wp-block-paragraph\">Em nota oficial, a CGU informou que usar\u00e1 as reportagens do <strong>Jornal Midiamax<\/strong> como subs\u00eddio para o planejamento de suas a\u00e7\u00f5es de controle em 2027, ressaltando sua compet\u00eancia para fiscalizar o uso final\u00edstico das verbas do Sistema S, por se tratar de recursos de natureza parafiscal, cuja inclus\u00e3o em auditorias futuras depender\u00e1 de crit\u00e9rios t\u00e9cnicos de prioriza\u00e7\u00e3o e da capacidade operacional da unidade regional em Mato Grosso do Sul.<\/p>\n<p class=\"wp-block-paragraph\">Em 2024, <a href=\"https:\/\/midiamax.com.br\/politica\/transparencia\/2024\/sesi-ms-apresenta-deficit-operacional-milionario-entre-2018-a-2022-aponta-cgu\/\" target=\"_blank\" rel=\"noopener\">auditoria da CGU exp\u00f4s rombo de R$ 24,7 milh\u00f5es nas contas do Sesi-MS<\/a> e alertou para diminui\u00e7\u00e3o de vagas gratuitas em cursos para a popula\u00e7\u00e3o.<\/p>\n<h2 class=\"wp-block-heading\">Atestado falso e relat\u00f3rio fr\u00e1gil<\/h2>\n<p class=\"wp-block-paragraph\">A partir das den\u00fancias, o n\u00facleo investigativo do <strong>Jornal MIdiamax<\/strong> chegou at\u00e9 um comerciante local que <a href=\"https:\/\/midiamax.com.br\/politica\/transparencia\/2026\/cnpj-ligado-diretores-usou-atestado-falso-licitacao-r-16-milhao-fiems-diz-denuncia\/\" target=\"_blank\" rel=\"noopener\">afirmou ter assinado um documento falso utilizado por um desses CNPJs para ganhar uma licita\u00e7\u00e3o milion\u00e1ria da Fiems<\/a>. Dessa forma, a Acto Solu\u00e7\u00f5es em Tecnologia (CNPJ 31.356.145\/0001-53) conquistou contrato com o Sistema S.<\/p>\n<p class=\"wp-block-paragraph\">A reportagem localizou, ainda, documentos p\u00fablicos revelando que um dos s\u00f3cios da Acto possui e-mail institucional da Fiems.<\/p>\n<p class=\"wp-block-paragraph\">O esquema, que utilizaria atestados de capacidade t\u00e9cnica falsos \u2014 usados para vencer licita\u00e7\u00f5es \u2014, n\u00e3o conseguia emplacar al\u00e9m dos limites controlados por Longen. Atestados emitidos pelo Sesi e Senai, usados pela Acto, foram rejeitados em uma licita\u00e7\u00e3o do Senar-MS (Servi\u00e7o Nacional de Aprendizagem Rural de MS).<\/p>\n<p class=\"wp-block-paragraph\">Desde o dia 1\u00ba de julho, a reportagem do <strong>Jornal Midiamax<\/strong> tenta obter o posicionamento oficial da Fiems, mas n\u00e3o houve retorno. A cada nova den\u00fancia de irregularidade, a reportagem busca esclarecimentos do Sistema S por meio de e-mails institucionais, assessoria de imprensa e jur\u00eddica e por telefonemas, mas sem sucesso.<\/p>\n<p class=\"wp-block-paragraph\">Como de praxe, a reportagem do <strong>Midiamax<\/strong> sempre busca o posicionamento de todos os lados.<\/p>\n<p class=\"wp-block-paragraph\">O espa\u00e7o segue aberto para manifesta\u00e7\u00f5es.<\/p>\n<h2 class=\"wp-block-heading\">Sabe de algo que o p\u00fablico precisa saber? Fala pro Midiamax!<\/h2>\n<p class=\"wp-block-paragraph\">Se voc\u00ea est\u00e1 por dentro de alguma informa\u00e7\u00e3o que acha importante o p\u00fablico saber, fale com\u00a0jornalistas do\u00a0<strong>Jornal Midiamax<\/strong>!<\/p>\n<p class=\"wp-block-paragraph\">E pode ficar tranquilo, porque n\u00f3s garantimos total sigilo da fonte, conforme a\u00a0<a href=\"http:\/\/www.planalto.gov.br\/ccivil_03\/constituicao\/constituicao.htm\" target=\"_blank\" rel=\"noopener\">Constitui\u00e7\u00e3o Brasileira<\/a>.<\/p>\n<blockquote class=\"wp-block-quote is-layout-flow wp-block-quote-is-layout-flow\">\n<p class=\"wp-block-paragraph\"><strong>Fala Povo<\/strong>: O leitor pode falar direto no\u00a0<a href=\"https:\/\/midiamax.com.br\/tag\/whatsapp\">WhatsApp<\/a>\u00a0do\u00a0<strong>Jornal Midiamax<\/strong>\u00a0pelo n\u00famero\u00a0<a href=\"https:\/\/api.whatsapp.com\/send?phone=5567992074330&amp;text=Quero+falar+com+o+Jornal\"><strong>(67) 99207-4330<\/strong><\/a>. O canal de comunica\u00e7\u00e3o serve para os leitores falarem com os\u00a0jornalistas. Se preferir, voc\u00ea tamb\u00e9m pode\u00a0<a href=\"https:\/\/www.messenger.com\/t\/midiamax\">falar com o Jornal direto no Messenger do Facebook.<\/a><\/p>\n<\/blockquote>\n<p class=\"wp-block-paragraph\">(Revis\u00e3o: D\u00e1fini Lisboa)<\/p>\n<p class=\"wp-block-paragraph\">Mdiamax<\/p>\n<p><!-- bloco-portais-jbr --><\/p>\n<div class=\"box-portais-jbr\" style=\"border:1px solid #e0e0e0;padding:16px 18px;margin:24px 0;border-radius:8px;background:#f9f9f9;font-size:0.95rem;\">\n<p style=\"margin:0 0 10px 0;font-weight:600;\">\n        Continue sempre bem informado acessando nossos portais:\n    <\/p>\n<ul style=\"margin:0;padding-left:20px;\">\n<li style=\"margin-bottom:8px;\">\n            <strong><a href=\"https:\/\/jornaldiadia.com.br\/\" target=\"_blank\" rel=\"noopener\" style=\"text-decoration:none;\">Jornal Dia Dia<\/a><\/strong> \u2013<br \/>\n            Sua fonte confi\u00e1vel para as melhores not\u00edcias e artigos \u00fateis. Fique por dentro dos acontecimentos mais importantes, dicas pr\u00e1ticas e conte\u00fados de qualidade.\n        <\/li>\n<li style=\"margin-bottom:8px;\">\n            <strong><a href=\"https:\/\/jbr.jor.br\/\" target=\"_blank\" rel=\"noopener\" style=\"text-decoration:none;\">Jornal Brasil Regional (JBR)<\/a><\/strong> \u2013<br \/>\n            O pulso do pa\u00eds em tempo real. Not\u00edcias nacionais, regionais e internacionais com \u00e9tica e credibilidade.\n        <\/li>\n<li style=\"margin-bottom:8px;\">\n            <strong><a href=\"https:\/\/castilho.jor.br\/\" target=\"_blank\" rel=\"noopener\" style=\"text-decoration:none;\">Castilho Not\u00edcias (News)<\/a><\/strong> \u2013<br \/>\n            O seu di\u00e1rio local com cobertura de Castilho e Regi\u00e3o (SP). Jornalismo com credibilidade.\n        <\/li>\n<li style=\"margin-bottom:8px;\">\n            <strong><a href=\"https:\/\/casaejardim.net.br\/\" target=\"_blank\" rel=\"noopener\" style=\"text-decoration:none;\">Casa e Jardim<\/a><\/strong> \u2013<br \/>\n            Dicas exclusivas sobre decora\u00e7\u00e3o, jardinagem, arquitetura, DIY, reformas e muito mais. Tend\u00eancias, solu\u00e7\u00f5es pr\u00e1ticas e ideias criativas para todos os estilos e or\u00e7amentos.\n        <\/li>\n<li style=\"margin-bottom:0;\">\n            <strong><a href=\"https:\/\/b10.net.br\/\" target=\"_blank\" rel=\"noopener\" style=\"text-decoration:none;\">B10 Brasil<\/a><\/strong> \u2013<br \/>\n            As principais not\u00edcias, an\u00e1lises e insights sobre neg\u00f3cios, economia e soberania nacional. Conectando o Brasil ao mundo com intelig\u00eancia e estrat\u00e9gia.\n        <\/li>\n<\/ul>\n<\/div>\n<p><!-- \/bloco-portais-jbr --><\/div>\n","protected":false},"excerpt":{"rendered":"<p>Sistema S \u00e9 financiado com recursos de origem p\u00fablica, que podem chegar a R$ 60 milh\u00f5es este ano Gabriel Maymone \u2013 01\/09\/2026 \u2013 07:10 \u2013 S\u00e9rgio Longen, presidente da Fiems. (Madu Livramento, Midiamax) Manifesta\u00e7\u00e3o oficial do TCU (Tribunal de Contas da Uni\u00e3o) revela que o Sesi-MS (Servi\u00e7o Social da Ind\u00fastria<span class=\"more-link\"><a href=\"http:\/\/diadianews.com\/index.php\/2026\/09\/01\/fiems-em-3-anos-sesi-e-senai-repassaram-r-157-milhoes-para-gestao-de-longen-revela-tcu\/\">Continue Reading<\/a><\/span><\/p>\n","protected":false},"author":1,"featured_media":8167,"comment_status":"closed","ping_status":"closed","sticky":false,"template":"","format":"standard","meta":{"footnotes":""},"categories":[1],"tags":[],"class_list":["entry","author-valdei","post-8166","post","type-post","status-publish","format-standard","has-post-thumbnail","category-news-do-dia"],"_links":{"self":[{"href":"http:\/\/diadianews.com\/index.php\/wp-json\/wp\/v2\/posts\/8166","targetHints":{"allow":["GET"]}}],"collection":[{"href":"http:\/\/diadianews.com\/index.php\/wp-json\/wp\/v2\/posts"}],"about":[{"href":"http:\/\/diadianews.com\/index.php\/wp-json\/wp\/v2\/types\/post"}],"author":[{"embeddable":true,"href":"http:\/\/diadianews.com\/index.php\/wp-json\/wp\/v2\/users\/1"}],"replies":[{"embeddable":true,"href":"http:\/\/diadianews.com\/index.php\/wp-json\/wp\/v2\/comments?post=8166"}],"version-history":[{"count":0,"href":"http:\/\/diadianews.com\/index.php\/wp-json\/wp\/v2\/posts\/8166\/revisions"}],"wp:featuredmedia":[{"embeddable":true,"href":"http:\/\/diadianews.com\/index.php\/wp-json\/wp\/v2\/media\/8167"}],"wp:attachment":[{"href":"http:\/\/diadianews.com\/index.php\/wp-json\/wp\/v2\/media?parent=8166"}],"wp:term":[{"taxonomy":"category","embeddable":true,"href":"http:\/\/diadianews.com\/index.php\/wp-json\/wp\/v2\/categories?post=8166"},{"taxonomy":"post_tag","embeddable":true,"href":"http:\/\/diadianews.com\/index.php\/wp-json\/wp\/v2\/tags?post=8166"}],"curies":[{"name":"wp","href":"https:\/\/api.w.org\/{rel}","templated":true}]}}